{"id":12924,"date":"2014-01-20T16:42:23","date_gmt":"2014-01-20T14:42:23","guid":{"rendered":"http:\/\/www.bbyhaber.com\/bby\/?p=12924"},"modified":"2014-02-20T13:49:15","modified_gmt":"2014-02-20T11:49:15","slug":"halk-kutuphanelerinin-sonunu-hazirliyorlar-seref-eker","status":"publish","type":"post","link":"https:\/\/www.bbyhaber.com\/bby\/2014\/01\/20\/halk-kutuphanelerinin-sonunu-hazirliyorlar-seref-eker","title":{"rendered":"Halk k\u00fct\u00fcphanelerinin sonunu haz\u0131rl\u0131yorlar-\u015eeref EKER"},"content":{"rendered":"<p style=\"text-align: justify;\">\u015eeref EKER*-K\u00fclt\u00fcr ve Turizm Bakanl\u0131\u011f\u0131nda Devlet Tiyatrolar\u0131n\u0131n \u201ct\u00fczel kimli\u011fini\u201d kald\u0131ran yasa tasar\u0131s\u0131 tasla\u011f\u0131 \u00e7al\u0131\u015fmalar\u0131 s\u00fcrerken, daha \u00f6nce \u201ckad\u00fck\u201d olan ve bakanl\u0131\u011f\u0131n ta\u015fra te\u015fkilat\u0131nda bulunan halk k\u00fct\u00fcphaneleri, m\u00fczeler ile g\u00fczel sanat galerilerinin de il \u00f6zel idareleri ve belediyelere devredilmesini \u00f6ng\u00f6ren tasar\u0131 yeniden g\u00fcndeme geldi.<!--more--><\/p>\n<p style=\"text-align: justify;\">Halk k\u00fct\u00fcphaneleri; kad\u0131n, erkek, her ya\u015ftan, her d\u00fczeyde ve her meslekten okuyucunun, her konudaki d\u00fc\u015f\u00fcn ve sanat \u00fcr\u00fcnlerinden paras\u0131z ve \u00f6zg\u00fcrce yararlanmas\u0131n\u0131 sa\u011flayarak bulunduklar\u0131 b\u00f6lgenin k\u00fclt\u00fcrel, toplumsal ve teknik kalk\u0131nmas\u0131na yard\u0131mc\u0131 olan kurumlard\u0131r. En son K\u00fclt\u00fcr ve Turizm Bakanl\u0131\u011f\u0131 verilerine g\u00f6re yerel y\u00f6netimlere devredilen 321 halk k\u00fct\u00fcphanesi ilgisizlik, personel yetersizli\u011fi ve \u00f6denek yoklu\u011fu nedeniyle kapanmak zorunda kald\u0131. T\u00fcrkiye\u2019de bug\u00fcnk\u00fc yerel y\u00f6netim yap\u0131s\u0131nda ve mevcut halk k\u00fct\u00fcphanesi mevzuat\u0131 ve di\u011fer ba\u011flay\u0131c\u0131 mevzuatla halk k\u00fct\u00fcphanelerinin belediyelere devredilmesinin \u00e7ok ciddi ve onar\u0131lamaz bir yanl\u0131\u015fl\u0131k olaca\u011f\u0131 a\u00e7\u0131k. B\u00f6ylesi bir de\u011fi\u015fim halk k\u00fct\u00fcphanelerinin b\u00fcy\u00fck \u00f6l\u00e7\u00fcde sonu olacakt\u0131r. \u00c7\u00fcnk\u00fc;<\/p>\n<p style=\"text-align: justify;\">1. Halk K\u00fct\u00fcphanesi hizmetlerinin yerel y\u00f6netimler taraf\u0131ndan hangi ilkeler \u00e7er\u00e7evesinde organize edilece\u011fini a\u00e7\u0131klayan bir yasa ya da kapsay\u0131c\u0131 bir mevzuat yoktur. Dolay\u0131s\u0131yla TBMM\u2019den ge\u00e7irilecek bir\/birka\u00e7 de\u011fi\u015fiklik maddesi ile halk k\u00fct\u00fcphanelerini devralacak yerel y\u00f6netimler buna haz\u0131r de\u011fildir. Yani bir halk k\u00fct\u00fcphanesi yasas\u0131 olmadan, hukuksal altyap\u0131s\u0131 olu\u015fturulmadan 1-2 madde ile ger\u00e7ekle\u015ftirilecek devir geriye d\u00f6n\u00fc\u015f\u00fc olanaks\u0131z yanl\u0131\u015fl\u0131klara neden olacakt\u0131r.<br \/>\n2. Hele, il halk k\u00fct\u00fcphanelerini Bakanl\u0131kta b\u0131rak\u0131p il\u00e7e halk k\u00fct\u00fcphanelerinin belediyelere devri gibi halk k\u00fct\u00fcphanesi sistem b\u00fct\u00fcnl\u00fc\u011f\u00fcn\u00fc bozacak bir uygulama t\u00fcmden yanl\u0131\u015f ve son derece sak\u0131ncal\u0131 olacakt\u0131r. D\u00fcnyada b\u00f6yle bir sistem yoktur. Gerek y\u00f6netimsel gerekse teknik olarak tam bir karma\u015fa anlam\u0131na gelen b\u00f6ylesi bir d\u00fczenleme d\u00fc\u015f\u00fcncesinden hemen vazge\u00e7ilmelidir.<br \/>\n3. De\u011fi\u015fikli\u011fin ya\u015fama ge\u00e7irilmesiyle, b\u00fcy\u00fck \u00f6l\u00e7\u00fcde yerel y\u00f6neticilerin ki\u015fisel y\u00f6nelim ve duyarl\u0131klar\u0131yla hareket edilecek, il\u00e7elerin \u00e7ok b\u00fcy\u00fck b\u00f6l\u00fcm\u00fcnde halk k\u00fct\u00fcphanesi hizmetleri bug\u00fcnk\u00fc yap\u0131s\u0131n\u0131n ve d\u00fczeyinin dahi gerisine d\u00fc\u015fecektir. Ayr\u0131ca, halk k\u00fct\u00fcphaneleri aras\u0131nda b\u00fcy\u00fck geli\u015fmi\u015flik farklar\u0131 (standardizasyon) ortaya \u00e7\u0131kacakt\u0131r.<br \/>\n4. Politik getirisi olmad\u0131\u011f\u0131ndan hareketle k\u00fct\u00fcphane hizmetlerine yeterli finansal kaynak ayr\u0131lmayacakt\u0131r.<br \/>\n5. K\u00fct\u00fcphaneler her konuda k\u0131s\u0131r politikalar\u0131n etkisine girecektir.<br \/>\n6. K\u00fct\u00fcphane binalar\u0131 ve personeli ba\u015fka ama\u00e7lar i\u00e7in kullan\u0131labilecektir.<br \/>\n7. Derleme ve koleksiyon olu\u015fturulmas\u0131 bu anlamda yetersiz yerel y\u00f6neticilerin ki\u015fisel politik y\u00f6nelimleri do\u011frultusunda olacakt\u0131r.<br \/>\n8. Ayr\u0131ca bug\u00fcn 321 halk k\u00fct\u00fcphanesi nas\u0131l ilgisizlik, personel yetersizli\u011fi ve \u00f6denek yoklu\u011fu nedeniyle kapat\u0131lm\u0131\u015fsa di\u011ferleri de kapanmak zorunda kalacakt\u0131r.<br \/>\n9. Halk k\u00fct\u00fcphanelerinde \u00e7al\u0131\u015fan yeti\u015fmi\u015f ihtisas elemanlar\u0131n\u0131n \u00f6zl\u00fck haklar\u0131 zaten k\u00f6t\u00fc durumda iken b\u00f6ylesi bir uygulama bu meslek grubunun \u00f6nce itibars\u0131zla\u015fmas\u0131na sonras\u0131nda yok olmas\u0131na neden olacakt\u0131r.<\/p>\n<p style=\"text-align: justify;\">AKP H\u00fck\u00fcmeti \u00f6nce bir kurumu ve personelini itibars\u0131zla\u015ft\u0131r\u0131p, antidemokratik bir \u015fekilde, hi\u00e7bir sendikan\u0131n, bilim adam\u0131n\u0131n, sivil toplum \u00f6rg\u00fct\u00fcn\u00fcn g\u00f6r\u00fc\u015f\u00fcn\u00fc almadan yasal d\u00fczenleme yapmay\u0131 al\u0131\u015fkanl\u0131k haline getirdi. \u201cBen yapt\u0131m oldu\u201d anlay\u0131\u015f\u0131 ile hareket eden, kendi ideolojisi d\u0131\u015f\u0131nda hi\u00e7 kimseyi dinlemeyen bu anti demokratik anlay\u0131\u015f ne yaz\u0131k ki \u015fimdi de k\u00fclt\u00fcr alan\u0131na elini att\u0131.<\/p>\n<p style=\"text-align: justify;\"><strong><em>(*) K\u00fclt\u00fcr Sanat-Sen MYK \u00dcyesi<\/em><br \/>\n<\/strong><\/p>\n<div style=\"text-align: justify;\">\n<p>Kaynak: www.evrensel.net<\/p>\n<\/div>\n","protected":false},"excerpt":{"rendered":"<p>\u015eeref EKER*-K\u00fclt\u00fcr ve Turizm Bakanl\u0131\u011f\u0131nda Devlet Tiyatrolar\u0131n\u0131n \u201ct\u00fczel kimli\u011fini\u201d kald\u0131ran yasa tasar\u0131s\u0131 tasla\u011f\u0131 \u00e7al\u0131\u015fmalar\u0131 s\u00fcrerken, daha \u00f6nce \u201ckad\u00fck\u201d olan ve bakanl\u0131\u011f\u0131n ta\u015fra te\u015fkilat\u0131nda bulunan halk k\u00fct\u00fcphaneleri, m\u00fczeler ile g\u00fczel sanat galerilerinin de il \u00f6zel idareleri ve belediyelere devredilmesini \u00f6ng\u00f6ren tasar\u0131 yeniden g\u00fcndeme geldi.<\/p>\n","protected":false},"author":1,"featured_media":0,"comment_status":"open","ping_status":"open","sticky":false,"template":"","format":"standard","meta":{"footnotes":""},"categories":[1],"tags":[1398,848,368],"class_list":["post-12924","post","type-post","status-publish","format-standard","hentry","category-genel","tag-bby-ozluk-haklari","tag-halk-kutuphaneleri","tag-halk-kutuphanelerinin-devri"],"_links":{"self":[{"href":"https:\/\/www.bbyhaber.com\/bby\/wp-json\/wp\/v2\/posts\/12924"}],"collection":[{"href":"https:\/\/www.bbyhaber.com\/bby\/wp-json\/wp\/v2\/posts"}],"about":[{"href":"https:\/\/www.bbyhaber.com\/bby\/wp-json\/wp\/v2\/types\/post"}],"author":[{"embeddable":true,"href":"https:\/\/www.bbyhaber.com\/bby\/wp-json\/wp\/v2\/users\/1"}],"replies":[{"embeddable":true,"href":"https:\/\/www.bbyhaber.com\/bby\/wp-json\/wp\/v2\/comments?post=12924"}],"version-history":[{"count":0,"href":"https:\/\/www.bbyhaber.com\/bby\/wp-json\/wp\/v2\/posts\/12924\/revisions"}],"wp:attachment":[{"href":"https:\/\/www.bbyhaber.com\/bby\/wp-json\/wp\/v2\/media?parent=12924"}],"wp:term":[{"taxonomy":"category","embeddable":true,"href":"https:\/\/www.bbyhaber.com\/bby\/wp-json\/wp\/v2\/categories?post=12924"},{"taxonomy":"post_tag","embeddable":true,"href":"https:\/\/www.bbyhaber.com\/bby\/wp-json\/wp\/v2\/tags?post=12924"}],"curies":[{"name":"wp","href":"https:\/\/api.w.org\/{rel}","templated":true}]}}