{"id":12920,"date":"2014-01-20T13:41:06","date_gmt":"2014-01-20T11:41:06","guid":{"rendered":"http:\/\/www.bbyhaber.com\/bby\/?p=12920"},"modified":"2014-01-20T13:42:42","modified_gmt":"2014-01-20T11:42:42","slug":"sira-disi-okur","status":"publish","type":"post","link":"https:\/\/www.bbyhaber.com\/bby\/2014\/01\/20\/sira-disi-okur","title":{"rendered":"S\u0131ra d\u0131\u015f\u0131 okur"},"content":{"rendered":"<p style=\"text-align: justify;\"><img loading=\"lazy\" decoding=\"async\" class=\"alignleft\" src=\"http:\/\/www.bilecikhaber.com.tr\/images2\/img\/4489\/Image\/3(92).jpg\" alt=\"\" width=\"250\" height=\"150\" \/>Bilecik&#8217;in G\u00f6lpazar\u0131 il\u00e7esine ba\u011fl\u0131 Kur\u015funlu k\u00f6y\u00fcnde \u00e7ift\u00e7ilik, besicilik ve ar\u0131c\u0131l\u0131k yaparak \u00fcretti\u011fi \u00fcr\u00fcnleri pazarda satan 52 ya\u015f\u0131ndaki &#8220;S\u0131ra d\u0131\u015f\u0131 okur&#8221; unvan\u0131 sahibi kad\u0131n, k\u00f6y\u00fcnden \u00e7\u0131kmadan d\u00fcnyay\u0131 okuyor. K\u00fclt\u00fcr ve Turizm Bakanl\u0131\u011f\u0131 K\u00fct\u00fcphaneler ve Yay\u0131mlar Genel M\u00fcd\u00fcrl\u00fc\u011f\u00fcnce &#8220;S\u0131ra d\u0131\u015f\u0131 okur&#8221; unvan\u0131yla \u00f6d\u00fcllendirilen Bedriye Engin, AA muhabirine, biri hukuk fak\u00fcltesi \u00f6\u011frencisi, di\u011ferleri hem\u015fire ve esnaf olmak \u00fczere \u00fc\u00e7 \u00e7ocuk sahibi oldu\u011funu belirterek, e\u015fiyle birlikte \u00e7ift\u00e7ilik, ar\u0131c\u0131l\u0131k yaparak \u00fcrettikleri \u00fcr\u00fcnleri halk pazar\u0131nda satarak ge\u00e7imlerini s\u00fcrd\u00fcrd\u00fcklerini kaydetti.<!--more--><\/p>\n<p style=\"text-align: justify;\">Kitap okuma al\u0131\u015fkanl\u0131\u011f\u0131n\u0131n k\u00fc\u00e7\u00fck ya\u015flarda babas\u0131n\u0131n okudu\u011fu gazetelerle ba\u015flad\u0131\u011f\u0131n\u0131 ifade eden Engin, \u015f\u00f6yle konu\u015ftu:<\/p>\n<p style=\"text-align: justify;\">&#8220;Bilecik Halk K\u00fct\u00fcphanesi M\u00fcd\u00fcr\u00fc P\u0131nar Dengiz taraf\u0131ndan halk pazar\u0131ndaki tezgah\u0131nda sat\u0131\u015f yaparken ke\u015ffedildim. 2010 y\u0131l\u0131nda Bilecik K\u00fct\u00fcphanesince &#8216;En \u00c7ok Kitap Okuyan Yeti\u015fkin&#8217; \u00f6d\u00fcl\u00fcne, 2011 y\u0131l\u0131nda ise K\u00fclt\u00fcr ve Turizm Bakanl\u0131\u011f\u0131 K\u00fct\u00fcphaneler ve Yay\u0131mlar Genel M\u00fcd\u00fcrl\u00fc\u011f\u00fcnce &#8216;S\u0131ra d\u0131\u015f\u0131 okur&#8217; unvan\u0131na lay\u0131k g\u00f6r\u00fcld\u00fcm. Kitap okumak bana b\u00fcy\u00fck kap\u0131lar a\u00e7t\u0131. Hi\u00e7 ula\u015famayaca\u011f\u0131m yerlere geldim. Hayat\u0131m\u0131n hi\u00e7bir d\u00f6nemi kitaps\u0131z olmad\u0131. Hayat\u0131m\u0131n her d\u00f6neminde kitap vard\u0131.<\/p>\n<p style=\"text-align: justify;\">&#8220;\u00c7ocukken gazeteci olmak isterdim&#8221;<\/p>\n<p style=\"text-align: justify;\"><img loading=\"lazy\" decoding=\"async\" class=\"alignleft\" src=\"http:\/\/www.bilecikhaber.com.tr\/images2\/img\/4489\/Image\/1(237).jpg\" alt=\"\" width=\"349\" height=\"232\" \/>Engin, k\u00fc\u00e7\u00fckl\u00fc\u011f\u00fcnde en b\u00fcy\u00fck hayalinin gazeteci, daha sonra da akaryak\u0131t istasyonu i\u015fletmeyi arzu etti\u011fini anlatarak, \u015f\u00f6yle devam etti:<\/p>\n<p style=\"text-align: justify;\">&#8220;Kad\u0131nlar\u0131n mutlaka kitap okumas\u0131 gerekti\u011fine inan\u0131yorum. \u00c7\u00fcnk\u00fc \u00e7ocuk yeti\u015ftiriyorsun, onlar\u0131 e\u011fitme ve onlar\u0131n gelecekleri a\u00e7\u0131s\u0131ndan mutlaka okumak gerekti\u011fine inan\u0131yorum. Kitap okumayan insan, ne kaybetti\u011finin de bilincinde de\u011fil. Halk\u0131 kitap okumaya te\u015fvik etmek i\u00e7in yeni stratejiler d\u00fc\u015f\u00fcnd\u00fcm. Kentte g\u00fcn\u00fcn yar\u0131s\u0131n\u0131 kuaf\u00f6rde ge\u00e7iren kad\u0131nlar tan\u0131yorum. K\u00f6yde, k\u0131rsal alanda da oya yaparak vakit ge\u00e7iren kad\u0131nlar var. Orada ge\u00e7irdi\u011fi zaman\u0131 okuyarak ge\u00e7irse ke\u015fke.&#8221;<\/p>\n<p style=\"text-align: justify;\">&#8211; &#8220;6 y\u0131ld\u0131r, Osmanl\u0131 tarihi \u00fczerine kitap okuyorum&#8221;<\/p>\n<p style=\"text-align: justify;\">Engin, 6 y\u0131l\u0131 a\u015fk\u0131n bir s\u00fcredir Osmanl\u0131 tarihi \u00fczerinde kitaplar okudu\u011funu ve bunu kendince bir \u00f6dev kabul etti\u011fine de\u011findi.<\/p>\n<p style=\"text-align: justify;\">Yakla\u015f\u0131k 2 y\u0131ld\u0131r Yavuz Sultan Selim d\u00f6nemini okudu\u011funu dile getiren Engin, &#8220;Osmanl\u0131 tarihini adeta kendime verdi\u011fim bir \u00f6dev. Padi\u015fahlar\u0131 s\u0131rayla okuyorum. \u015eimdi o padi\u015fah hakk\u0131nda k\u00fct\u00fcphanede ne kadar kitap bulursam hepsini s\u0131ras\u0131yla okuyorum. Dizi izleyemiyorum, benim \u00f6yle devaml\u0131 takip etti\u011fim hi\u00e7 dizim yok. &#8216;Muhte\u015fem Y\u00fczy\u0131l&#8217;\u0131 izlemeye ba\u015flad\u0131m ama kitaplardan sonra komik geldi, b\u0131rakt\u0131m&#8221; dedi.<\/p>\n<p style=\"text-align: justify;\">Kaynak: http:\/\/www.bilecikhaber.com.tr\/<\/p>\n","protected":false},"excerpt":{"rendered":"<p>Bilecik&#8217;in G\u00f6lpazar\u0131 il\u00e7esine ba\u011fl\u0131 Kur\u015funlu k\u00f6y\u00fcnde \u00e7ift\u00e7ilik, besicilik ve ar\u0131c\u0131l\u0131k yaparak \u00fcretti\u011fi \u00fcr\u00fcnleri pazarda satan 52 ya\u015f\u0131ndaki &#8220;S\u0131ra d\u0131\u015f\u0131 okur&#8221; unvan\u0131 sahibi kad\u0131n, k\u00f6y\u00fcnden \u00e7\u0131kmadan d\u00fcnyay\u0131 okuyor. K\u00fclt\u00fcr ve Turizm Bakanl\u0131\u011f\u0131 K\u00fct\u00fcphaneler ve Yay\u0131mlar Genel M\u00fcd\u00fcrl\u00fc\u011f\u00fcnce &#8220;S\u0131ra d\u0131\u015f\u0131 okur&#8221; unvan\u0131yla \u00f6d\u00fcllendirilen Bedriye Engin, AA muhabirine, biri hukuk fak\u00fcltesi \u00f6\u011frencisi, di\u011ferleri hem\u015fire ve esnaf olmak \u00fczere [&hellip;]<\/p>\n","protected":false},"author":1,"featured_media":0,"comment_status":"open","ping_status":"open","sticky":false,"template":"","format":"standard","meta":{"footnotes":""},"categories":[1],"tags":[848],"class_list":["post-12920","post","type-post","status-publish","format-standard","hentry","category-genel","tag-halk-kutuphaneleri"],"_links":{"self":[{"href":"https:\/\/www.bbyhaber.com\/bby\/wp-json\/wp\/v2\/posts\/12920"}],"collection":[{"href":"https:\/\/www.bbyhaber.com\/bby\/wp-json\/wp\/v2\/posts"}],"about":[{"href":"https:\/\/www.bbyhaber.com\/bby\/wp-json\/wp\/v2\/types\/post"}],"author":[{"embeddable":true,"href":"https:\/\/www.bbyhaber.com\/bby\/wp-json\/wp\/v2\/users\/1"}],"replies":[{"embeddable":true,"href":"https:\/\/www.bbyhaber.com\/bby\/wp-json\/wp\/v2\/comments?post=12920"}],"version-history":[{"count":0,"href":"https:\/\/www.bbyhaber.com\/bby\/wp-json\/wp\/v2\/posts\/12920\/revisions"}],"wp:attachment":[{"href":"https:\/\/www.bbyhaber.com\/bby\/wp-json\/wp\/v2\/media?parent=12920"}],"wp:term":[{"taxonomy":"category","embeddable":true,"href":"https:\/\/www.bbyhaber.com\/bby\/wp-json\/wp\/v2\/categories?post=12920"},{"taxonomy":"post_tag","embeddable":true,"href":"https:\/\/www.bbyhaber.com\/bby\/wp-json\/wp\/v2\/tags?post=12920"}],"curies":[{"name":"wp","href":"https:\/\/api.w.org\/{rel}","templated":true}]}}