{"id":12913,"date":"2014-01-17T22:11:45","date_gmt":"2014-01-17T20:11:45","guid":{"rendered":"http:\/\/www.bbyhaber.com\/bby\/?p=12913"},"modified":"2014-01-17T22:11:45","modified_gmt":"2014-01-17T20:11:45","slug":"kutuphane-ek-binasi-martta-aciliyor","status":"publish","type":"post","link":"https:\/\/www.bbyhaber.com\/bby\/2014\/01\/17\/kutuphane-ek-binasi-martta-aciliyor","title":{"rendered":"K\u00fct\u00fcphane Ek Binas\u0131 Martta A\u00e7\u0131l\u0131yor"},"content":{"rendered":"<p style=\"text-align: justify;\"><span style=\"color: #000000; font-family: Tahoma, Geneva, sans-serif; font-size: 12px; font-style: normal; font-variant: normal; font-weight: normal; letter-spacing: normal; line-height: 18px; orphans: auto; text-align: start; text-indent: 0px; text-transform: none; white-space: normal; widows: auto; word-spacing: 0px; -webkit-text-stroke-width: 0px; background-color: #ffffff; display: inline !important; float: none;\"><img loading=\"lazy\" decoding=\"async\" class=\"alignleft\" src=\"http:\/\/www.habersakarya.com\/uploads\/images\/53076_1.jpg\" alt=\"\" width=\"300\" height=\"225\" \/>\u00d6\u011frenci say\u0131s\u0131n\u0131n 70 bine ula\u015ft\u0131\u011f\u0131 Sakarya \u00dcniversitesi\u2019nde Merkez K\u00fct\u00fcphane art\u0131k yetersiz kal\u0131yor. \u00d6zellikle vize ve final d\u00f6nemlerinde \u00f6\u011frencilerin yer bulmakta s\u0131k\u0131nt\u0131 \u00e7ekti\u011fi K\u00fct\u00fcphane i\u00e7in yap\u0131m\u0131na ba\u015flanan ek binan\u0131n Mart ay\u0131nda hizmete girmesi bekleniyor.<\/span> <span style=\"color: #000000; font-family: Tahoma, Geneva, sans-serif; font-size: 12px; font-style: normal; font-variant: normal; font-weight: normal; letter-spacing: normal; line-height: 18px; orphans: auto; text-align: start; text-indent: 0px; text-transform: none; white-space: normal; widows: auto; word-spacing: 0px; -webkit-text-stroke-width: 0px; background-color: #ffffff; display: inline !important; float: none;\">Yap\u0131m\u0131 devam eden ek bina 3 katl\u0131 ve yakla\u015f\u0131k 750 ki\u015filik bir kapasitesi olacak. Giri\u015f katta grup \u00e7al\u0131\u015fma odalar\u0131, gazete b\u00f6l\u00fcm\u00fc, 2. katta s\u00fcreli yay\u0131nlar ve \u00e7al\u0131\u015fma alan\u0131,<!--more--> 3.katta ise bireysel \u00e7al\u0131\u015fma salonu olmas\u0131 planlan\u0131yor. Led \u0131\u015f\u0131kland\u0131rma sistemi kullanacak olan ek bina 7 g\u00fcn 24 saat a\u00e7\u0131k olacak. Ayn\u0131 zamanda kablosuz a\u011f ba\u011flant\u0131s\u0131 ile \u00f6\u011frencilere s\u00fcrekli bir internet ba\u011flant\u0131s\u0131 sa\u011flanacak.<\/span><br style=\"color: #000000; font-family: Tahoma, Geneva, sans-serif; font-size: 12px; font-style: normal; font-variant: normal; font-weight: normal; letter-spacing: normal; line-height: 18px; orphans: auto; text-align: start; text-indent: 0px; text-transform: none; white-space: normal; widows: auto; word-spacing: 0px; -webkit-text-stroke-width: 0px; background-color: #ffffff;\" \/><br style=\"color: #000000; font-family: Tahoma, Geneva, sans-serif; font-size: 12px; font-style: normal; font-variant: normal; font-weight: normal; letter-spacing: normal; line-height: 18px; orphans: auto; text-align: start; text-indent: 0px; text-transform: none; white-space: normal; widows: auto; word-spacing: 0px; -webkit-text-stroke-width: 0px; background-color: #ffffff;\" \/><span style=\"color: #000000; font-family: Tahoma, Geneva, sans-serif; font-size: 12px; font-style: normal; font-variant: normal; font-weight: normal; letter-spacing: normal; line-height: 18px; orphans: auto; text-align: start; text-indent: 0px; text-transform: none; white-space: normal; widows: auto; word-spacing: 0px; -webkit-text-stroke-width: 0px; background-color: #ffffff; display: inline !important; float: none;\">Merkez K\u00fct\u00fcphane\u2019de bas\u0131l\u0131 ve elektronik olmak \u00fczere 4,5 milyona yak\u0131n kaynak bulunmakta. \u00d6\u011frenciler elektronik kaynaklara internet \u00fczerinde \u00f6\u011frenci numaralar\u0131n\u0131 ve \u015fifrelerini girerek ula\u015fabiliyor.<\/span><\/p>\n<p style=\"text-align: justify;\">Kaynak: http:\/\/www.habersakarya.com\/<\/p>\n","protected":false},"excerpt":{"rendered":"<p>\u00d6\u011frenci say\u0131s\u0131n\u0131n 70 bine ula\u015ft\u0131\u011f\u0131 Sakarya \u00dcniversitesi\u2019nde Merkez K\u00fct\u00fcphane art\u0131k yetersiz kal\u0131yor. \u00d6zellikle vize ve final d\u00f6nemlerinde \u00f6\u011frencilerin yer bulmakta s\u0131k\u0131nt\u0131 \u00e7ekti\u011fi K\u00fct\u00fcphane i\u00e7in yap\u0131m\u0131na ba\u015flanan ek binan\u0131n Mart ay\u0131nda hizmete girmesi bekleniyor. Yap\u0131m\u0131 devam eden ek bina 3 katl\u0131 ve yakla\u015f\u0131k 750 ki\u015filik bir kapasitesi olacak. Giri\u015f katta grup \u00e7al\u0131\u015fma odalar\u0131, gazete b\u00f6l\u00fcm\u00fc, 2. [&hellip;]<\/p>\n","protected":false},"author":1,"featured_media":0,"comment_status":"open","ping_status":"open","sticky":false,"template":"","format":"standard","meta":{"footnotes":""},"categories":[1],"tags":[1437],"class_list":["post-12913","post","type-post","status-publish","format-standard","hentry","category-genel","tag-univ-arastirma-kutuphaneleri"],"_links":{"self":[{"href":"https:\/\/www.bbyhaber.com\/bby\/wp-json\/wp\/v2\/posts\/12913"}],"collection":[{"href":"https:\/\/www.bbyhaber.com\/bby\/wp-json\/wp\/v2\/posts"}],"about":[{"href":"https:\/\/www.bbyhaber.com\/bby\/wp-json\/wp\/v2\/types\/post"}],"author":[{"embeddable":true,"href":"https:\/\/www.bbyhaber.com\/bby\/wp-json\/wp\/v2\/users\/1"}],"replies":[{"embeddable":true,"href":"https:\/\/www.bbyhaber.com\/bby\/wp-json\/wp\/v2\/comments?post=12913"}],"version-history":[{"count":0,"href":"https:\/\/www.bbyhaber.com\/bby\/wp-json\/wp\/v2\/posts\/12913\/revisions"}],"wp:attachment":[{"href":"https:\/\/www.bbyhaber.com\/bby\/wp-json\/wp\/v2\/media?parent=12913"}],"wp:term":[{"taxonomy":"category","embeddable":true,"href":"https:\/\/www.bbyhaber.com\/bby\/wp-json\/wp\/v2\/categories?post=12913"},{"taxonomy":"post_tag","embeddable":true,"href":"https:\/\/www.bbyhaber.com\/bby\/wp-json\/wp\/v2\/tags?post=12913"}],"curies":[{"name":"wp","href":"https:\/\/api.w.org\/{rel}","templated":true}]}}