{"id":12904,"date":"2014-01-17T10:44:09","date_gmt":"2014-01-17T08:44:09","guid":{"rendered":"http:\/\/www.bbyhaber.com\/bby\/?p=12904"},"modified":"2014-02-10T17:41:29","modified_gmt":"2014-02-10T15:41:29","slug":"unesco-dunya-kitap-baskenti-2016-istanbul-adaylik-slogan-yarismasi","status":"publish","type":"post","link":"https:\/\/www.bbyhaber.com\/bby\/2014\/01\/17\/unesco-dunya-kitap-baskenti-2016-istanbul-adaylik-slogan-yarismasi","title":{"rendered":"UNESCO D\u00fcnya Kitap Ba\u015fkenti 2016 \u0130stanbul \/ Adayl\u0131k Slogan Yar\u0131\u015fmas\u0131"},"content":{"rendered":"<p style=\"text-align: justify;\"><img loading=\"lazy\" decoding=\"async\" class=\"alignleft\" src=\"http:\/\/www.2eylul.com.tr\/images\/haberler\/unesco_nedir_h1951.jpg\" alt=\"\" width=\"226\" height=\"117\" \/>2001 y\u0131l\u0131ndan beri her y\u0131l UNESCO taraf\u0131ndan bir kent, D\u00fcnya Kitap Ba\u015fkenti olarak ilan edilmekte ve o y\u0131l boyu kitap, k\u00fct\u00fcphane, yay\u0131nc\u0131l\u0131k vb. alanlarda \u00e7ok \u00e7e\u015fitli faaliyetlere 365 g\u00fcn boyunca ev sahipli\u011fi yapmaktad\u0131r. Bu y\u0131l Nisan ay\u0131nda, \u0130stanbul\u2019un 2016 adayl\u0131\u011f\u0131 i\u00e7in\u00a0 ba\u015fvuru yap\u0131lmas\u0131 planlanmaktad\u0131r.\u00a0 \u0130stanbul B\u00fcy\u00fck\u015fehir Belediyesinin, aday kent olarak ba\u015fvuraca\u011f\u0131 bu uluslararas\u0131 etkinlikte <!--more-->bir slogan ile ba\u015fvuru dosyas\u0131n\u0131n tamamlanmas\u0131 gerekmektedir. Bu ama\u00e7la, \u201cUNESCO D\u00fcnya Kitap Ba\u015fkenti 2016 \u0130stanbul \/ Adayl\u0131k Slogan Yar\u0131\u015fmas\u0131\u201d a\u00e7\u0131lm\u0131\u015ft\u0131r. Bilgi ve Belge Y\u00f6netimi alan\u0131nda \u00e7al\u0131\u015fan herkese a\u00e7\u0131k olan slogan yar\u0131\u015fmas\u0131na, bu alanda \u00f6\u011frenim g\u00f6rmekte olan \u00f6\u011frenciler de kat\u0131labilecektir.<\/p>\n<p><strong><span style=\"color: #0000ff;\">15 \u015eubat 2014 Cumartesi g\u00fcn\u00fc saat 24.00<\/span><\/strong>\u2019e dek, a\u015fa\u011f\u0131da belirtilen ba\u011flant\u0131 kullan\u0131larak slogan g\u00f6nderilebilir. Yar\u0131\u015fma ile ilgili dikkat edilecek noktalar \u015fu \u015fekilde s\u0131ralanmaktad\u0131r:<\/p>\n<ul>\n<li>\u00a0\u00a0\u00a0 Her yar\u0131\u015fmac\u0131 tek sloganla yar\u0131\u015fmaya kat\u0131labilir. Kat\u0131l\u0131mlar bireysel yap\u0131lmal\u0131d\u0131r.<\/li>\n<\/ul>\n<ul>\n<li>\u00a0\u00a0\u00a0 Belirtilen linkte bulunan her alan a\u00e7\u0131k\u00e7a doldurulmal\u0131d\u0131r. Bu link kullan\u0131lmadan yap\u0131lan ba\u015fvurular kabul edilmeyecektir.<\/li>\n<\/ul>\n<ul>\n<li>\u00a0\u00a0\u00a0 T\u00fcrk\u00e7e imla kurallar\u0131na uygun, k\u0131sa, net, anla\u015f\u0131l\u0131r ve \u00e7arp\u0131c\u0131 bir slogan bulunmal\u0131d\u0131r.<\/li>\n<\/ul>\n<ul>\n<li>\u00a0\u00a0\u00a0 Slogan \u201ckitap\u201d ana temal\u0131 olmal\u0131, tercihen \u0130stanbul\u2019un kitap ba\u015fkenti olmas\u0131n\u0131n nedenini yans\u0131tacak bir i\u00e7erik ta\u015f\u0131mal\u0131d\u0131r.<\/li>\n<\/ul>\n<ul>\n<li>\u00a0\u00a0\u00a0 Se\u00e7ici kurulun belirleyece\u011fi ilk 3 slogan, s\u00fcrpriz \u00f6d\u00fcllerle \u00f6d\u00fcllendirilecektir.<\/li>\n<\/ul>\n<ul>\n<li>\u00a0\u00a0 Se\u00e7ilen sloganlar kullan\u0131lmak \u00fczere \u00f6neri olarak UNESCO D\u00fcnya Kitap Ba\u015fkenti 2016 \u0130stanbul Adayl\u0131k Komitesine sunulacakt\u0131r. Komite taraf\u0131ndan onaylan\u0131rsa kullan\u0131lacakt\u0131r. Komite, slogan \u00fczerinde her t\u00fcr de\u011fi\u015fikli\u011fi yapma hakk\u0131na sahiptir.<\/li>\n<\/ul>\n<p style=\"text-align: justify;\"><a href=\"https:\/\/www.surveymonkey.com\/s\/YHKC652\" target=\"_blank\"><strong><span style=\"color: #0000ff;\">Kat\u0131l\u0131m i\u00e7in t\u0131klay\u0131n\u0131z<\/span><\/strong><\/a><\/p>\n<p>Fikir vermesi a\u00e7\u0131s\u0131ndan daha \u00f6nceki y\u0131llara ait kullan\u0131lm\u0131\u015f slogan \u00f6rnekleri a\u015fa\u011f\u0131dad\u0131r:<\/p>\n<p>-2014 D\u00fcnya Kitap Ba\u015fkenti Port Harcourt slogan\u0131: \u201cBooks: Windows to our World of Possibilities\u201d \u201cKitaplar: Olas\u0131l\u0131klar D\u00fcnyam\u0131z\u0131n Pencereleri\u201d<\/p>\n<p>-2013 D\u00fcnya Kitap Ba\u015fkenti Bangkok slogan\u0131: \u201cRead for Life\u201d \u201cHayat i\u00e7in Okuyun\u201d<\/p>\n<p>-2009 D\u00fcnya Kitap Ba\u015fkenti Beyrut slogan\u0131: \u201cReady for Read\u201d \u201cOkumak i\u00e7in Haz\u0131r Olun\u201d<\/p>\n<p>-2008 D\u00fcnya Kitap Ba\u015fkenti Amsterdam slogan\u0131: \u201cAmsterdam: Open Book\u201d \u201cAmsterdam: A\u00e7\u0131k Kitap\u201d<\/p>\n<p><em>UNESCO D\u00fcnya Kitap Ba\u015fkenti 2016 \u0130stanbul Adayl\u0131k Komitesi ad\u0131na<\/em><br \/>\n<em>Ramazan M\u0130NDER<\/em><br \/>\n<em>\u0130BB K\u00fct\u00fcphaneler ve M\u00fczeler M\u00fcd\u00fcr\u00fc<\/em><\/p>\n<p style=\"text-align: justify;\"><em>Ufuk MAZLUM<\/em><br \/>\n<em>Koordinat\u00f6r<\/em><br \/>\n<em>UNESCO D\u00fcnya Kitap Ba\u015fkenti \u0130stanbul<\/em><br \/>\n<em>Telefon:0212 249 95 65-249 09 45<\/em><\/p>\n","protected":false},"excerpt":{"rendered":"<p>2001 y\u0131l\u0131ndan beri her y\u0131l UNESCO taraf\u0131ndan bir kent, D\u00fcnya Kitap Ba\u015fkenti olarak ilan edilmekte ve o y\u0131l boyu kitap, k\u00fct\u00fcphane, yay\u0131nc\u0131l\u0131k vb. alanlarda \u00e7ok \u00e7e\u015fitli faaliyetlere 365 g\u00fcn boyunca ev sahipli\u011fi yapmaktad\u0131r. Bu y\u0131l Nisan ay\u0131nda, \u0130stanbul\u2019un 2016 adayl\u0131\u011f\u0131 i\u00e7in\u00a0 ba\u015fvuru yap\u0131lmas\u0131 planlanmaktad\u0131r.\u00a0 \u0130stanbul B\u00fcy\u00fck\u015fehir Belediyesinin, aday kent olarak ba\u015fvuraca\u011f\u0131 bu uluslararas\u0131 etkinlikte<\/p>\n","protected":false},"author":1,"featured_media":0,"comment_status":"open","ping_status":"open","sticky":false,"template":"","format":"standard","meta":{"footnotes":""},"categories":[1],"tags":[],"class_list":["post-12904","post","type-post","status-publish","format-standard","hentry","category-genel"],"_links":{"self":[{"href":"https:\/\/www.bbyhaber.com\/bby\/wp-json\/wp\/v2\/posts\/12904"}],"collection":[{"href":"https:\/\/www.bbyhaber.com\/bby\/wp-json\/wp\/v2\/posts"}],"about":[{"href":"https:\/\/www.bbyhaber.com\/bby\/wp-json\/wp\/v2\/types\/post"}],"author":[{"embeddable":true,"href":"https:\/\/www.bbyhaber.com\/bby\/wp-json\/wp\/v2\/users\/1"}],"replies":[{"embeddable":true,"href":"https:\/\/www.bbyhaber.com\/bby\/wp-json\/wp\/v2\/comments?post=12904"}],"version-history":[{"count":0,"href":"https:\/\/www.bbyhaber.com\/bby\/wp-json\/wp\/v2\/posts\/12904\/revisions"}],"wp:attachment":[{"href":"https:\/\/www.bbyhaber.com\/bby\/wp-json\/wp\/v2\/media?parent=12904"}],"wp:term":[{"taxonomy":"category","embeddable":true,"href":"https:\/\/www.bbyhaber.com\/bby\/wp-json\/wp\/v2\/categories?post=12904"},{"taxonomy":"post_tag","embeddable":true,"href":"https:\/\/www.bbyhaber.com\/bby\/wp-json\/wp\/v2\/tags?post=12904"}],"curies":[{"name":"wp","href":"https:\/\/api.w.org\/{rel}","templated":true}]}}