{"id":12901,"date":"2014-01-17T10:27:30","date_gmt":"2014-01-17T08:27:30","guid":{"rendered":"http:\/\/www.bbyhaber.com\/bby\/?p=12901"},"modified":"2014-01-17T10:27:30","modified_gmt":"2014-01-17T08:27:30","slug":"tkd-gaziantep-subesi-okuyucu-sayimiz-artiyor","status":"publish","type":"post","link":"https:\/\/www.bbyhaber.com\/bby\/2014\/01\/17\/tkd-gaziantep-subesi-okuyucu-sayimiz-artiyor","title":{"rendered":"TKD Gaziantep \u015eubesi: &#8220;Okuyucu say\u0131m\u0131z art\u0131yor&#8221;"},"content":{"rendered":"<p style=\"text-align: justify;\"><img loading=\"lazy\" decoding=\"async\" class=\"alignleft\" src=\"http:\/\/www.hakimiyetgazetesi.com\/wp-content\/themes\/goodnews4\/framework\/scripts\/timthumb.php?src=http:\/\/www.hakimiyetgazetesi.com\/wp-content\/uploads\/okuyucu1.jpg&amp;h=442&amp;w=800&amp;zc=1\" alt=\"\" width=\"127\" height=\"77\" \/>T\u00fcrk K\u00fct\u00fcphaneciler Derne\u011fi Gaziantep \u015eube Ba\u015fkan\u0131 ve \u015eehitkamil \u0130l\u00e7e Halk K\u00fct\u00fcphanesi M\u00fcd\u00fcr\u00fc Y\u00fcksel Polat, Gaziantep\u2019te k\u00fct\u00fcphanelerden faydalanan okuyucu say\u0131s\u0131n\u0131n her ge\u00e7en g\u00fcn biraz daha artt\u0131\u011f\u0131n\u0131 s\u00f6yledi. Ge\u00e7mi\u015f y\u0131llarda okuma oran\u0131n\u0131n olduk\u00e7a d\u00fc\u015f\u00fck oldu\u011fu Gaziantep\u2019te, okuma al\u0131\u015fkanl\u0131\u011f\u0131n\u0131n k\u00fct\u00fcphaneler sayesinde artt\u0131\u011f\u0131na dikkat \u00e7eken \u015eehitkamil \u0130l\u00e7e Halk K\u00fct\u00fcphanesi M\u00fcd\u00fcr\u00fc Y\u00fcksel Polat, <!--more-->\u015fu an kendi k\u00fct\u00fcphanelerinde kay\u0131tl\u0131 bin 400\u2019e yak\u0131n okuyucu bulundu\u011funu anlatt\u0131. Polat a\u00e7\u0131klamas\u0131nda, \u201cGaziantep\u2019te okuma al\u0131\u015fkanl\u0131\u011f\u0131 her ge\u00e7en y\u0131l biraz daha art\u0131yor. Okuma al\u0131\u015fkanl\u0131\u011f\u0131n\u0131n yayg\u0131nla\u015fmas\u0131 bizi olduk\u00e7a mutlu ediyor. T\u00fcrk K\u00fct\u00fcphaneciler Derne\u011fi Gaziantep \u015fube ba\u015fkan\u0131 olmam nedeniyle de \u015fehrimizde okuma al\u0131\u015fkanl\u0131\u011f\u0131n\u0131n yayg\u0131nla\u015ft\u0131r\u0131lmas\u0131na y\u00f6nelik \u00f6nemli ad\u0131mlar at\u0131yoruz. Ben ve y\u00f6netim kurulu \u00fcyesi arkada\u015flar\u0131m okuma al\u0131\u015fkanl\u0131\u011f\u0131n\u0131n yayg\u0131nla\u015fmas\u0131nda \u00f6nemli bir noktaya geldik\u201d diye konu\u015ftu.<\/p>\n<p style=\"text-align: justify;\">\u015eehitkamil \u0130l\u00e7e Halk K\u00fct\u00fcphanesi M\u00fcd\u00fcr\u00fc Y\u00fcksel Polat, yeni bir k\u00fct\u00fcphanenin yap\u0131labilmesi i\u00e7in karar\u0131n al\u0131nd\u0131\u011f\u0131n\u0131 ve \u00d6zel \u0130dare\u2019de b\u00fct\u00e7enin haz\u0131r oldu\u011funu kaydetti. Polat konuya ili\u015fkin a\u00e7\u0131klamas\u0131nda, \u201c\u015eehitkamil il\u00e7emize yeni bir k\u00fct\u00fcphane kurulmas\u0131 i\u00e7in kollar\u0131 s\u0131vad\u0131k. Yeni bir bina yap\u0131lmas\u0131 i\u00e7in \u00d6zel \u0130dare\u2019de b\u00fct\u00e7emiz haz\u0131rland\u0131. Yeni yap\u0131lacak olan k\u00fct\u00fcphane binas\u0131 il\u00e7emizde ki okuma oranlar\u0131n\u0131n y\u00fckselmesine neden olacakt\u0131r\u201d \u015feklinde konu\u015ftu.<\/p>\n<p style=\"text-align: justify;\">Kaynak: http:\/\/www.hakimiyetgazetesi.com\/<\/p>\n","protected":false},"excerpt":{"rendered":"<p>T\u00fcrk K\u00fct\u00fcphaneciler Derne\u011fi Gaziantep \u015eube Ba\u015fkan\u0131 ve \u015eehitkamil \u0130l\u00e7e Halk K\u00fct\u00fcphanesi M\u00fcd\u00fcr\u00fc Y\u00fcksel Polat, Gaziantep\u2019te k\u00fct\u00fcphanelerden faydalanan okuyucu say\u0131s\u0131n\u0131n her ge\u00e7en g\u00fcn biraz daha artt\u0131\u011f\u0131n\u0131 s\u00f6yledi. Ge\u00e7mi\u015f y\u0131llarda okuma oran\u0131n\u0131n olduk\u00e7a d\u00fc\u015f\u00fck oldu\u011fu Gaziantep\u2019te, okuma al\u0131\u015fkanl\u0131\u011f\u0131n\u0131n k\u00fct\u00fcphaneler sayesinde artt\u0131\u011f\u0131na dikkat \u00e7eken \u015eehitkamil \u0130l\u00e7e Halk K\u00fct\u00fcphanesi M\u00fcd\u00fcr\u00fc Y\u00fcksel Polat,<\/p>\n","protected":false},"author":1,"featured_media":0,"comment_status":"open","ping_status":"open","sticky":false,"template":"","format":"standard","meta":{"footnotes":""},"categories":[1],"tags":[1425],"class_list":["post-12901","post","type-post","status-publish","format-standard","hentry","category-genel","tag-tkd-gaziantep"],"_links":{"self":[{"href":"https:\/\/www.bbyhaber.com\/bby\/wp-json\/wp\/v2\/posts\/12901"}],"collection":[{"href":"https:\/\/www.bbyhaber.com\/bby\/wp-json\/wp\/v2\/posts"}],"about":[{"href":"https:\/\/www.bbyhaber.com\/bby\/wp-json\/wp\/v2\/types\/post"}],"author":[{"embeddable":true,"href":"https:\/\/www.bbyhaber.com\/bby\/wp-json\/wp\/v2\/users\/1"}],"replies":[{"embeddable":true,"href":"https:\/\/www.bbyhaber.com\/bby\/wp-json\/wp\/v2\/comments?post=12901"}],"version-history":[{"count":0,"href":"https:\/\/www.bbyhaber.com\/bby\/wp-json\/wp\/v2\/posts\/12901\/revisions"}],"wp:attachment":[{"href":"https:\/\/www.bbyhaber.com\/bby\/wp-json\/wp\/v2\/media?parent=12901"}],"wp:term":[{"taxonomy":"category","embeddable":true,"href":"https:\/\/www.bbyhaber.com\/bby\/wp-json\/wp\/v2\/categories?post=12901"},{"taxonomy":"post_tag","embeddable":true,"href":"https:\/\/www.bbyhaber.com\/bby\/wp-json\/wp\/v2\/tags?post=12901"}],"curies":[{"name":"wp","href":"https:\/\/api.w.org\/{rel}","templated":true}]}}