{"id":1289,"date":"2010-04-21T17:23:59","date_gmt":"2010-04-21T17:23:59","guid":{"rendered":"http:\/\/www.bbyhaber.com\/bby\/?p=1289"},"modified":"2012-09-05T23:52:24","modified_gmt":"2012-09-05T20:52:24","slug":"burada-kitaplar-nefes-aliyor","status":"publish","type":"post","link":"https:\/\/www.bbyhaber.com\/bby\/2010\/04\/21\/burada-kitaplar-nefes-aliyor","title":{"rendered":"Burada kitaplar nefes al\u0131yor"},"content":{"rendered":"<p style=\"text-align: justify;\" align=\"justify\">Ya\u015fayan K\u00fct\u00fcphane, ODT\u00dc Bahar \u015eenlikleri\u2019nde Ba\u015fkentlilerle bulu\u015fmaya haz\u0131rlan\u0131yor. Bu k\u00fct\u00fcphanede kitaplar, \u00f6nyarg\u0131lara ve ayr\u0131mc\u0131l\u0131\u011fa maruz kalm\u0131\u015f ki\u015filer.ODT\u00dc Bahar \u015eenlikleri\u2019nde ge\u00e7ti\u011fimiz y\u0131l b\u00fcy\u00fck ilgi toplayan Ya\u015fayan K\u00fct\u00fcphane, bu y\u0131l da Ba\u015fkentlilerle bulu\u015fmaya haz\u0131rlan\u0131yor.<!--more--><\/p>\n<p style=\"text-align: justify;\" align=\"justify\">Ya\u015fayan k\u00fct\u00fcphanede kitaplar insanlar, okuyucularsa her ya\u015f ve kesimden bireyler. Hayatlar\u0131n\u0131n bir k\u0131sm\u0131nda bile olsa \u00f6nyarg\u0131lara ve ayr\u0131mc\u0131l\u0131\u011fa maruz kalm\u0131\u015f kitaplar, yani ki\u015filer, k\u00fct\u00fcphane sayesinde s\u00f6z s\u00f6yleme hakk\u0131na sahip oluyorlar. Okuyucularsa, kitaplar\u0131 okuyarak onlar\u0131n hayatlar\u0131 hakk\u0131nda fikir sahibi oluyor ve \u00f6nyarg\u0131lar\u0131n\u0131n fark\u0131na var\u0131yorlar. Ya\u015fayan K\u00fct\u00fcphanenin, normal bir k\u00fct\u00fcphane \u015feklinde i\u015fledi\u011fini belirten AEGEE Ankara \u0130nsan Haklar\u0131 Proje Grubu Ya\u015fayan K\u00fct\u00fcphane Lojistik Sorumlusu Mehmet Utkan Oflaz, \u201cOkuyucular, okumak istedikleri kitab\u0131 katalogdan se\u00e7iyor ve belirli bir s\u00fcre i\u00e7in kitab\u0131 okuyorlar. Fakat Ya\u015fayan K\u00fct\u00fcphane\u2019de kitaplar, toplum taraf\u0131ndan \u00f6nyarg\u0131lara, ayr\u0131mc\u0131l\u0131\u011fa maruz kalan gruplar\u0131 temsil eden ki\u015filer\u201d diye konu\u015ftu.<\/p>\n<p style=\"text-align: justify;\" align=\"justify\">Etnik, k\u00fclt\u00fcrel, mesleki ve cinsel kimlikleri nedeniyle \u00f6nyarg\u0131lara maruz kalm\u0131\u015f ve toplum taraf\u0131ndan sosyal d\u0131\u015flanmaya u\u011fram\u0131\u015f insanlara fark\u0131ndal\u0131k kazand\u0131rmay\u0131 ama\u00e7lad\u0131klar\u0131n\u0131 belirten Oflaz, projenin detaylar\u0131n\u0131 Ankara H\u00fcrriyet\u2019e anlatt\u0131. Okuyucalar\u0131n empati kurmas\u0131na ve \u2018\u00f6teki\u2019 diye nitelendirdikleri insanlar\u0131 anlamas\u0131na yard\u0131mc\u0131 olmaya \u00e7al\u0131\u015ft\u0131klar\u0131n\u0131n alt\u0131n\u0131 \u00e7izen Oflaz, \u015funlar\u0131 s\u00f6yledi:<\/p>\n<p style=\"text-align: justify;\" align=\"justify\">Sohbetle \u00f6\u011fretiyor<br \/>\n\u201cYa\u015fayan K\u00fct\u00fcphane \u00f6nyarg\u0131lara maruz kalm\u0131\u015f ve toplum taraf\u0131ndan sosyal d\u0131\u015flanmaya u\u011fram\u0131\u015f insanlara kar\u015f\u0131 olan \u00f6nyarg\u0131lar\u0131 azaltmak, toplumun bar\u0131\u015f i\u00e7erisinde ya\u015famas\u0131na katk\u0131 sa\u011flamak amac\u0131yla d\u00fczenlenen bir insan haklar\u0131 projesi. Bu amac\u0131n\u0131 da, toplum taraf\u0131ndan d\u0131\u015flanan, \u00f6nyarg\u0131lara maruz kalan insanlarla bu \u00f6nyarg\u0131lara sahip insanlar\u0131 bir araya getirerek, kar\u015f\u0131l\u0131kl\u0131 konu\u015fma ortam\u0131 yarat\u0131p birbirlerini anlamalar\u0131na olanak sa\u011flayarak yerine getiriyor.<\/p>\n<p style=\"text-align: justify;\" align=\"justify\">Avrupa \u00d6\u011frenciler Forumu olarak, 12-13-14 May\u0131s\u2019ta ODT\u00dc Bahar \u015eenlikleri\u2019nde ikinci Ya\u015fayan K\u00fct\u00fcphanemizin kap\u0131lar\u0131n\u0131 a\u00e7aca\u011f\u0131z. K\u00fct\u00fcphanemizde, Yahudi, Ermeni, K\u00fcrt, biseks\u00fcel, \u015fizofren, d\u00fc\u015f\u00fcnce su\u00e7lusu, lezbiyen, vatans\u0131z, gey ve HIV+ kitaplar\u0131m\u0131z\u0131n da aralar\u0131nda bulundu\u011fu yakla\u015f\u0131k 30 kitap ba\u015fl\u0131\u011f\u0131m\u0131z yer alacak. Fon s\u0131k\u0131nt\u0131m\u0131z \u00e7ok ciddi boyutta.\u201d<\/p>\n<p style=\"text-align: justify;\" align=\"justify\">Fikir \u0130lk kez ODT\u00dc\u2019de<\/p>\n<p style=\"text-align: justify;\" align=\"justify\">Ya\u015fayan k\u00fct\u00fcphane fikri ilk olarak Danimarkal\u0131 gen\u00e7lik STK\u2019s\u0131 \u2018\u015eiddeti Durdur\u2019da ortaya \u00e7\u0131kt\u0131 ve 2000 y\u0131l\u0131ndaki Roskilde Festivali\u2019nde ger\u00e7ekle\u015ftirildi. 2003\u2019ten bu yana Avrupa Konseyi\u2019nin Budape\u015fte Avrupa Gen\u00e7lik Merkezi taraf\u0131ndan her y\u0131l Sziget Festivali\u2019nde d\u00fczenleniyor. T\u00fcrkiye\u2019de ilk kez 2007 y\u0131l\u0131nda Toplum G\u00f6n\u00fcll\u00fcleri ve Bilgi \u00dcniversitesi Gen\u00e7lik \u00c7al\u0131\u015fmalar\u0131 Birimi taraf\u0131ndan Bar\u0131\u015farock Festivali\u2019nde hayata ge\u00e7irilen Ya\u015fayan K\u00fct\u00fcphane, Ankara\u2019da ise AEGEE-Ankara \u0130nsan Haklar\u0131 proje grubu taraf\u0131ndan ilk kez 2009 ODT\u00dc Bahar \u015eenli\u011fi\u2019nde d\u00fczenlendi.\u00a0<strong><\/strong><\/p>\n<p style=\"text-align: justify;\" align=\"justify\">Kaynak: <a href=\"http:\/\/www.hurriyet.com.tr\/\" target=\"_blank\">http:\/\/www.hurriyet.com.tr<\/a><\/p>\n","protected":false},"excerpt":{"rendered":"<p>Ya\u015fayan K\u00fct\u00fcphane, ODT\u00dc Bahar \u015eenlikleri\u2019nde Ba\u015fkentlilerle bulu\u015fmaya haz\u0131rlan\u0131yor. Bu k\u00fct\u00fcphanede kitaplar, \u00f6nyarg\u0131lara ve ayr\u0131mc\u0131l\u0131\u011fa maruz kalm\u0131\u015f ki\u015filer.ODT\u00dc Bahar \u015eenlikleri\u2019nde ge\u00e7ti\u011fimiz y\u0131l b\u00fcy\u00fck ilgi toplayan Ya\u015fayan K\u00fct\u00fcphane, bu y\u0131l da Ba\u015fkentlilerle bulu\u015fmaya haz\u0131rlan\u0131yor.<\/p>\n","protected":false},"author":1,"featured_media":0,"comment_status":"open","ping_status":"open","sticky":false,"template":"","format":"standard","meta":{"footnotes":""},"categories":[1],"tags":[168],"class_list":["post-1289","post","type-post","status-publish","format-standard","hentry","category-genel","tag-yasayan-kutuphane"],"_links":{"self":[{"href":"https:\/\/www.bbyhaber.com\/bby\/wp-json\/wp\/v2\/posts\/1289"}],"collection":[{"href":"https:\/\/www.bbyhaber.com\/bby\/wp-json\/wp\/v2\/posts"}],"about":[{"href":"https:\/\/www.bbyhaber.com\/bby\/wp-json\/wp\/v2\/types\/post"}],"author":[{"embeddable":true,"href":"https:\/\/www.bbyhaber.com\/bby\/wp-json\/wp\/v2\/users\/1"}],"replies":[{"embeddable":true,"href":"https:\/\/www.bbyhaber.com\/bby\/wp-json\/wp\/v2\/comments?post=1289"}],"version-history":[{"count":0,"href":"https:\/\/www.bbyhaber.com\/bby\/wp-json\/wp\/v2\/posts\/1289\/revisions"}],"wp:attachment":[{"href":"https:\/\/www.bbyhaber.com\/bby\/wp-json\/wp\/v2\/media?parent=1289"}],"wp:term":[{"taxonomy":"category","embeddable":true,"href":"https:\/\/www.bbyhaber.com\/bby\/wp-json\/wp\/v2\/categories?post=1289"},{"taxonomy":"post_tag","embeddable":true,"href":"https:\/\/www.bbyhaber.com\/bby\/wp-json\/wp\/v2\/tags?post=1289"}],"curies":[{"name":"wp","href":"https:\/\/api.w.org\/{rel}","templated":true}]}}