{"id":12886,"date":"2014-01-15T15:39:19","date_gmt":"2014-01-15T13:39:19","guid":{"rendered":"http:\/\/www.bbyhaber.com\/bby\/?p=12886"},"modified":"2014-01-15T15:53:44","modified_gmt":"2014-01-15T13:53:44","slug":"memur-yoksa-kutuphane-de-yok","status":"publish","type":"post","link":"https:\/\/www.bbyhaber.com\/bby\/2014\/01\/15\/memur-yoksa-kutuphane-de-yok","title":{"rendered":"Memur yoksa k\u00fct\u00fcphane de yok!"},"content":{"rendered":"<p style=\"text-align: justify;\"><img loading=\"lazy\" decoding=\"async\" class=\"alignleft\" src=\"http:\/\/gazeteadiyaman.com\/resimler\/haber\/Memur-yoksa-kutuphane-de-yok-1401201407-21-12.jpg\" alt=\"\" width=\"268\" height=\"163\" \/>Ad\u0131yaman-\u00c7elikhan Halk K\u00fct\u00fcphanesi kapanma tehlikesi ile kar\u015f\u0131 kar\u015f\u0131ya kald\u0131. \u00c7elikhan Halk K\u00fct\u00fcphanesinde eski \u00e7al\u0131\u015fandan birisinin tayini \u00e7\u0131kt\u0131, bir di\u011feri de emekli olmaya haz\u0131rlan\u0131yor. Memursuz kalacak k\u00fct\u00fcphanenin kapanaca\u011f\u0131 s\u00f6ylentileri il\u00e7eyi aya\u011fa kald\u0131rd\u0131. Memur yoksa memur atan\u0131r, vek\u00e2leten g\u00f6revlendirme yap\u0131l\u0131r ama il\u00e7enin en \u00f6nemli okuma yerinin kap\u0131s\u0131na kilit vurulmaz.<!--more--><\/p>\n<p style=\"text-align: justify;\">Memursuz kalan Halk k\u00fct\u00fcphanesine asaleten memur atamas\u0131 yap\u0131lana kadar, \u0130l\u00e7e Milli E\u011fitim\u2019den bir memurun ge\u00e7ici g\u00f6rev ile g\u00f6revlendirilmesi gerekti\u011fini kaydeden \u00f6\u011frenci velileri, k\u00fct\u00fcphanenin kapat\u0131lmas\u0131n\u0131n \u00f6\u011frenciler i\u00e7in b\u00fcy\u00fck kay\u0131p olaca\u011f\u0131n\u0131 belirttiler.<\/p>\n<p style=\"text-align: justify;\">\u0130l\u00e7e Milli E\u011fitim M\u00fcd\u00fcrl\u00fc\u011f\u00fcnde \u00e7ok say\u0131da \u00e7al\u0131\u015fan oldu\u011funu ifade eden \u00f6\u011frenci velileri, ge\u00e7ici g\u00f6revlendirme yap\u0131labilece\u011fini s\u00f6ylediler.<\/p>\n<p style=\"text-align: justify;\">Daha \u00f6nce b\u00f6yle bir s\u0131k\u0131nt\u0131 oldu\u011funu ve \u00c7elikhan\u2019\u0131n merhum Belediye Ba\u015fkan\u0131 Mustafa \u015eahin\u2019in \u00f6zveride bulunarak k\u00fct\u00fcphanenin kapat\u0131lmamas\u0131 i\u00e7in \u00c7elikhan Belediyesinden Sabri Akhan\u2019\u0131n g\u00f6revlendirerek y\u0131llarca K\u00fct\u00fcphanenin a\u00e7\u0131k kald\u0131\u011f\u0131n\u0131 ifade eden vatanda\u015flar k\u00fct\u00fcphanenin kapat\u0131lmamas\u0131 i\u00e7in her \u015feyi yap\u0131lmas\u0131n\u0131 istediler.<\/p>\n<p>Kaynak: http:\/\/gazeteadiyaman.com<\/p>\n<p><em>Ge\u00e7ici g\u00f6revlendirmelerle sorun \u00e7\u00f6z\u00fclmemelidir\/\u00e7\u00f6z\u00fclemez de; k\u00fct\u00fcphaneye bir veya birka\u00e7 mesleki e\u011fitim alm\u0131\u015f k\u00fct\u00fcphanecilerin atanmas\u0131 ile sorun \u00e7\u00f6z\u00fclmelidir<\/em>.<\/p>\n","protected":false},"excerpt":{"rendered":"<p>Ad\u0131yaman-\u00c7elikhan Halk K\u00fct\u00fcphanesi kapanma tehlikesi ile kar\u015f\u0131 kar\u015f\u0131ya kald\u0131. \u00c7elikhan Halk K\u00fct\u00fcphanesinde eski \u00e7al\u0131\u015fandan birisinin tayini \u00e7\u0131kt\u0131, bir di\u011feri de emekli olmaya haz\u0131rlan\u0131yor. Memursuz kalacak k\u00fct\u00fcphanenin kapanaca\u011f\u0131 s\u00f6ylentileri il\u00e7eyi aya\u011fa kald\u0131rd\u0131. Memur yoksa memur atan\u0131r, vek\u00e2leten g\u00f6revlendirme yap\u0131l\u0131r ama il\u00e7enin en \u00f6nemli okuma yerinin kap\u0131s\u0131na kilit vurulmaz.<\/p>\n","protected":false},"author":1,"featured_media":0,"comment_status":"open","ping_status":"open","sticky":false,"template":"","format":"standard","meta":{"footnotes":""},"categories":[1,1582],"tags":[848],"class_list":["post-12886","post","type-post","status-publish","format-standard","hentry","category-genel","category-kapali-kutuphaneler","tag-halk-kutuphaneleri"],"_links":{"self":[{"href":"https:\/\/www.bbyhaber.com\/bby\/wp-json\/wp\/v2\/posts\/12886"}],"collection":[{"href":"https:\/\/www.bbyhaber.com\/bby\/wp-json\/wp\/v2\/posts"}],"about":[{"href":"https:\/\/www.bbyhaber.com\/bby\/wp-json\/wp\/v2\/types\/post"}],"author":[{"embeddable":true,"href":"https:\/\/www.bbyhaber.com\/bby\/wp-json\/wp\/v2\/users\/1"}],"replies":[{"embeddable":true,"href":"https:\/\/www.bbyhaber.com\/bby\/wp-json\/wp\/v2\/comments?post=12886"}],"version-history":[{"count":0,"href":"https:\/\/www.bbyhaber.com\/bby\/wp-json\/wp\/v2\/posts\/12886\/revisions"}],"wp:attachment":[{"href":"https:\/\/www.bbyhaber.com\/bby\/wp-json\/wp\/v2\/media?parent=12886"}],"wp:term":[{"taxonomy":"category","embeddable":true,"href":"https:\/\/www.bbyhaber.com\/bby\/wp-json\/wp\/v2\/categories?post=12886"},{"taxonomy":"post_tag","embeddable":true,"href":"https:\/\/www.bbyhaber.com\/bby\/wp-json\/wp\/v2\/tags?post=12886"}],"curies":[{"name":"wp","href":"https:\/\/api.w.org\/{rel}","templated":true}]}}