{"id":12872,"date":"2014-01-14T09:30:54","date_gmt":"2014-01-14T07:30:54","guid":{"rendered":"http:\/\/www.bbyhaber.com\/bby\/?p=12872"},"modified":"2014-01-20T11:17:44","modified_gmt":"2014-01-20T09:17:44","slug":"cukurova-7-kitap-fuari","status":"publish","type":"post","link":"https:\/\/www.bbyhaber.com\/bby\/2014\/01\/14\/cukurova-7-kitap-fuari","title":{"rendered":"\u00c7ukurova 7.Kitap Fuar\u0131"},"content":{"rendered":"<p style=\"text-align: justify;\">T\u00dcYAP Adana Fuarc\u0131l\u0131k taraf\u0131ndan T\u00fcrkiye Yay\u0131nc\u0131lar Birli\u011fi i\u015fbirli\u011fiyle d\u00fczenlenen<span style=\"color: #ff0000;\"><strong> \u00c7ukurova 7. Kitap Fuar\u0131, 14-19 Ocak&#8217;ta<\/strong><\/span> <span style=\"color: #0000ff;\"><strong>T\u00dcYAP Adana Uluslararas\u0131 Fuar ve Kongre Merkezi&#8217;nde<\/strong><\/span> kitapseverlerle bulu\u015fmaya haz\u0131rlan\u0131yor. Fuar kapsam\u0131nda, T\u00fcrk edebiyat\u0131n\u0131n en \u00fcretken yazarlar\u0131ndan biri olarak kabul edilen Orhan Kemal&#8217;in do\u011fumunun 100. y\u0131l\u0131 dolay\u0131s\u0131yla bir dizi s\u00f6yle\u015fi, panel ve sergi ile &#8221;Orhan Kemal 100 Ya\u015f\u0131nda Sempozyumu&#8221; d\u00fczenlenecek.<!--more--><\/p>\n<p style=\"text-align: justify;\">T\u00dcYAP K\u00fclt\u00fcr Fuarlar\u0131 Kurumsal \u0130leti\u015fim M\u00fcd\u00fcr\u00fc Cemran \u00d6der, d\u00fczenledi\u011fi bas\u0131n toplant\u0131s\u0131nda, bu y\u0131l 235 yay\u0131nevi ve sivil toplum kurulu\u015funun kat\u0131l\u0131m\u0131yla ger\u00e7ekle\u015ftirilecek kitap fuar\u0131nda s\u00f6yle\u015fi, \u015fiir dinletisi, panel ve \u00e7ocuk etkinlikleri yap\u0131laca\u011f\u0131n\u0131 imza g\u00fcnlerinde 300 yazar\u0131n okurlar\u0131yla bir araya gelece\u011fini duyurdu.<\/p>\n<p style=\"text-align: justify;\">Sempozyumun a\u00e7\u0131l\u0131\u015f\u0131n\u0131n yar\u0131n Do\u011fan H\u0131zlan ve I\u015f\u0131k \u00d6\u011f\u00fct\u00e7\u00fc taraf\u0131ndan yap\u0131laca\u011f\u0131n\u0131 bildiren \u00d6der, \u015funlar\u0131 kaydetti:<\/p>\n<p style=\"text-align: justify;\">&#8221;A\u00e7\u0131l\u0131\u015f konu\u015fmalar\u0131n\u0131n ard\u0131ndan senaristli\u011fini ve y\u00f6netmenli\u011fini Nebil \u00d6zgent\u00fcrk&#8217;\u00fcn \u00fcstlendi\u011fi ve kendisinin de konu\u015fmac\u0131 olarak kat\u0131laca\u011f\u0131 &#8216;Sanat\u0131m\u0131z\u0131n hat\u0131ra defteri belgeseli\/Orhan Kemal b\u00f6l\u00fcm\u00fc g\u00f6sterimi&#8217; ger\u00e7ekle\u015ftirilecek. Sempozyum kapsam\u0131nda &#8216;Ya\u015fam\u0131 ve eserleri ile Orhan Kemal&#8217;, &#8216;T\u00fcrk edebiyat\u0131nda Orhan Kemal ve izleri&#8217;, &#8216;Edebiyattan sinemaya Orhan Kemal&#8217;, &#8216;T\u00fcrkiye Yazarlar Sendikas\u0131&#8217;n\u0131n an\u0131t yazar\u0131 Orhan Kemal 100 Ya\u015f\u0131nda&#8217;, &#8216;Bursa Cezaevi&#8217;nde bir \u00c7ukuroval\u0131: Orhan Kemal&#8217; ve &#8216;\u00c7ukurova&#8217;dan bir Orhan Kemal ge\u00e7ti&#8217; ba\u015fl\u0131klar\u0131 alt\u0131nda paneller d\u00fczenlenecek.&#8221;<\/p>\n<p style=\"text-align: justify;\">\u00d6der, \u00c7ukurova Kitap Fuar\u0131&#8217;na, 6 g\u00fcn boyunca Do\u011fan H\u0131zlan, Ay\u015fe Kulin, Canan Tan, Mustafa Balbay, Can D\u00fcndar, G\u00fclten Day\u0131o\u011flu, Ahmet \u00dcmit, \u0130pek Ongun, Yekta Kopan, Haydar Erg\u00fclen, Ercan Kesal, Nebil \u00d6zgent\u00fcrk gibi pek \u00e7ok yazar ve \u015fairin konuk olaca\u011f\u0131n\u0131 kaydetti.<\/p>\n<p style=\"text-align: justify;\">T\u00fcrkiye Yay\u0131nc\u0131lar Birli\u011fi Ba\u015fkan\u0131 Metin Celal Zeynio\u011flu, ki\u015fi ba\u015f\u0131na d\u00fc\u015fen kitap say\u0131s\u0131nda son y\u0131llarda art\u0131\u015f g\u00f6r\u00fcld\u00fc\u011f\u00fcn\u00fc, bunda korsan kitapla m\u00fccadelenin de \u00f6nemli rol oynad\u0131\u011f\u0131n\u0131 s\u00f6yledi.<\/p>\n<p style=\"text-align: justify;\">\u00c7ukurova Kitap Fuar\u0131&#8217;n\u0131n T\u00fcrkiye&#8217;de en \u00e7ok takip edilen kitap fuarlar\u0131ndan biri oldu\u011funu ifade eden Zeynio\u011flu, T\u00fcrkiye&#8217;nin yay\u0131nlanan kitap say\u0131s\u0131nda d\u00fcnyada 13. s\u0131rada bulundu\u011funu fakat yay\u0131nlanan bu kitaplar\u0131n \u00e7ok \u00f6nemli bir b\u00f6l\u00fcm\u00fcn\u00fcn Milli E\u011fitim Bakanl\u0131\u011f\u0131 taraf\u0131ndan bast\u0131r\u0131ld\u0131\u011f\u0131n\u0131 aktard\u0131.<\/p>\n<p style=\"text-align: justify;\">Adana Fuar\u0131 Genel M\u00fcd\u00fcr\u00fc \u0130lhan Ers\u00f6zl\u00fc ise ge\u00e7en y\u0131l kitap, e\u011fitim, in\u015faat, reklamc\u0131l\u0131k, kent, g\u0131da gibi konularda d\u00fczenlenen fuarlarda kente yakla\u015f\u0131k 200 milyon dolarl\u0131k i\u015f hacmi sa\u011flad\u0131klar\u0131n\u0131 bildirdi.<\/p>\n<p style=\"text-align: justify;\">Fuarlar nedeniyle 800&#8217;e yak\u0131n firman\u0131n Adana&#8217;da bulu\u015ftu\u011funu anlatan Ers\u00f6zl\u00fc, ge\u00e7en y\u0131l y\u00fczde 19&#8217;luk bir b\u00fcy\u00fcmeyle, bin 300&#8217;\u00fc yabanc\u0131 520 bin ziyaret\u00e7inin etkinlikleri gezdi\u011fini dile getirdi.<\/p>\n<p style=\"text-align: justify;\">T\u00dcYAP K\u00fclt\u00fcr Fuarlar\u0131 Genel Koordinat\u00f6r\u00fc Deniz Kavuncuo\u011flu da fuar\u0131n ba\u015far\u0131l\u0131 ge\u00e7ece\u011fine inand\u0131\u011f\u0131n\u0131, Adana&#8217;da d\u00fczenlenen fuarlarda her zaman ba\u015far\u0131l\u0131 sonu\u00e7lar elde ettiklerini ifade etti.<\/p>\n","protected":false},"excerpt":{"rendered":"<p>T\u00dcYAP Adana Fuarc\u0131l\u0131k taraf\u0131ndan T\u00fcrkiye Yay\u0131nc\u0131lar Birli\u011fi i\u015fbirli\u011fiyle d\u00fczenlenen \u00c7ukurova 7. Kitap Fuar\u0131, 14-19 Ocak&#8217;ta T\u00dcYAP Adana Uluslararas\u0131 Fuar ve Kongre Merkezi&#8217;nde kitapseverlerle bulu\u015fmaya haz\u0131rlan\u0131yor. Fuar kapsam\u0131nda, T\u00fcrk edebiyat\u0131n\u0131n en \u00fcretken yazarlar\u0131ndan biri olarak kabul edilen Orhan Kemal&#8217;in do\u011fumunun 100. y\u0131l\u0131 dolay\u0131s\u0131yla bir dizi s\u00f6yle\u015fi, panel ve sergi ile &#8221;Orhan Kemal 100 Ya\u015f\u0131nda Sempozyumu&#8221; d\u00fczenlenecek.<\/p>\n","protected":false},"author":1,"featured_media":0,"comment_status":"open","ping_status":"open","sticky":false,"template":"","format":"standard","meta":{"footnotes":""},"categories":[1,1493],"tags":[],"class_list":["post-12872","post","type-post","status-publish","format-standard","hentry","category-genel","category-kitap-fuarlari-2"],"_links":{"self":[{"href":"https:\/\/www.bbyhaber.com\/bby\/wp-json\/wp\/v2\/posts\/12872"}],"collection":[{"href":"https:\/\/www.bbyhaber.com\/bby\/wp-json\/wp\/v2\/posts"}],"about":[{"href":"https:\/\/www.bbyhaber.com\/bby\/wp-json\/wp\/v2\/types\/post"}],"author":[{"embeddable":true,"href":"https:\/\/www.bbyhaber.com\/bby\/wp-json\/wp\/v2\/users\/1"}],"replies":[{"embeddable":true,"href":"https:\/\/www.bbyhaber.com\/bby\/wp-json\/wp\/v2\/comments?post=12872"}],"version-history":[{"count":0,"href":"https:\/\/www.bbyhaber.com\/bby\/wp-json\/wp\/v2\/posts\/12872\/revisions"}],"wp:attachment":[{"href":"https:\/\/www.bbyhaber.com\/bby\/wp-json\/wp\/v2\/media?parent=12872"}],"wp:term":[{"taxonomy":"category","embeddable":true,"href":"https:\/\/www.bbyhaber.com\/bby\/wp-json\/wp\/v2\/categories?post=12872"},{"taxonomy":"post_tag","embeddable":true,"href":"https:\/\/www.bbyhaber.com\/bby\/wp-json\/wp\/v2\/tags?post=12872"}],"curies":[{"name":"wp","href":"https:\/\/api.w.org\/{rel}","templated":true}]}}