{"id":12866,"date":"2014-01-13T20:27:41","date_gmt":"2014-01-13T18:27:41","guid":{"rendered":"http:\/\/www.bbyhaber.com\/bby\/?p=12866"},"modified":"2016-02-22T18:57:08","modified_gmt":"2016-02-22T16:57:08","slug":"hem-seyir-terasi-hem-kutuphane","status":"publish","type":"post","link":"https:\/\/www.bbyhaber.com\/bby\/2014\/01\/13\/hem-seyir-terasi-hem-kutuphane","title":{"rendered":"Hem seyir teras\u0131 hem k\u00fct\u00fcphane"},"content":{"rendered":"<p style=\"text-align: justify;\"><img loading=\"lazy\" decoding=\"async\" class=\"alignleft\" src=\"http:\/\/82.222.152.134\/fotogaleri\/haber_icerik\/images\/2013\/A%C4%9Fustos\/8%20A%C4%9Fustos\/minare.jpg\" alt=\"\" width=\"250\" height=\"250\" \/>Yahya Kemal&#8217;in me\u015fhur dizelerindeki o tepeden \u0130stanbul&#8217;u seyredemeyenlere s\u0131ra d\u0131\u015f\u0131 bir alternatif \u00e7\u0131kt\u0131. Beykoz&#8217;da yap\u0131m\u0131 s\u00fcren caminin minaresi ayn\u0131 zamanda seyir teras\u0131 ve k\u00fct\u00fcphane i\u015flevi g\u00f6recek.\u00a0\u0130stanbul Bo\u011faz\u0131&#8217;n\u0131 ku\u015f bak\u0131\u015f\u0131 g\u00f6ren Beykoz Karl\u0131tepe&#8217;de in\u015fa edilen caminin de\u011fi\u015fik mimari tarz\u0131yla dikkatleri toplayan minaresi, hem seyir teras\u0131 hem k\u00fct\u00fcphane i\u015flevi g\u00f6recek. Kule minare tamamland\u0131\u011f\u0131nda yerli ve yabanc\u0131 turistlere a\u00e7\u0131k olacak.<!--more--><\/p>\n<p style=\"text-align: justify;\">BO\u011eAZ&#8217;A KAR\u015eI OKUMA ZEVK\u0130<\/p>\n<p style=\"text-align: justify;\">Birka\u00e7 ay i\u00e7inde tamamlanmas\u0131 planlanan Karl\u0131tepe Camii&#8217;nin seyir kulesinde doyumsuz manzaray\u0131 izlemek ve bu manzaraya kar\u015f\u0131 kitap okumak isteyenler, asans\u00f6rle 44 metre y\u00fcksekteki terasa \u00e7\u0131kabilecek. Kitapseverler, kuledeki k\u00fct\u00fcphaneden se\u00e7tikleri bir kitab\u0131 ya da yanlar\u0131nda getirdikleri kendi kitaplar\u0131n\u0131 \u0130stanbul manzaras\u0131na kar\u015f\u0131 okuma \u015fans\u0131 elde edecek.<\/p>\n<p style=\"text-align: justify;\">YURTDI\u015eI TERASLAR ES\u0130N KAYNA\u011eI<\/p>\n<p style=\"text-align: justify;\">Beykoz Karl\u0131tepe Merkez Camii Yapt\u0131rma ve Ya\u015fatma Dernek Ba\u015fkan\u0131 i\u015fadam\u0131 H\u00fcseyin Kurt, projenin mahalle b\u00fcy\u00fcklerinden H\u00fcseyin \u00d6zyurt&#8217;un yurtd\u0131\u015f\u0131ndaki seyir teraslar\u0131ndan bahsetmesiyle ortaya \u00e7\u0131kt\u0131\u011f\u0131n\u0131 anlatt\u0131. Kurt, muhte\u015fem manzaraya sahip Karl\u0131tepe&#8217;ye b\u00f6yle bir cami ve seyir kulesinin ne kadar yak\u0131\u015faca\u011f\u0131n\u0131 d\u00fc\u015f\u00fcnerek 4 mimar ve m\u00fchendisle projeyi haz\u0131rlad\u0131klar\u0131n\u0131, Beykoz M\u00fcft\u00fcl\u00fc\u011f\u00fc ve Beykoz Belediyesi&#8217;nden al\u0131nan onay\u0131n ard\u0131ndan 2008&#8217;de in\u015faata ba\u015flad\u0131klar\u0131n\u0131 s\u00f6yledi. Kurt, &#8220;\u0130nsanlar\u0131n hem \u0130stanbul&#8217;un hem Beykoz&#8217;un g\u00fczelliklerini g\u00f6rmelerini ama\u00e7lad\u0131k. Seyir kulesi yerli ve yabanc\u0131 turistlere a\u00e7\u0131k olacak. \u00d6zellikle gen\u00e7lerin kuleye \u00e7\u0131karak kitap okuma al\u0131\u015fkanl\u0131\u011f\u0131 kazanmalar\u0131n\u0131 arzu ediyoruz&#8221; diye konu\u015ftu.<\/p>\n<p style=\"text-align: justify;\">C\u00dcZ\u0130 \u00dcCRET ALINACAK<\/p>\n<p style=\"text-align: justify;\">Seyir kulesine \u00e7\u0131kmak isteyenlerden c\u00fczi bir \u00fccret almay\u0131 d\u00fc\u015f\u00fcnd\u00fcklerini kaydeden Kurt, &#8220;Al\u0131nan \u00fccretle caminin masraflar\u0131 kar\u015f\u0131lanacak. Bu cami tamamen hay\u0131rseverlerin yard\u0131mlar\u0131yla yap\u0131l\u0131yor. Tamamland\u0131\u011f\u0131nda yakla\u015f\u0131k 3.5 milyon TL&#8217;ye mal olacak. Ayr\u0131ca seyir kulesinin ilerde d\u00f6nerli hale getirme d\u00fc\u015f\u00fcncesi var. Bunun i\u00e7in de 400 bin lira gerekiyor. Talebe g\u00f6re kuleyi ilerde d\u00f6nerli hale getirebiliriz&#8221; dedi.<\/p>\n<p style=\"text-align: justify;\">Kaynak: http:\/\/www.aksam.com.tr\/<\/p>\n","protected":false},"excerpt":{"rendered":"<p>Yahya Kemal&#8217;in me\u015fhur dizelerindeki o tepeden \u0130stanbul&#8217;u seyredemeyenlere s\u0131ra d\u0131\u015f\u0131 bir alternatif \u00e7\u0131kt\u0131. Beykoz&#8217;da yap\u0131m\u0131 s\u00fcren caminin minaresi ayn\u0131 zamanda seyir teras\u0131 ve k\u00fct\u00fcphane i\u015flevi g\u00f6recek.\u00a0\u0130stanbul Bo\u011faz\u0131&#8217;n\u0131 ku\u015f bak\u0131\u015f\u0131 g\u00f6ren Beykoz Karl\u0131tepe&#8217;de in\u015fa edilen caminin de\u011fi\u015fik mimari tarz\u0131yla dikkatleri toplayan minaresi, hem seyir teras\u0131 hem k\u00fct\u00fcphane i\u015flevi g\u00f6recek. Kule minare tamamland\u0131\u011f\u0131nda yerli ve yabanc\u0131 turistlere [&hellip;]<\/p>\n","protected":false},"author":1,"featured_media":0,"comment_status":"open","ping_status":"open","sticky":false,"template":"","format":"standard","meta":{"footnotes":""},"categories":[1],"tags":[829],"class_list":["post-12866","post","type-post","status-publish","format-standard","hentry","category-genel","tag-camii-kutuphane"],"_links":{"self":[{"href":"https:\/\/www.bbyhaber.com\/bby\/wp-json\/wp\/v2\/posts\/12866"}],"collection":[{"href":"https:\/\/www.bbyhaber.com\/bby\/wp-json\/wp\/v2\/posts"}],"about":[{"href":"https:\/\/www.bbyhaber.com\/bby\/wp-json\/wp\/v2\/types\/post"}],"author":[{"embeddable":true,"href":"https:\/\/www.bbyhaber.com\/bby\/wp-json\/wp\/v2\/users\/1"}],"replies":[{"embeddable":true,"href":"https:\/\/www.bbyhaber.com\/bby\/wp-json\/wp\/v2\/comments?post=12866"}],"version-history":[{"count":0,"href":"https:\/\/www.bbyhaber.com\/bby\/wp-json\/wp\/v2\/posts\/12866\/revisions"}],"wp:attachment":[{"href":"https:\/\/www.bbyhaber.com\/bby\/wp-json\/wp\/v2\/media?parent=12866"}],"wp:term":[{"taxonomy":"category","embeddable":true,"href":"https:\/\/www.bbyhaber.com\/bby\/wp-json\/wp\/v2\/categories?post=12866"},{"taxonomy":"post_tag","embeddable":true,"href":"https:\/\/www.bbyhaber.com\/bby\/wp-json\/wp\/v2\/tags?post=12866"}],"curies":[{"name":"wp","href":"https:\/\/api.w.org\/{rel}","templated":true}]}}