{"id":12855,"date":"2014-01-10T14:00:55","date_gmt":"2014-01-10T12:00:55","guid":{"rendered":"http:\/\/www.bbyhaber.com\/bby\/?p=12855"},"modified":"2014-01-10T14:00:55","modified_gmt":"2014-01-10T12:00:55","slug":"konteyner-kente-kutuphane-ve-okuma-salonu-gaziantep","status":"publish","type":"post","link":"https:\/\/www.bbyhaber.com\/bby\/2014\/01\/10\/konteyner-kente-kutuphane-ve-okuma-salonu-gaziantep","title":{"rendered":"Konteyner kente k\u00fct\u00fcphane ve okuma salonu-Gaziantep"},"content":{"rendered":"<p style=\"text-align: justify;\"><img loading=\"lazy\" decoding=\"async\" class=\"alignleft\" src=\"http:\/\/i.emlaktasondakika.com\/Files\/NewsImages2\/2012\/10\/06\/466x255\/6bb0f851-c9e2-4d0d-8547-823e09edb2b9.jpg\" alt=\"\" width=\"236\" height=\"129\" \/>Nizip il\u00e7esinde Suriyelilerin bar\u0131nd\u0131\u011f\u0131\u00a0konteyner kentte k\u00fct\u00fcphane ve okuma salonu a\u00e7\u0131ld\u0131. \u00dclkelerindeki olaylardan ka\u00e7arak T\u00fcrkiye\u2019ye s\u0131\u011f\u0131nan ve Nizip\u2019teki\u00a0konteyner kentte ya\u015famlar\u0131n\u0131 s\u00fcrd\u00fcren Suriyelilere verilen hizmete\u00a0bir yenisi daha eklendi. Ba\u015fta \u00f6\u011frenciler olmak \u00fczere misafirlere hizmet verecek olan\u00a0k\u00fct\u00fcphane ve okuma salonu, sosyal tesisin bulundu\u011fu alanda olu\u015fturuldu.<!--more--><\/p>\n<p style=\"text-align: justify;\">muhabirinin kamp yetkililerinden edindi\u011fi bilgilere g\u00f6re, misafirlere\u00a0her alanda hizmet verilmeye \u00e7al\u0131\u015f\u0131l\u0131yor. Bu anlamda bir s\u00fcre \u00f6nce s\u0131\u011f\u0131nmac\u0131lar\u0131n\u00a0bilgi edinme konusunda ma\u011fdur olmamas\u0131 i\u00e7in planlanan k\u00fct\u00fcphane ve okuma salonu projesi hayata ge\u00e7irildi. Suriyeli misafirler g\u00fcn\u00fcn belirli saatlerinde\u00a0k\u00fct\u00fcphanede\u00a0ara\u015ft\u0131rma ve okuma faaliyetinde bulunabilecek.<\/p>\n<p style=\"text-align: justify;\">Kaynak: www.haberfx.net<\/p>\n","protected":false},"excerpt":{"rendered":"<p>Nizip il\u00e7esinde Suriyelilerin bar\u0131nd\u0131\u011f\u0131\u00a0konteyner kentte k\u00fct\u00fcphane ve okuma salonu a\u00e7\u0131ld\u0131. \u00dclkelerindeki olaylardan ka\u00e7arak T\u00fcrkiye\u2019ye s\u0131\u011f\u0131nan ve Nizip\u2019teki\u00a0konteyner kentte ya\u015famlar\u0131n\u0131 s\u00fcrd\u00fcren Suriyelilere verilen hizmete\u00a0bir yenisi daha eklendi. Ba\u015fta \u00f6\u011frenciler olmak \u00fczere misafirlere hizmet verecek olan\u00a0k\u00fct\u00fcphane ve okuma salonu, sosyal tesisin bulundu\u011fu alanda olu\u015fturuldu.<\/p>\n","protected":false},"author":1,"featured_media":0,"comment_status":"open","ping_status":"open","sticky":false,"template":"","format":"standard","meta":{"footnotes":""},"categories":[1],"tags":[],"class_list":["post-12855","post","type-post","status-publish","format-standard","hentry","category-genel"],"_links":{"self":[{"href":"https:\/\/www.bbyhaber.com\/bby\/wp-json\/wp\/v2\/posts\/12855"}],"collection":[{"href":"https:\/\/www.bbyhaber.com\/bby\/wp-json\/wp\/v2\/posts"}],"about":[{"href":"https:\/\/www.bbyhaber.com\/bby\/wp-json\/wp\/v2\/types\/post"}],"author":[{"embeddable":true,"href":"https:\/\/www.bbyhaber.com\/bby\/wp-json\/wp\/v2\/users\/1"}],"replies":[{"embeddable":true,"href":"https:\/\/www.bbyhaber.com\/bby\/wp-json\/wp\/v2\/comments?post=12855"}],"version-history":[{"count":0,"href":"https:\/\/www.bbyhaber.com\/bby\/wp-json\/wp\/v2\/posts\/12855\/revisions"}],"wp:attachment":[{"href":"https:\/\/www.bbyhaber.com\/bby\/wp-json\/wp\/v2\/media?parent=12855"}],"wp:term":[{"taxonomy":"category","embeddable":true,"href":"https:\/\/www.bbyhaber.com\/bby\/wp-json\/wp\/v2\/categories?post=12855"},{"taxonomy":"post_tag","embeddable":true,"href":"https:\/\/www.bbyhaber.com\/bby\/wp-json\/wp\/v2\/tags?post=12855"}],"curies":[{"name":"wp","href":"https:\/\/api.w.org\/{rel}","templated":true}]}}