{"id":12831,"date":"2014-01-07T20:16:25","date_gmt":"2014-01-07T18:16:25","guid":{"rendered":"http:\/\/www.bbyhaber.com\/bby\/?p=12831"},"modified":"2014-01-07T20:16:39","modified_gmt":"2014-01-07T18:16:39","slug":"sehirlerarasi-otobuslerde-sesli-kitap-donemi","status":"publish","type":"post","link":"https:\/\/www.bbyhaber.com\/bby\/2014\/01\/07\/sehirlerarasi-otobuslerde-sesli-kitap-donemi","title":{"rendered":"\u015eehirleraras\u0131 otob\u00fcslerde sesli kitap d\u00f6nemi"},"content":{"rendered":"<p style=\"text-align: justify;\"><img loading=\"lazy\" decoding=\"async\" class=\"alignleft\" src=\"http:\/\/i.tmgrup.com.tr\/tkn\/2014\/01\/05\/400x279\/514819242348400279.jpg\" alt=\"\" width=\"250\" height=\"100\" \/>2008&#8217;de Birle\u015fmi\u015f Milletler&#8217;in Evrensel \u0130lkeler S\u00f6zle\u015fmesi&#8217;ne imza atan ilk otob\u00fcs i\u015fletmesi olan Kamil Ko\u00e7, o tarihten bu yana toplumsal f\u0131rsat e\u015fitli\u011fi yaratacak uygulamalara yat\u0131r\u0131m yap\u0131yor. Bu uygulamalar\u0131n ba\u015f\u0131nda da engellilere y\u00f6nelik teknolojik yenilikler geliyor. Engelli yolcu say\u0131s\u0131n\u0131n tahminlerin \u00fczerinde oldu\u011funu ve bunu art\u0131rmay\u0131 hedeflediklerini belirten Kamil Ko\u00e7 Genel M\u00fcd\u00fcr\u00fc Kemal Erdo\u011fan<!--more-->, \u015firketin aktif oldu\u011fu 38 ildeki 550 sat\u0131\u015f noktas\u0131ndan ge\u00e7en y\u0131l 200 bin engelli yolcunun 653 bin kez seyahat etti\u011fini belirtti. Y\u0131lda 15 milyon yolcu ta\u015f\u0131d\u0131klar\u0131 d\u00fc\u015f\u00fcn\u00fcld\u00fc\u011f\u00fcnde bunun \u00f6nemli bir oran oldu\u011funu vurgulayan Erdo\u011fan, g\u00f6rme engellilerden ba\u015flamak \u00fczere sosyal sorumluluk \u00e7al\u0131\u015fmalar\u0131n\u0131n oda\u011f\u0131na fiziksel dezavantaj\u0131 olan gruplar\u0131 koyduklar\u0131n\u0131 ifade etti.<\/p>\n<p style=\"text-align: justify;\"><strong>Mesnevi&#8217;yle seyahat<\/strong><\/p>\n<p style=\"text-align: justify;\">Ge\u00e7en y\u0131l 50 bin g\u00f6rme engelli yolcunun Kamil Ko\u00e7 otob\u00fcslerinde seyahat etti\u011fini anlatan Erdo\u011fan, \u015firket olarak topyek\u00fcn bir projeye ba\u015flayarak d\u00fcnyada bir ilke imza att\u0131klar\u0131n\u0131 s\u00f6yledi. &#8220;Yol arkada\u015f\u0131&#8221; isimli proje \u00e7er\u00e7evesinde \u015firketin sahip oldu\u011fu 650 otob\u00fcs yenilendi. Otob\u00fcslerdeki ki\u015fisel koltuk ekranlar\u0131na &#8220;sesli kitap&#8221;lar y\u00fcklendi. Bunun i\u00e7in Kamil Ko\u00e7 \u00e7al\u0131\u015fanlar\u0131 Ay\u015fe Kulin ve Elif \u015eafak gibi g\u00fcncel yazarlar\u0131n yan\u0131 s\u0131ra 1001 Gece Masallar\u0131, Yunus Emre&#8217;nin Mesnevi&#8217;si gibi klasik eserleri de i\u00e7eren 20 kitab\u0131 seslendirdi. \u0130\u00e7eri\u011fin s\u00fcrekli g\u00fcncellenece\u011fini belirten Kemal Erdo\u011fan projede G\u00f6rme Engelliler Teknoloji ve E\u011fitim Laboratuvar\u0131&#8217;yla (GETEM) i\u015fbirli\u011fi yapt\u0131klar\u0131n\u0131 s\u00f6yledi. Bu y\u0131l 65 bin g\u00f6rme engelli yolcu ta\u015f\u0131may\u0131 hedeflediklerini vurgulayan Erdo\u011fan planlar\u0131n\u0131 \u015f\u00f6yle anlatt\u0131: &#8220;Amac\u0131m\u0131z bu ki\u015filerin seyahatlerini daha keyifli hale getirmek. Otob\u00fcs i\u00e7i d\u00fczenlemeler projenin ilk ad\u0131m\u0131. Gerek otogarlar gerekse bilet sat\u0131\u015f noktalar\u0131nda engellilere y\u00f6nelik yeni uygulamalar i\u00e7in \u00e7al\u0131\u015f\u0131yoruz.&#8221;<\/p>\n<p style=\"text-align: justify;\">Kaynak:\u00a0http:\/\/www.teknokulis.com<\/p>\n","protected":false},"excerpt":{"rendered":"<p>2008&#8217;de Birle\u015fmi\u015f Milletler&#8217;in Evrensel \u0130lkeler S\u00f6zle\u015fmesi&#8217;ne imza atan ilk otob\u00fcs i\u015fletmesi olan Kamil Ko\u00e7, o tarihten bu yana toplumsal f\u0131rsat e\u015fitli\u011fi yaratacak uygulamalara yat\u0131r\u0131m yap\u0131yor. Bu uygulamalar\u0131n ba\u015f\u0131nda da engellilere y\u00f6nelik teknolojik yenilikler geliyor. Engelli yolcu say\u0131s\u0131n\u0131n tahminlerin \u00fczerinde oldu\u011funu ve bunu art\u0131rmay\u0131 hedeflediklerini belirten Kamil Ko\u00e7 Genel M\u00fcd\u00fcr\u00fc Kemal Erdo\u011fan<\/p>\n","protected":false},"author":1,"featured_media":0,"comment_status":"open","ping_status":"open","sticky":false,"template":"","format":"standard","meta":{"footnotes":""},"categories":[1480,1481,1,1503],"tags":[],"class_list":["post-12831","post","type-post","status-publish","format-standard","hentry","category-e-book","category-e-kitap","category-genel","category-sesli-kutuphane"],"_links":{"self":[{"href":"https:\/\/www.bbyhaber.com\/bby\/wp-json\/wp\/v2\/posts\/12831"}],"collection":[{"href":"https:\/\/www.bbyhaber.com\/bby\/wp-json\/wp\/v2\/posts"}],"about":[{"href":"https:\/\/www.bbyhaber.com\/bby\/wp-json\/wp\/v2\/types\/post"}],"author":[{"embeddable":true,"href":"https:\/\/www.bbyhaber.com\/bby\/wp-json\/wp\/v2\/users\/1"}],"replies":[{"embeddable":true,"href":"https:\/\/www.bbyhaber.com\/bby\/wp-json\/wp\/v2\/comments?post=12831"}],"version-history":[{"count":0,"href":"https:\/\/www.bbyhaber.com\/bby\/wp-json\/wp\/v2\/posts\/12831\/revisions"}],"wp:attachment":[{"href":"https:\/\/www.bbyhaber.com\/bby\/wp-json\/wp\/v2\/media?parent=12831"}],"wp:term":[{"taxonomy":"category","embeddable":true,"href":"https:\/\/www.bbyhaber.com\/bby\/wp-json\/wp\/v2\/categories?post=12831"},{"taxonomy":"post_tag","embeddable":true,"href":"https:\/\/www.bbyhaber.com\/bby\/wp-json\/wp\/v2\/tags?post=12831"}],"curies":[{"name":"wp","href":"https:\/\/api.w.org\/{rel}","templated":true}]}}