{"id":12822,"date":"2014-01-07T20:25:38","date_gmt":"2014-01-07T18:25:38","guid":{"rendered":"http:\/\/www.bbyhaber.com\/bby\/?p=12822"},"modified":"2014-01-07T20:21:38","modified_gmt":"2014-01-07T18:21:38","slug":"ana-kiz-kutuphanedeyiz-projesi-gumushane","status":"publish","type":"post","link":"https:\/\/www.bbyhaber.com\/bby\/2014\/01\/07\/ana-kiz-kutuphanedeyiz-projesi-gumushane","title":{"rendered":"Ana K\u0131z K\u00fct\u00fcphanedeyiz Projesi-G\u00fcm\u00fc\u015fhane"},"content":{"rendered":"<p style=\"text-align: justify;\"><img loading=\"lazy\" decoding=\"async\" class=\"alignleft\" src=\"http:\/\/i.haberyurdum.com\/images\/news\/149615.jpg\" alt=\"\" width=\"243\" height=\"161\" \/>G\u00fcm\u00fc\u015fhane\u2019nin Kelkit il\u00e7esinde SODES kapsam\u0131nda y\u00fcr\u00fct\u00fclen \u201cAna K\u0131z K\u00fct\u00fcphanedeyiz\u201d projesi kapsam\u0131nda 15 k\u00f6ye k\u00fct\u00fcphane kuruldu. Kelkit Kaymakaml\u0131\u011f\u0131 K\u00f6ylere Hizmet G\u00f6t\u00fcrme Birli\u011fi b\u00fcnyesinde ki Kelkit \u00c7evre Koruma E\u011fitim ve K\u00fclt\u00fcr Derne\u011fi taraf\u0131ndan y\u00fcr\u00fct\u00fclen proje ile olu\u015fturulan k\u00fct\u00fcphane ve kitaplar k\u00f6y muhtarlar\u0131na teslim edildi. Toplam b\u00fct\u00e7esi 61 bin 500 lira olan proje ile kad\u0131nlar\u0131n daha rahat ula\u015fmas\u0131 i\u00e7in k\u00f6y konaklar\u0131 ve yas evlerine kurulacak k\u00fct\u00fcphaneler kitaplarla donat\u0131larak \u00f6zellikle k\u00f6ylerdeki k\u0131z \u00e7ocuklar\u0131n\u0131n anneleri ile birlikte kitap okumalar\u0131 ama\u00e7lan\u0131yor.<!--more--><\/p>\n<p style=\"text-align: justify;\">Olu\u015fturulan k\u00fct\u00fcphanelerinin t\u00fcm k\u00f6y halk\u0131n\u0131n da istifade etmesine \u00f6zen g\u00f6sterildi\u011fini ifade eden Kelkit Kaymakam\u0131 Ozan Gazel, \u201cProjemiz; k\u00f6ylerimizde ya\u015famakta olan bu \u00e7ocuklar\u0131m\u0131z\u0131n su\u00e7a itilmelerini \u00f6nlemek, uyu\u015fturucu, ba\u011f\u0131ml\u0131l\u0131k yaratan k\u00f6t\u00fc al\u0131\u015fkanl\u0131klardan uzak, sa\u011fl\u0131kl\u0131 gen\u00e7 nesiller yeti\u015ftirmek i\u00e7in toplumumuzun dezavantajl\u0131 kesiminde yer alan anne ve k\u0131zlar\u0131n\u0131n okuma faaliyetlerinin y\u00fcr\u00fct\u00fclmesi ile SODES Projesinin de ana hedeflerinden olan; sosyal b\u00fct\u00fcnle\u015fme ve k\u00fclt\u00fcr alanlar\u0131nda g\u00f6\u00e7, yoksulluk ve i\u015fsizlik gibi sorunlar\u0131n ve de\u011fi\u015fen sosyal yap\u0131n\u0131n ortaya \u00e7\u0131kard\u0131\u011f\u0131 ihtiya\u00e7lara k\u0131sa s\u00fcrede kar\u015f\u0131l\u0131k vermeyi hedefleyen insan odakl\u0131 proje anlay\u0131\u015f\u0131na hizmet etmek, anne ve k\u0131zlar\u0131n\u0131n toplumsal yap\u0131n\u0131n ortaya \u00e7\u0131kard\u0131\u011f\u0131 dezavantajl\u0131 durumlar\u0131n\u0131 okuyarak, do\u011frular\u0131 do\u011fru kaynaklardan \u00f6\u011frenerek mevcut cehalet ortam\u0131n\u0131 yenmelerine katk\u0131 sa\u011flamak \u00fczere tasarlanm\u0131\u015ft\u0131r.\u201d dedi.<\/p>\n<p style=\"text-align: justify;\">K\u00fct\u00fcphane kurulan k\u00f6ylerin isimleri \u015fu \u015fekilde: Aziz, Gerdekhisar, \u00d6\u011f\u00fctl\u00fc, Kara\u00e7ay\u0131r, Derey\u00fcz\u00fc, Yeniyol, Sadak, K\u0131l\u0131\u00e7c\u0131, K\u0131l\u0131\u00e7ta\u015f, \u00d6zen, Babakona\u011f\u0131, Ba\u015fp\u0131nar, Balkaya, \u00c7amba\u015f\u0131, \u00c7amur.<\/p>\n<p>Kaynak: http:\/\/www.haberyurdum.com\/<\/p>\n","protected":false},"excerpt":{"rendered":"<p>G\u00fcm\u00fc\u015fhane\u2019nin Kelkit il\u00e7esinde SODES kapsam\u0131nda y\u00fcr\u00fct\u00fclen \u201cAna K\u0131z K\u00fct\u00fcphanedeyiz\u201d projesi kapsam\u0131nda 15 k\u00f6ye k\u00fct\u00fcphane kuruldu. Kelkit Kaymakaml\u0131\u011f\u0131 K\u00f6ylere Hizmet G\u00f6t\u00fcrme Birli\u011fi b\u00fcnyesinde ki Kelkit \u00c7evre Koruma E\u011fitim ve K\u00fclt\u00fcr Derne\u011fi taraf\u0131ndan y\u00fcr\u00fct\u00fclen proje ile olu\u015fturulan k\u00fct\u00fcphane ve kitaplar k\u00f6y muhtarlar\u0131na teslim edildi. Toplam b\u00fct\u00e7esi 61 bin 500 lira olan proje ile kad\u0131nlar\u0131n daha rahat ula\u015fmas\u0131 [&hellip;]<\/p>\n","protected":false},"author":1,"featured_media":0,"comment_status":"open","ping_status":"open","sticky":false,"template":"","format":"standard","meta":{"footnotes":""},"categories":[1,1498],"tags":[],"class_list":["post-12822","post","type-post","status-publish","format-standard","hentry","category-genel","category-koy-kutuphaneleri"],"_links":{"self":[{"href":"https:\/\/www.bbyhaber.com\/bby\/wp-json\/wp\/v2\/posts\/12822"}],"collection":[{"href":"https:\/\/www.bbyhaber.com\/bby\/wp-json\/wp\/v2\/posts"}],"about":[{"href":"https:\/\/www.bbyhaber.com\/bby\/wp-json\/wp\/v2\/types\/post"}],"author":[{"embeddable":true,"href":"https:\/\/www.bbyhaber.com\/bby\/wp-json\/wp\/v2\/users\/1"}],"replies":[{"embeddable":true,"href":"https:\/\/www.bbyhaber.com\/bby\/wp-json\/wp\/v2\/comments?post=12822"}],"version-history":[{"count":0,"href":"https:\/\/www.bbyhaber.com\/bby\/wp-json\/wp\/v2\/posts\/12822\/revisions"}],"wp:attachment":[{"href":"https:\/\/www.bbyhaber.com\/bby\/wp-json\/wp\/v2\/media?parent=12822"}],"wp:term":[{"taxonomy":"category","embeddable":true,"href":"https:\/\/www.bbyhaber.com\/bby\/wp-json\/wp\/v2\/categories?post=12822"},{"taxonomy":"post_tag","embeddable":true,"href":"https:\/\/www.bbyhaber.com\/bby\/wp-json\/wp\/v2\/tags?post=12822"}],"curies":[{"name":"wp","href":"https:\/\/api.w.org\/{rel}","templated":true}]}}