{"id":12818,"date":"2014-01-05T00:42:06","date_gmt":"2014-01-04T22:42:06","guid":{"rendered":"http:\/\/www.bbyhaber.com\/bby\/?p=12818"},"modified":"2014-01-05T00:43:12","modified_gmt":"2014-01-04T22:43:12","slug":"bize-her-yer-kutuphane-trabzon","status":"publish","type":"post","link":"https:\/\/www.bbyhaber.com\/bby\/2014\/01\/05\/bize-her-yer-kutuphane-trabzon","title":{"rendered":"Bize Her Yer K\u00fct\u00fcphane-Trabzon"},"content":{"rendered":"<p style=\"text-align: justify;\"><a href=\"http:\/\/www.61saat.com\/images\/upload\/k%C3%BCt%C3%BCphane4.jpg\"><img loading=\"lazy\" decoding=\"async\" class=\"alignleft\" src=\"http:\/\/www.61saat.com\/images\/upload\/k%C3%BCt%C3%BCphane4.jpg\" alt=\"\" width=\"250\" height=\"150\" \/><\/a>Karadeniz\u00a0Teknik \u00dcniversitesi \u00f6\u011frencileri ba\u015flatt\u0131klar\u0131 proje ile otob\u00fcs duraklar\u0131na k\u00fct\u00fcphane kuruyor.\u00a0 KT\u00dc \u00f6\u011frencileri E. Hilal \u00d6zbay, Hacer Ta\u015fdelen, M. Sami Temir Ve Semra Ak\u0131nc\u0131\u2019n\u0131n \u2018Bize Her Yer K\u00fct\u00fcphane\u2019 ad\u0131yla ba\u015flatm\u0131\u015f oldu\u011fu Do\u00e7. Dr. \u015eahinde Yavuz\u2019un y\u00f6netimindeki proje kapsam\u0131nda, S\u00f6\u011f\u00fctl\u00fc\u2019de bulunan iki otob\u00fcs dura\u011f\u0131na kitapl\u0131k a\u00e7\u0131l\u0131\u015f\u0131 ge\u00e7ti\u011fimiz g\u00fcn ger\u00e7ekle\u015fti.\u00a0\u00a0<!--more--><\/p>\n<p style=\"text-align: justify;\">Yurt d\u0131\u015f\u0131nda ve \u00fclkemizde birka\u00e7 \u015fehirde uygulanan projenin, Trabzon\u2019da da faaliyete ge\u00e7irilmesi bu projeyle sa\u011fland\u0131. \u015euan i\u00e7in sadece S\u00f6\u011f\u00fctl\u00fc duraklar\u0131nda ba\u015flat\u0131lan projeye verilen destek \u00f6\u011frencileri mutlu ederken, proje halk\u0131n ilgisini \u00e7ekmeyi ba\u015fard\u0131. \u0130lerleyen g\u00fcnlerde\u00a0Trabzon\u00a0Merkezinde ve Kanuni Kamp\u00fcs\u00fc \u00e7evresinde de ger\u00e7ekle\u015ftirilmesi d\u00fc\u015f\u00fcn\u00fclen proje ile ilgili konu\u015fma yapan Do\u00e7. Dr. \u015eahinde Yavuz: \u201c\u00d6\u011frencilerimin sadece toplumdan alan de\u011fil topluma katk\u0131 veren bir projeyle mezun olmalar\u0131n\u0131 \u00e7ok istiyorum. Toplumda bunun bir sinerji yarataca\u011f\u0131na t\u00fcm g\u00f6nl\u00fcmle inan\u0131yorum. \u00d6\u011frencilerim bu sayede farkl\u0131 bak\u0131\u015f a\u00e7\u0131lar\u0131 kazanacakt\u0131r. Bu anlamda \u2018Bize Her Yer K\u00fct\u00fcphane\u2019 projesinin \u00e7ok modern oldu\u011funa ve toplumsal hayatta farkl\u0131l\u0131k yarataca\u011f\u0131na inan\u0131yorum\u201d diyerek projenin \u00f6nemine dikkat \u00e7ekti. Projeye destek olan herkese te\u015fekk\u00fcrlerini sunan \u00f6\u011frenciler, projenin ba\u015far\u0131l\u0131 olmas\u0131 i\u00e7in ellerinden geleni yapacaklar\u0131n\u0131 ve\u00a0Trabzon\u00a0halk\u0131ndan gereken deste\u011fi beklediklerini belirterek projenin ba\u015far\u0131ya ula\u015fmas\u0131 temennisinde bulundular.<\/p>\n<p style=\"text-align: justify;\">Kaynak: http:\/\/www.61saat.com<\/p>\n","protected":false},"excerpt":{"rendered":"<p>Karadeniz\u00a0Teknik \u00dcniversitesi \u00f6\u011frencileri ba\u015flatt\u0131klar\u0131 proje ile otob\u00fcs duraklar\u0131na k\u00fct\u00fcphane kuruyor.\u00a0 KT\u00dc \u00f6\u011frencileri E. Hilal \u00d6zbay, Hacer Ta\u015fdelen, M. Sami Temir Ve Semra Ak\u0131nc\u0131\u2019n\u0131n \u2018Bize Her Yer K\u00fct\u00fcphane\u2019 ad\u0131yla ba\u015flatm\u0131\u015f oldu\u011fu Do\u00e7. Dr. \u015eahinde Yavuz\u2019un y\u00f6netimindeki proje kapsam\u0131nda, S\u00f6\u011f\u00fctl\u00fc\u2019de bulunan iki otob\u00fcs dura\u011f\u0131na kitapl\u0131k a\u00e7\u0131l\u0131\u015f\u0131 ge\u00e7ti\u011fimiz g\u00fcn ger\u00e7ekle\u015fti.\u00a0\u00a0<\/p>\n","protected":false},"author":1,"featured_media":0,"comment_status":"open","ping_status":"open","sticky":false,"template":"","format":"standard","meta":{"footnotes":""},"categories":[1,1504],"tags":[],"class_list":["post-12818","post","type-post","status-publish","format-standard","hentry","category-genel","category-sokak-kutuphaneleri"],"_links":{"self":[{"href":"https:\/\/www.bbyhaber.com\/bby\/wp-json\/wp\/v2\/posts\/12818"}],"collection":[{"href":"https:\/\/www.bbyhaber.com\/bby\/wp-json\/wp\/v2\/posts"}],"about":[{"href":"https:\/\/www.bbyhaber.com\/bby\/wp-json\/wp\/v2\/types\/post"}],"author":[{"embeddable":true,"href":"https:\/\/www.bbyhaber.com\/bby\/wp-json\/wp\/v2\/users\/1"}],"replies":[{"embeddable":true,"href":"https:\/\/www.bbyhaber.com\/bby\/wp-json\/wp\/v2\/comments?post=12818"}],"version-history":[{"count":0,"href":"https:\/\/www.bbyhaber.com\/bby\/wp-json\/wp\/v2\/posts\/12818\/revisions"}],"wp:attachment":[{"href":"https:\/\/www.bbyhaber.com\/bby\/wp-json\/wp\/v2\/media?parent=12818"}],"wp:term":[{"taxonomy":"category","embeddable":true,"href":"https:\/\/www.bbyhaber.com\/bby\/wp-json\/wp\/v2\/categories?post=12818"},{"taxonomy":"post_tag","embeddable":true,"href":"https:\/\/www.bbyhaber.com\/bby\/wp-json\/wp\/v2\/tags?post=12818"}],"curies":[{"name":"wp","href":"https:\/\/api.w.org\/{rel}","templated":true}]}}