{"id":12814,"date":"2014-01-05T00:38:48","date_gmt":"2014-01-04T22:38:48","guid":{"rendered":"http:\/\/www.bbyhaber.com\/bby\/?p=12814"},"modified":"2014-01-12T22:35:55","modified_gmt":"2014-01-12T20:35:55","slug":"ceteler-lubnanda-kutuphane-yakti","status":"publish","type":"post","link":"https:\/\/www.bbyhaber.com\/bby\/2014\/01\/05\/ceteler-lubnanda-kutuphane-yakti","title":{"rendered":"\u00c7eteler L\u00fcbnan&#8217;da k\u00fct\u00fcphane yakt\u0131"},"content":{"rendered":"<p style=\"text-align: justify;\">L\u00fcbnan&#8217;\u0131n kuzeyinde bulunan ve \u00fclkenin ikinci b\u00fcy\u00fck kenti olan Trablus\u015fam&#8217;da insanl\u0131k d\u0131\u015f\u0131 bir olay ya\u015fand\u0131. Kentte bulunan El Saih K\u00fct\u00fcphanesi&#8217;ni y\u00f6neten rahip \u0130brahim Suruc, uzun s\u00fcredir bulundu\u011fu binay\u0131 yok etmek isteyen m\u00fcteahhitlere kar\u015f\u0131 k\u00fct\u00fcphaneyi ya\u015fatmaya \u00e7al\u0131\u015f\u0131yordu. Ancak Trablus\u015fam&#8217;da bir s\u00fcredir etkili olan Suudi destekli Selefi \u00e7eteler, k\u00fct\u00fcphanede \u0130slam&#8217;a hakaret eden bir makale bulundu\u011funu idddia ederek onu yakt\u0131.<!--more--><\/p>\n<p style=\"text-align: justify;\">\u0130\u00e7inde d\u00fcnyada yaln\u0131zca tek kopyas\u0131n\u0131n bulundu\u011fu \u0130slam&#8217;la ilgili nadide kitaplar\u0131n bulundu\u011fu 78 bin kitab\u0131n \u00fc\u00e7te biri, k\u00fct\u00fcphane ile birlikte yok oldu. \u0130ddiaya g\u00f6re, k\u00fct\u00fcphanedeki &#8220;hakaret i\u00e7eren&#8221; makale bulunduktan sonra kentte bir protesto g\u00f6sterisi planland\u0131. G\u00f6steri, bir Rum Ortodoks olan Suruc&#8217;un kentteki M\u00fcsl\u00fcman \u00f6nderlerle g\u00f6r\u00fc\u015fmesi sonucunda iptal edildi. Ancak k\u00fct\u00fcphanein bir \u00e7al\u0131\u015fan\u0131 Per\u015fembe g\u00fcn\u00fc vurularak yaraland\u0131.<\/p>\n<p style=\"text-align: justify;\">Eski \u0130\u00e7 G\u00fcvenlik Hizmetleri \u015fefi ve Trablus\u015fam&#8217;daki Selefi \u00e7eteleri Suudi Arabistan&#8217;\u0131n deste\u011fiyle \u00f6rg\u00fctledi\u011fi iddia edilen E\u015fref Rifi ise, konunun k\u00fct\u00fcphanedeki makale ile de\u011fil, Suruc&#8217;un internette yay\u0131nlad\u0131\u011f\u0131 bir \u00e7al\u0131\u015fmas\u0131nda \u0130slam&#8217;a hakaret etmesi ile ilgili oldu\u011funu ileri s\u00fcrd\u00fc.<\/p>\n<p>Kaynak: http:\/\/haber.sol.org.tr<\/p>\n","protected":false},"excerpt":{"rendered":"<p>L\u00fcbnan&#8217;\u0131n kuzeyinde bulunan ve \u00fclkenin ikinci b\u00fcy\u00fck kenti olan Trablus\u015fam&#8217;da insanl\u0131k d\u0131\u015f\u0131 bir olay ya\u015fand\u0131. Kentte bulunan El Saih K\u00fct\u00fcphanesi&#8217;ni y\u00f6neten rahip \u0130brahim Suruc, uzun s\u00fcredir bulundu\u011fu binay\u0131 yok etmek isteyen m\u00fcteahhitlere kar\u015f\u0131 k\u00fct\u00fcphaneyi ya\u015fatmaya \u00e7al\u0131\u015f\u0131yordu. Ancak Trablus\u015fam&#8217;da bir s\u00fcredir etkili olan Suudi destekli Selefi \u00e7eteler, k\u00fct\u00fcphanede \u0130slam&#8217;a hakaret eden bir makale bulundu\u011funu idddia ederek [&hellip;]<\/p>\n","protected":false},"author":1,"featured_media":0,"comment_status":"open","ping_status":"open","sticky":false,"template":"","format":"standard","meta":{"footnotes":""},"categories":[1],"tags":[1410,56],"class_list":["post-12814","post","type-post","status-publish","format-standard","hentry","category-genel","tag-uluslararasi-kutuphane-haberleri","tag-yagmalanan-kutuphane"],"_links":{"self":[{"href":"https:\/\/www.bbyhaber.com\/bby\/wp-json\/wp\/v2\/posts\/12814"}],"collection":[{"href":"https:\/\/www.bbyhaber.com\/bby\/wp-json\/wp\/v2\/posts"}],"about":[{"href":"https:\/\/www.bbyhaber.com\/bby\/wp-json\/wp\/v2\/types\/post"}],"author":[{"embeddable":true,"href":"https:\/\/www.bbyhaber.com\/bby\/wp-json\/wp\/v2\/users\/1"}],"replies":[{"embeddable":true,"href":"https:\/\/www.bbyhaber.com\/bby\/wp-json\/wp\/v2\/comments?post=12814"}],"version-history":[{"count":0,"href":"https:\/\/www.bbyhaber.com\/bby\/wp-json\/wp\/v2\/posts\/12814\/revisions"}],"wp:attachment":[{"href":"https:\/\/www.bbyhaber.com\/bby\/wp-json\/wp\/v2\/media?parent=12814"}],"wp:term":[{"taxonomy":"category","embeddable":true,"href":"https:\/\/www.bbyhaber.com\/bby\/wp-json\/wp\/v2\/categories?post=12814"},{"taxonomy":"post_tag","embeddable":true,"href":"https:\/\/www.bbyhaber.com\/bby\/wp-json\/wp\/v2\/tags?post=12814"}],"curies":[{"name":"wp","href":"https:\/\/api.w.org\/{rel}","templated":true}]}}