{"id":12804,"date":"2014-01-03T22:28:31","date_gmt":"2014-01-03T20:28:31","guid":{"rendered":"http:\/\/www.bbyhaber.com\/bby\/?p=12804"},"modified":"2015-01-12T16:01:48","modified_gmt":"2015-01-12T14:01:48","slug":"8-ankara-kitap-fuari-acis-konusmasi-ali-fuat-kartal","status":"publish","type":"post","link":"https:\/\/www.bbyhaber.com\/bby\/2014\/01\/03\/8-ankara-kitap-fuari-acis-konusmasi-ali-fuat-kartal","title":{"rendered":"8. Ankara Kitap Fuar\u0131 A\u00e7\u0131\u015f Konu\u015fmas\u0131-Ali Fuat Kartal"},"content":{"rendered":"<p style=\"text-align: justify;\"><img loading=\"lazy\" decoding=\"async\" class=\"alignleft\" src=\"http:\/\/www.bbyhaber.com\/bby\/wp-content\/uploads\/bby-dernek-logolar\/tkd-logo.png\" alt=\"\" width=\"155\" height=\"100\" \/>Eyl\u00fcl Fuarc\u0131l\u0131\u011f\u0131n katk\u0131lar\u0131yla <span style=\"color: #0000ff;\"><strong>03-12 Ocak 2014<\/strong><\/span>\u00a0tarihleri aras\u0131nda\u00a0<span style=\"color: #0000ff;\"><strong>ATO Congresium\u2019da <\/strong><\/span>d\u00fczenlenecek olan <a title=\"8.Ankara Kitap Fuar\u0131\" href=\"http:\/\/www.bbyhaber.com\/bby\/2014\/01\/03\/8-ankara-kitap-fuari\/\">8. Ankara Kitap Fuar\u0131<\/a>&#8216;nda TKD Genel Ba\u015fkan\u0131 Ali Fuat Kartal a\u00e7\u0131\u015f konu\u015fmas\u0131 yapt\u0131:<\/p>\n<p style=\"text-align: justify;\">De\u011ferli Konuklar, 8. Ankara Kitap Fuar\u0131&#8217;na ho\u015f geldiniz. Hepinizi sayg\u0131lar\u0131mla selaml\u0131yorum.<\/p>\n<p style=\"text-align: justify;\">Ankaral\u0131lar olarak, yeni y\u0131l\u0131 kitap fuar\u0131 ile kar\u015f\u0131l\u0131yoruz. Umar\u0131m y\u0131l boyunca Ba\u015fkent&#8217;in ad\u0131na yak\u0131\u015f\u0131r k\u00fclt\u00fcrel etkinliklerle dolu bir y\u0131l ge\u00e7iririz.<!--more--><\/p>\n<p style=\"text-align: justify;\">Eyl\u00fcl Fuarc\u0131l\u0131k TKD\u2019nin de deste\u011fiyle 8 y\u0131ld\u0131r Kitap Fuar\u0131 d\u00fczenlemekte. Ne Ankara Belediyesi&#8217;nin ne de ilgili Bakanl\u0131klar\u0131n gerekli deste\u011fi olmadan&#8230; Bu ba\u011flamda Eyl\u00fcl Fuarc\u0131l\u0131k\u2019\u0131n sahibi Say\u0131n Remzi \u00c7ay\u0131r\u2019a Ankaral\u0131lar ad\u0131na te\u015fekk\u00fcr ediyorum.\u00a0Ayr\u0131ca fuara kat\u0131lan yay\u0131nevleri ve yazarlar\u0131m\u0131za yarat\u0131klar\u0131 bu k\u00fclt\u00fcr ortam\u0131 i\u00e7in okuyucular ad\u0131na \u00f6zel olarak te\u015fekk\u00fcr ediyorum.<\/p>\n<p style=\"text-align: justify;\">De\u011ferli Konuklar,<\/p>\n<p style=\"text-align: justify;\">Bug\u00fcn yay\u0131nc\u0131l\u0131k kesimi, korsan yay\u0131n, kitaba uygulanan KDV oranlar\u0131 ve telif haklar\u0131 gibi sorunlarla m\u00fccadele etmektedir.\u00a0Bu durum hem yay\u0131nc\u0131l\u0131k hayat\u0131m\u0131z\u0131n hem de toplumsal geli\u015fmemizin \u00f6n\u00fcndeki en b\u00fcy\u00fck engel olarak durmaktad\u0131r.<\/p>\n<p style=\"text-align: justify;\">De\u011ferli Konuklar,<strong><\/strong><\/p>\n<p style=\"text-align: justify;\"><strong>2013 y\u0131l\u0131nda ISBN Ajans\u0131&#8217;na 5709 Yay\u0131mc\u0131 taraf\u0131ndan 47352 ISBN ba\u015fvurusunda bulunulmu\u015ftur.\u00a0<\/strong>Bu yay\u0131nlar\u0131n tamam\u0131n\u0131n bas\u0131ld\u0131\u011f\u0131n\u0131 varsaysak bile Avrupa \u00fclkeleri ile kar\u015f\u0131la\u015ft\u0131rd\u0131\u011f\u0131m\u0131z zaman 76 Milyon n\u00fcfusu olan \u00fclkemiz i\u00e7in olduk\u00e7a yetersiz bir rakamd\u0131r.<\/p>\n<p style=\"text-align: justify;\">De\u011ferli Konuklar,<\/p>\n<p style=\"text-align: justify;\">Bildi\u011finiz gibi yeni y\u0131la girdi\u011fimiz \u015fu g\u00fcnlerde memleketimizde olan biten \u015feylerin h\u0131z\u0131na yeti\u015femiyoruz. Anl\u0131k geli\u015fmeleri takip ederken kavram karma\u015fas\u0131, dolay\u0131s\u0131yla kendimizi bilgi kirlili\u011finin i\u00e7inde buluyoruz. \u0130\u00e7inden ge\u00e7ti\u011fimiz zamanda ya\u015fananlar\u0131 do\u011fru kavrayabilmek i\u00e7in daha \u00e7ok okumak zorunday\u0131z ki olaylar\u0131 daha iyi alg\u0131layal\u0131m. Yoksa bu bilgi kirlili\u011fi i\u00e7erisinde kaybolup gideriz.\u00a0Okuyan bir nesil i\u00e7in k\u00fct\u00fcphanelere ve yay\u0131n evlerine b\u00fcy\u00fck g\u00f6revler d\u00fc\u015fmektedir. Yay\u0131nevlerimiz ne kadar kaliteli kitap basarlarsa, k\u00fct\u00fcphanelerimiz ne kadar zenginle\u015firse,\u00a0 okuyucu say\u0131s\u0131 da bu oranda artacak ve \u00e7ocuklar\u0131m\u0131z daha bilin\u00e7le yeti\u015feceklerdir.\u00a0Kitap fuarlar\u0131 da bu ba\u011flamda yay\u0131nevleri, okuyucular ve yazarlar a\u00e7\u0131s\u0131ndan bir bulu\u015fma yerleridir. Bu ba\u011flamda bol okuyuculu, iyi bir fuar olmas\u0131 diliyor, hepinizi sayg\u0131lar\u0131mla selaml\u0131yorum.<\/p>\n<p style=\"text-align: justify;\"><em>\u00a0Ali Fuat KARTAL\u00a0<\/em><\/p>\n<p style=\"text-align: justify;\"><em>T\u00fcrk K\u00fct\u00fcphaneciler Derne\u011fi<\/em><\/p>\n<p style=\"text-align: justify;\"><em>Genel Ba\u015fkan\u0131<\/em><\/p>\n<p style=\"text-align: justify;\">Kaynak: http:\/\/www.kutuphaneci.org.tr\/<\/p>\n","protected":false},"excerpt":{"rendered":"<p>Eyl\u00fcl Fuarc\u0131l\u0131\u011f\u0131n katk\u0131lar\u0131yla 03-12 Ocak 2014\u00a0tarihleri aras\u0131nda\u00a0ATO Congresium\u2019da d\u00fczenlenecek olan 8. Ankara Kitap Fuar\u0131&#8216;nda TKD Genel Ba\u015fkan\u0131 Ali Fuat Kartal a\u00e7\u0131\u015f konu\u015fmas\u0131 yapt\u0131: De\u011ferli Konuklar, 8. Ankara Kitap Fuar\u0131&#8217;na ho\u015f geldiniz. Hepinizi sayg\u0131lar\u0131mla selaml\u0131yorum. Ankaral\u0131lar olarak, yeni y\u0131l\u0131 kitap fuar\u0131 ile kar\u015f\u0131l\u0131yoruz. Umar\u0131m y\u0131l boyunca Ba\u015fkent&#8217;in ad\u0131na yak\u0131\u015f\u0131r k\u00fclt\u00fcrel etkinliklerle dolu bir y\u0131l ge\u00e7iririz.<\/p>\n","protected":false},"author":1,"featured_media":0,"comment_status":"closed","ping_status":"closed","sticky":false,"template":"","format":"standard","meta":{"footnotes":""},"categories":[1474,1,1493],"tags":[],"class_list":["post-12804","post","type-post","status-publish","format-standard","hentry","category-ali-fuat-kartal","category-genel","category-kitap-fuarlari-2"],"_links":{"self":[{"href":"https:\/\/www.bbyhaber.com\/bby\/wp-json\/wp\/v2\/posts\/12804"}],"collection":[{"href":"https:\/\/www.bbyhaber.com\/bby\/wp-json\/wp\/v2\/posts"}],"about":[{"href":"https:\/\/www.bbyhaber.com\/bby\/wp-json\/wp\/v2\/types\/post"}],"author":[{"embeddable":true,"href":"https:\/\/www.bbyhaber.com\/bby\/wp-json\/wp\/v2\/users\/1"}],"replies":[{"embeddable":true,"href":"https:\/\/www.bbyhaber.com\/bby\/wp-json\/wp\/v2\/comments?post=12804"}],"version-history":[{"count":0,"href":"https:\/\/www.bbyhaber.com\/bby\/wp-json\/wp\/v2\/posts\/12804\/revisions"}],"wp:attachment":[{"href":"https:\/\/www.bbyhaber.com\/bby\/wp-json\/wp\/v2\/media?parent=12804"}],"wp:term":[{"taxonomy":"category","embeddable":true,"href":"https:\/\/www.bbyhaber.com\/bby\/wp-json\/wp\/v2\/categories?post=12804"},{"taxonomy":"post_tag","embeddable":true,"href":"https:\/\/www.bbyhaber.com\/bby\/wp-json\/wp\/v2\/tags?post=12804"}],"curies":[{"name":"wp","href":"https:\/\/api.w.org\/{rel}","templated":true}]}}