{"id":12800,"date":"2014-01-03T22:11:56","date_gmt":"2014-01-03T20:11:56","guid":{"rendered":"http:\/\/www.bbyhaber.com\/bby\/?p=12800"},"modified":"2015-01-12T16:02:12","modified_gmt":"2015-01-12T14:02:12","slug":"8-ankara-kitap-fuari","status":"publish","type":"post","link":"https:\/\/www.bbyhaber.com\/bby\/2014\/01\/03\/8-ankara-kitap-fuari","title":{"rendered":"8.Ankara Kitap Fuar\u0131"},"content":{"rendered":"<p style=\"text-align: justify;\">Ankara 5 milyonu a\u015fk\u0131n n\u00fcfusuyla T\u00fcrkiye Cumhuriyeti\u2019nin ba\u015fkentidir. Entelekt\u00fcel \u00e7evrelerin k\u00fcmelendi\u011fi bir mega kent. 15 \u00fcniversiteye sahip, 1 milyonun \u00fcst\u00fcnde \u00fcniversite \u00f6\u011frencisini b\u00fcnyesinde bar\u0131nd\u0131ran dolay\u0131s\u0131yla kitap okunma potansiyelinin bu kadar y\u00fcksek oldu\u011fu ba\u015fkentte Eyl\u00fcl Fuarc\u0131l\u0131k, 10 g\u00fcn boyunca yay\u0131nevleri ve yazarlar\u0131 okurlar\u0131yla bu y\u0131l 8.&#8217;si ger\u00e7ekle\u015fecek olan Ankara Kitap Fuar\u0131\u2019nda bulu\u015fturmaktad\u0131r.<!--more--><\/p>\n<div style=\"text-align: justify;\">\u00d6\u011frencilere okuma al\u0131\u015fkanl\u0131\u011f\u0131 kazand\u0131rman\u0131n yan\u0131 s\u0131ra binlerce kitapseverle onlarca yay\u0131nevini ayn\u0131 \u00e7at\u0131 alt\u0131nda bulu\u015fturarak k\u00fclt\u00fcrel ve ticari olarak kitap sekt\u00f6r\u00fcn\u00fcn geli\u015fmesine katk\u0131da bulunan Eyl\u00fcl Fuarc\u0131l\u0131k, okuyan bilin\u00e7li bireyler yeti\u015fmesine katk\u0131da bulunmaktad\u0131r. Bu sebeple <span style=\"color: #0000ff;\"><strong>03-12 Ocak 2014<\/strong><\/span> tarihleri aras\u0131nda <strong><span style=\"color: #0000ff;\">ATO Congresium&#8217;da<\/span><\/strong> d\u00fczenlenecek olan 8. Ankara Kitap Fuar\u0131 siz de\u011ferli ziyaret\u00e7ilerimizin kat\u0131l\u0131m\u0131n\u0131 bekliyor olacak.<\/div>\n<p style=\"text-align: justify;\">\n","protected":false},"excerpt":{"rendered":"<p>Ankara 5 milyonu a\u015fk\u0131n n\u00fcfusuyla T\u00fcrkiye Cumhuriyeti\u2019nin ba\u015fkentidir. Entelekt\u00fcel \u00e7evrelerin k\u00fcmelendi\u011fi bir mega kent. 15 \u00fcniversiteye sahip, 1 milyonun \u00fcst\u00fcnde \u00fcniversite \u00f6\u011frencisini b\u00fcnyesinde bar\u0131nd\u0131ran dolay\u0131s\u0131yla kitap okunma potansiyelinin bu kadar y\u00fcksek oldu\u011fu ba\u015fkentte Eyl\u00fcl Fuarc\u0131l\u0131k, 10 g\u00fcn boyunca yay\u0131nevleri ve yazarlar\u0131 okurlar\u0131yla bu y\u0131l 8.&#8217;si ger\u00e7ekle\u015fecek olan Ankara Kitap Fuar\u0131\u2019nda bulu\u015fturmaktad\u0131r.<\/p>\n","protected":false},"author":1,"featured_media":0,"comment_status":"open","ping_status":"open","sticky":false,"template":"","format":"standard","meta":{"footnotes":""},"categories":[1,1493],"tags":[],"class_list":["post-12800","post","type-post","status-publish","format-standard","hentry","category-genel","category-kitap-fuarlari-2"],"_links":{"self":[{"href":"https:\/\/www.bbyhaber.com\/bby\/wp-json\/wp\/v2\/posts\/12800"}],"collection":[{"href":"https:\/\/www.bbyhaber.com\/bby\/wp-json\/wp\/v2\/posts"}],"about":[{"href":"https:\/\/www.bbyhaber.com\/bby\/wp-json\/wp\/v2\/types\/post"}],"author":[{"embeddable":true,"href":"https:\/\/www.bbyhaber.com\/bby\/wp-json\/wp\/v2\/users\/1"}],"replies":[{"embeddable":true,"href":"https:\/\/www.bbyhaber.com\/bby\/wp-json\/wp\/v2\/comments?post=12800"}],"version-history":[{"count":0,"href":"https:\/\/www.bbyhaber.com\/bby\/wp-json\/wp\/v2\/posts\/12800\/revisions"}],"wp:attachment":[{"href":"https:\/\/www.bbyhaber.com\/bby\/wp-json\/wp\/v2\/media?parent=12800"}],"wp:term":[{"taxonomy":"category","embeddable":true,"href":"https:\/\/www.bbyhaber.com\/bby\/wp-json\/wp\/v2\/categories?post=12800"},{"taxonomy":"post_tag","embeddable":true,"href":"https:\/\/www.bbyhaber.com\/bby\/wp-json\/wp\/v2\/tags?post=12800"}],"curies":[{"name":"wp","href":"https:\/\/api.w.org\/{rel}","templated":true}]}}