{"id":1277,"date":"2010-05-11T17:15:29","date_gmt":"2010-05-11T17:15:29","guid":{"rendered":"http:\/\/www.bbyhaber.com\/bby\/?p=1277"},"modified":"2012-09-07T13:09:46","modified_gmt":"2012-09-07T10:09:46","slug":"halk-kutuphaneleri-bolge-semineri-denizli","status":"publish","type":"post","link":"https:\/\/www.bbyhaber.com\/bby\/2010\/05\/11\/halk-kutuphaneleri-bolge-semineri-denizli","title":{"rendered":"Halk k\u00fct\u00fcphaneleri b\u00f6lge semineri-Denizli"},"content":{"rendered":"<p style=\"text-align: justify;\">2006 y\u0131l\u0131ndan bu yana s\u00fcrd\u00fcr\u00fclen ve &#8220;\u00c7ocuk K\u00fct\u00fcphaneleri ve K\u00fct\u00fcphanecili\u011fi&#8221; temas\u0131 ile ba\u015flayan yeni seminer dizisinin ilki olan &#8220;Halk K\u00fct\u00fcphaneleri 2010 DEN\u0130ZL\u0130 B\u00f6lge Semineri 7-9 May\u0131s 2010 tarihlerinde TKD, Hacettepe \u00dcniversitesi Bilgi ve Belge Y\u00f6netimi B\u00f6l\u00fcm\u00fc, KYGM ve Goethe Enstit\u00fcs\u00fc i\u015fbirli\u011fi ve Denizli \u0130l Halk K\u00fct\u00fcphanesi-TKD Denizli \u015eubesi Ba\u015fkanl\u0131\u011f\u0131&#8217;n\u0131n ev sahipli\u011finde Denizli&#8217;de ger\u00e7ekle\u015ftirilmi\u015ftir. Bu seminer dizisinin en \u00f6nemli a\u00e7\u0131l\u0131m\u0131 ve farkl\u0131l\u0131\u011f\u0131 toplant\u0131ya yazar ve yay\u0131nc\u0131lar\u0131n da kat\u0131l\u0131m\u0131 olmu\u015ftur. <!--more--><\/p>\n<p style=\"text-align: justify;\" align=\"justify\">Seminerler b\u00fcy\u00fcyerek ve zenginle\u015ferek s\u00fcrmektedir. Bunda kat\u0131l\u0131mc\u0131 ve destekleyici yay\u0131nc\u0131 ve yazarlar\u0131n b\u00fcy\u00fck katk\u0131s\u0131 olmu\u015ftur. Bundan sonraki a\u015famada kat\u0131l\u0131mc\u0131 k\u00fct\u00fcphaneci say\u0131s\u0131n\u0131n art\u0131r\u0131lmas\u0131 planlanmaktad\u0131r. \u0130zmir, Manisa, \u0130zmir, K\u00fctahya, Afyonkarahisar, Eski\u015fehir, U\u015fak, Ayd\u0131n, Mu\u011fla, Burdur, Aksaray, Antalya, Konya, Karaman, Mersin ve Aksaray illerinden gelen halk k\u00fct\u00fcphanecileri ile birlikte toplam 43 kat\u0131l\u0131mc\u0131 ile yap\u0131lan bu seminerde &#8220;\u00c7ocuk K\u00fct\u00fcphaneleri ve K\u00fct\u00fcphanecili\u011fi&#8221; &#8220;\u00c7ocuk Yay\u0131nlar\u0131 ve Yay\u0131nc\u0131l\u0131\u011f\u0131&#8221; &#8220;Almanya \u00c7ocuk K\u00fct\u00fcphanelerine \u0130li\u015fkin G\u00f6zlemler&#8221;, &#8220;\u0130zmir Atat\u00fcrk \u0130l K\u00fct\u00fcphanesi \u00c7ocuk B\u00f6l\u00fcm\u00fc&#8221;, &#8220;Bilgi Hizmetlerinde D\u00fc\u015f\u00fcnce \u00d6zg\u00fcrl\u00fc\u011f\u00fc&#8221;, &#8220;Mesle\u011fimize \u0130li\u015fkin G\u00fcncel Sorunlar ve TKD&#8221;konular\u0131nda sunumlar, foto\u011fraf g\u00f6sterimleri ve \u00e7al\u0131\u015ftaylar yap\u0131lm\u0131\u015ft\u0131r.<\/p>\n<p style=\"text-align: justify;\" align=\"justify\">Seminere KYGM&#8217;yi temsilen Genel M\u00fcd\u00fcr Yard\u0131mc\u0131s\u0131 Semra At\u0131n\u00e7, TKD ad\u0131na Genel Ba\u015fkan Ali Fuat Kartal; \u00c7ocuk Edebiyat\u0131 yazarlar\u0131\/yay\u0131nc\u0131lar\u0131 olarak Mine Soysal, Suzan Gerid\u00f6nmez, Burcu Akta\u015f, Asl\u0131 Tohumcu, Ayd\u0131n \u0130leri ve Deniz Demirta\u015f sunumlar\u0131yla kat\u0131lm\u0131\u015flard\u0131r. Seminerde ana destek\u00e7iler olan TUDEM ve G\u00fcn\u0131\u015f\u0131\u011f\u0131 Kitapl\u0131\u011f ad\u0131na da sunumlar yap\u0131lm\u0131\u015ft\u0131r. Seminer \u00e7er\u00e7evesinde Denizli \u0130l Halk K\u00fct\u00fcphanesi incelenmi\u015f, kat\u0131l\u0131mc\u0131lar taraf\u0131ndan kaynak ve hizmetler a\u00e7\u0131s\u0131ndan de\u011ferlendirilmi\u015ftir. Seminerin \u00fc\u00e7\u00fcnc\u00fc g\u00fcn\u00fc Denizli&#8217;nin tarihsel ve k\u00fclt\u00fcrel mekanlar\u0131 gezilmi\u015ftir. Denizli \u0130l Halk K\u00fct\u00fcphanesi M\u00fcd\u00fcrl\u00fc\u011f\u00fc (M\u00fcd\u00fcr G\u00f6n\u00fcl Konur ve ekibi), organizasyonu b\u00fcy\u00fck bir ba\u015far\u0131 ile ger\u00e7ekle\u015ftirmi\u015flerdir. Seminer sonunda yap\u0131lan de\u011ferlendirme ve al\u0131nan geri bildirimlerden Seminerin son derece yararl\u0131 oldu\u011fu ve verimli ge\u00e7ti\u011fi anla\u015f\u0131lm\u0131\u015ft\u0131r. <strong style=\"text-align: justify;\"><\/strong><\/p>\n<p style=\"text-align: justify;\">Kaynak: Prof. Dr. B\u00fclent YILMAZ<\/p>\n","protected":false},"excerpt":{"rendered":"<p>2006 y\u0131l\u0131ndan bu yana s\u00fcrd\u00fcr\u00fclen ve &#8220;\u00c7ocuk K\u00fct\u00fcphaneleri ve K\u00fct\u00fcphanecili\u011fi&#8221; temas\u0131 ile ba\u015flayan yeni seminer dizisinin ilki olan &#8220;Halk K\u00fct\u00fcphaneleri 2010 DEN\u0130ZL\u0130 B\u00f6lge Semineri 7-9 May\u0131s 2010 tarihlerinde TKD, Hacettepe \u00dcniversitesi Bilgi ve Belge Y\u00f6netimi B\u00f6l\u00fcm\u00fc, KYGM ve Goethe Enstit\u00fcs\u00fc i\u015fbirli\u011fi ve Denizli \u0130l Halk K\u00fct\u00fcphanesi-TKD Denizli \u015eubesi Ba\u015fkanl\u0131\u011f\u0131&#8217;n\u0131n ev sahipli\u011finde Denizli&#8217;de ger\u00e7ekle\u015ftirilmi\u015ftir. Bu seminer [&hellip;]<\/p>\n","protected":false},"author":1,"featured_media":0,"comment_status":"open","ping_status":"open","sticky":false,"template":"","format":"standard","meta":{"footnotes":""},"categories":[1576],"tags":[848],"class_list":["post-1277","post","type-post","status-publish","format-standard","hentry","category-halk-kutuphaneleri-bolge-seminerleri","tag-halk-kutuphaneleri"],"_links":{"self":[{"href":"https:\/\/www.bbyhaber.com\/bby\/wp-json\/wp\/v2\/posts\/1277"}],"collection":[{"href":"https:\/\/www.bbyhaber.com\/bby\/wp-json\/wp\/v2\/posts"}],"about":[{"href":"https:\/\/www.bbyhaber.com\/bby\/wp-json\/wp\/v2\/types\/post"}],"author":[{"embeddable":true,"href":"https:\/\/www.bbyhaber.com\/bby\/wp-json\/wp\/v2\/users\/1"}],"replies":[{"embeddable":true,"href":"https:\/\/www.bbyhaber.com\/bby\/wp-json\/wp\/v2\/comments?post=1277"}],"version-history":[{"count":0,"href":"https:\/\/www.bbyhaber.com\/bby\/wp-json\/wp\/v2\/posts\/1277\/revisions"}],"wp:attachment":[{"href":"https:\/\/www.bbyhaber.com\/bby\/wp-json\/wp\/v2\/media?parent=1277"}],"wp:term":[{"taxonomy":"category","embeddable":true,"href":"https:\/\/www.bbyhaber.com\/bby\/wp-json\/wp\/v2\/categories?post=1277"},{"taxonomy":"post_tag","embeddable":true,"href":"https:\/\/www.bbyhaber.com\/bby\/wp-json\/wp\/v2\/tags?post=1277"}],"curies":[{"name":"wp","href":"https:\/\/api.w.org\/{rel}","templated":true}]}}