{"id":12753,"date":"2013-12-30T22:31:01","date_gmt":"2013-12-30T20:31:01","guid":{"rendered":"http:\/\/www.bbyhaber.com\/bby\/?p=12753"},"modified":"2014-10-30T17:16:38","modified_gmt":"2014-10-30T14:16:38","slug":"tkd-2013-yili-faaliyet-raporu","status":"publish","type":"post","link":"https:\/\/www.bbyhaber.com\/bby\/2013\/12\/30\/tkd-2013-yili-faaliyet-raporu","title":{"rendered":"TKD 2013 Y\u0131l\u0131 Faaliyet Raporu"},"content":{"rendered":"<p style=\"text-align: justify;\"><img loading=\"lazy\" decoding=\"async\" class=\"alignleft\" src=\"http:\/\/www.bbyhaber.com\/bby\/wp-content\/uploads\/bby-dernek-logolar\/tkd-logo.png\" alt=\"\" width=\"70\" height=\"70\" \/>T\u00fcrk K\u00fct\u00fcphaenciler Derne\u011fi (TKD) Ekim 2012-Aral\u0131k 2013 Faaliyet Raporu&#8217;nu yay\u0131nlad\u0131. Rapora g\u00f6re; TKD\u2019nin \u00fclke genelinde il ve il\u00e7elerde 20 \u015eubesi bulunmakta olup, bu raporlama d\u00f6neminde \u00fc\u00e7 \u015eube (\u00c7ank\u0131r\u0131, Sakarya ve Isparta) kapanm\u0131\u015ft\u0131r. TKD \u015eubelerine kay\u0131tl\u0131 toplam \u00fcye say\u0131s\u0131 1.786\u2019d\u0131r.<!--more--><\/p>\n<p style=\"text-align: justify;\"><a href=\"http:\/\/www.bbyhaber.com\/bby\/wp-content\/uploads\/2013\/12\/tkd-uye-sayisi.jpg\"><img loading=\"lazy\" decoding=\"async\" class=\"size-medium wp-image-12755 alignnone\" title=\"tkd-uye-sayisi\" src=\"http:\/\/www.bbyhaber.com\/bby\/wp-content\/uploads\/2013\/12\/tkd-uye-sayisi.jpg\" alt=\"\" width=\"344\" height=\"150\" \/><\/a><\/p>\n<p>\u00a0<strong>\u015eubeler ve Ba\u015fkanlar\u0131 \u015funlard\u0131r:<\/strong><br \/>\n1. Amasya G\u00fcm\u00fc\u015fhac\u0131k\u00f6y \/ Ali Adnan MUSLU<br \/>\n2. Ankara \/ Dide KARA\u015eAH\u0130N<br \/>\n3. Antalya \/ Hakan \u015e\u0130M\u015eEK<br \/>\n4. Ayd\u0131n \/ Ahmet KAYA<br \/>\n5. Bafra \/ Orhan VERAL<br \/>\n6. Bursa \/ Bar\u0131\u015f AKT\u00dcRK<br \/>\n7. Denizli Honaz \/ Feyzi ALTINALAN<br \/>\n8. Denizli \/ Veli CANER<br \/>\n9. Diyarbak\u0131r \/ Metin AKSOY<br \/>\n10. Edirne \/ Salih D\u00d6NMEZ<br \/>\n11. Gaziantep \/ Y\u00fcksel POLAT<br \/>\n12. \u0130stanbul \/ Mehmet MANYAS<br \/>\n13. \u0130zmir \/ A. Murat METE<br \/>\n14. K\u0131rklareli \/ S.Hilal SICAK<br \/>\n15. Konya \/ Buluthan \u00c7ET\u0130NTA\u015e<br \/>\n16. K\u00fctahya \/ Mevl\u00fct \u00c7ET\u0130N<br \/>\n17. K\u00fctahya Tav\u015fanl\u0131 \/ Ahmet SOLMAZ<br \/>\n18. Rize \/ Ali R\u0131za K\u00d6RO\u011eLU<br \/>\n19. U\u015fak \/ Cahit \u00d6ZPINAR<br \/>\n20. Yozgat \/ Nuh Mehmet TOPKARAO\u011eLU<\/p>\n<p>TKD \u015eubelerinin b\u00f6lgesel da\u011f\u0131l\u0131m\u0131<br \/>\n<a href=\"http:\/\/www.bbyhaber.com\/bby\/wp-content\/uploads\/2013\/12\/tkd-bolgelere-dagilimi.jpg\"><img loading=\"lazy\" decoding=\"async\" src=\"http:\/\/www.bbyhaber.com\/bby\/wp-content\/uploads\/2013\/12\/tkd-bolgelere-dagilimi.jpg\" alt=\"\" width=\"436\" height=\"285\" \/><\/a><\/p>\n<p><span style=\"color: #0000ff;\"><strong>2014 y\u0131l\u0131nda ger\u00e7ekle\u015ftirilecek \u00e7al\u0131\u015fmalar<\/strong><\/span><\/p>\n<p style=\"text-align: justify;\">T\u00fcrk K\u00fct\u00fcphaneciler Derne\u011fi Genel Merkezi olarak, 2014 y\u0131l\u0131nda da faaliyetlere Stratejik Plan \u00e7er\u00e7evesinde devam edilecektir. TKD \u015eubelerinin yeniden yap\u0131land\u0131r\u0131lmas\u0131; 50. K\u00fct\u00fcphane Haftas\u0131\u2019n\u0131n organizasyonu ve kutlanmas\u0131; Ta\u015f\u0131n\u0131r Kay\u0131t ve Y\u00f6netim Sistemi ile Harcama Y\u00f6netim Sistemi&#8217;nde ya\u015fanan s\u0131k\u0131nt\u0131lar\u0131n giderilmesi; T\u00fcrkiye K\u00fct\u00fcphaneler Envanteri ile TKD \u0130htisas K\u00fct\u00fcphanesi olu\u015fturulmas\u0131; \u00fclke \u00e7ap\u0131nda \u00f6\u011frencilerin ders \u00e7al\u0131\u015fma salonu ihtiya\u00e7lar\u0131n\u0131n kar\u015f\u0131lanmas\u0131 i\u00e7in al\u0131nmas\u0131 gereken tedbirler ve yeni web sayfas\u0131 gibi konular 2014 y\u0131l\u0131nda T\u00fcrk K\u00fct\u00fcphaneciler Derne\u011fi Genel Merkezi\u2019nin ba\u015fl\u0131ca g\u00fcndemini olu\u015fturmaktad\u0131r.<\/p>\n<p style=\"text-align: justify;\">Bilgi Toplumu\u2019nun e\u015fi\u011findeki \u00fclkemizde, kalk\u0131nma hamlelerini destekleyecek bilgi politikalar\u0131n\u0131n olu\u015fturulabilmesi ve uygulanabilmesi a\u015famas\u0131nda\u00a0 k\u00fct\u00fcphaneler, dolay\u0131s\u0131yla mesleki alg\u0131n\u0131n somutla\u015fm\u0131\u015f hali olan T\u00fcrk K\u00fct\u00fcphaneciler Derne\u011fi hayati \u00f6nem ta\u015f\u0131maktad\u0131r. Bu nedenle her zaman oldu\u011fu gibi \u00f6n\u00fcm\u00fczdeki d\u00f6nemde de, t\u00fcm \u00fcyelerimizin, meslekta\u015flar\u0131m\u0131z\u0131n ve payda\u015flar\u0131m\u0131z\u0131n \u00e7al\u0131\u015fmalar\u0131m\u0131za sunduklar\u0131 katk\u0131n\u0131n devam\u0131n\u0131 diliyorum.<\/p>\n<p>Ali Fuat KARTAL<br \/>\nGenel Ba\u015fkan<\/p>\n<p style=\"text-align: justify;\"><a href=\"http:\/\/www.kutuphaneci.org.tr\/images\/stories\/belgeler\/TKD_FAALIYET_RAPORU.pdf\" target=\"_blank\"><strong><span style=\"color: #ff0000;\">Faaliyet Raporu i\u00e7in t\u0131klay\u0131n\u0131z<\/span><\/strong><\/a><\/p>\n","protected":false},"excerpt":{"rendered":"<p>T\u00fcrk K\u00fct\u00fcphaenciler Derne\u011fi (TKD) Ekim 2012-Aral\u0131k 2013 Faaliyet Raporu&#8217;nu yay\u0131nlad\u0131. Rapora g\u00f6re; TKD\u2019nin \u00fclke genelinde il ve il\u00e7elerde 20 \u015eubesi bulunmakta olup, bu raporlama d\u00f6neminde \u00fc\u00e7 \u015eube (\u00c7ank\u0131r\u0131, Sakarya ve Isparta) kapanm\u0131\u015ft\u0131r. TKD \u015eubelerine kay\u0131tl\u0131 toplam \u00fcye say\u0131s\u0131 1.786\u2019d\u0131r.<\/p>\n","protected":false},"author":1,"featured_media":0,"comment_status":"open","ping_status":"open","sticky":false,"template":"","format":"standard","meta":{"footnotes":""},"categories":[1],"tags":[616],"class_list":["post-12753","post","type-post","status-publish","format-standard","hentry","category-genel","tag-tkd-faaliyet-raporu"],"_links":{"self":[{"href":"https:\/\/www.bbyhaber.com\/bby\/wp-json\/wp\/v2\/posts\/12753"}],"collection":[{"href":"https:\/\/www.bbyhaber.com\/bby\/wp-json\/wp\/v2\/posts"}],"about":[{"href":"https:\/\/www.bbyhaber.com\/bby\/wp-json\/wp\/v2\/types\/post"}],"author":[{"embeddable":true,"href":"https:\/\/www.bbyhaber.com\/bby\/wp-json\/wp\/v2\/users\/1"}],"replies":[{"embeddable":true,"href":"https:\/\/www.bbyhaber.com\/bby\/wp-json\/wp\/v2\/comments?post=12753"}],"version-history":[{"count":0,"href":"https:\/\/www.bbyhaber.com\/bby\/wp-json\/wp\/v2\/posts\/12753\/revisions"}],"wp:attachment":[{"href":"https:\/\/www.bbyhaber.com\/bby\/wp-json\/wp\/v2\/media?parent=12753"}],"wp:term":[{"taxonomy":"category","embeddable":true,"href":"https:\/\/www.bbyhaber.com\/bby\/wp-json\/wp\/v2\/categories?post=12753"},{"taxonomy":"post_tag","embeddable":true,"href":"https:\/\/www.bbyhaber.com\/bby\/wp-json\/wp\/v2\/tags?post=12753"}],"curies":[{"name":"wp","href":"https:\/\/api.w.org\/{rel}","templated":true}]}}