{"id":12750,"date":"2013-12-30T15:41:31","date_gmt":"2013-12-30T13:41:31","guid":{"rendered":"http:\/\/www.bbyhaber.com\/bby\/?p=12750"},"modified":"2013-12-30T15:41:31","modified_gmt":"2013-12-30T13:41:31","slug":"cumhurbaskani-emanetinin-kapisina-kilit-bursa","status":"publish","type":"post","link":"https:\/\/www.bbyhaber.com\/bby\/2013\/12\/30\/cumhurbaskani-emanetinin-kapisina-kilit-bursa","title":{"rendered":"Cumhurba\u015fkan\u0131 emanetinin kap\u0131s\u0131na kilit!-Bursa"},"content":{"rendered":"<p style=\"text-align: justify;\"><img loading=\"lazy\" decoding=\"async\" class=\"alignleft\" src=\"http:\/\/images.bursadabugun.com\/haber\/2013\/12\/29\/345227-cumhurbaskani-emanetinin-kapisina-kilit-nedeni-ise-ozel-haber-52c0948da3b3a.jpg\" alt=\"\" width=\"300\" height=\"200\" \/>T\u00fcrkiye B\u00fcy\u00fck Millet Meclisi&#8217;nce T\u00fcrkiye&#8217;nin \u00fc\u00e7\u00fcnc\u00fc cumhurba\u015fkan\u0131 se\u00e7ilen Celal Bayar&#8217;\u0131n do\u011fdu\u011fu Gemlik Umurbey&#8217;de bizzat kendisi taraf\u0131ndan a\u00e7\u0131lan k\u00fct\u00fcphanenin kap\u0131s\u0131na kilit vuruldu. 1970 y\u0131l\u0131nda Bayar&#8217;\u0131n \u00e7abalar\u0131yla kurulan vakf\u0131n kaynaklar\u0131yla ayakta duran Celal Bayar Vakf\u0131 K\u00fct\u00fcphanesi, bak\u0131ms\u0131zl\u0131ktan aylard\u0131r hizmet veremiyor. A\u015f\u0131r\u0131 ya\u011f\u0131\u015flar nedeniyle tavan\u0131 akan k\u00fct\u00fcphanede ba\u015flat\u0131lan tadilat, kaynak yetersizli\u011fi nedeniyle tamamlanamad\u0131.\u00a0<!--more--><\/p>\n<p style=\"text-align: justify;\"><strong>TAVANI AKIYOR<\/strong><\/p>\n<p style=\"text-align: justify;\">M\u00fcze ve k\u00fct\u00fcphanenin m\u00fcd\u00fcr\u00fc Mustafa \u00d6zdamar, Celal Bayar Vakf\u0131 taraf\u0131ndan giderleri kar\u015f\u0131lanan k\u00fct\u00fcphanenin kaynak yetersizli\u011fi nedeniyle tadilat\u0131n\u0131n tamamlanamad\u0131\u011f\u0131n\u0131 s\u00f6yledi. K\u00fct\u00fcphanenin bak\u0131ms\u0131zl\u0131ktan d\u00f6k\u00fcld\u00fc\u011f\u00fcn\u00fc, bir t\u00fcrl\u00fc tamamlanamayan tadilat nedeniyle kap\u0131s\u0131na kilit vurduklar\u0131n\u0131 belirten \u00d6zdamar, kaynak yetersizli\u011fi nedeniyle isyan etti.<\/p>\n<p style=\"text-align: justify;\"><strong>T\u00dcRK\u0130YE&#8217;N\u0130N EN ZENG\u0130N K\u00dcT\u00dcPHANES\u0130<\/strong><\/p>\n<p style=\"text-align: justify;\">Tavan\u0131 su s\u0131zd\u0131ran, yer d\u00f6\u015femeleri kalkan k\u00fct\u00fcphanede 9 bini Celal Bayar&#8217;a ait olmak \u00fczere 25 bin kitap bulunuyor.\u00a0 Yazma eser, gazete, s\u00fcreli yay\u0131n ve \u00e7ok zengin foto\u011fraf koleksiyonundan olu\u015fan k\u00fct\u00fcphane; 20. Y\u00fczy\u0131l T\u00fcrk tarihini ve siyasi ya\u015fam\u0131n\u0131 i\u00e7ine alan, T\u00fcrkiye&#8217;deki en zengin vak\u0131f k\u00fct\u00fcphanelerinden birisi olma \u00f6zelli\u011fini ta\u015f\u0131yor.<\/p>\n<p style=\"text-align: justify;\"><strong>H\u00dcZ\u00dcNLEND\u0130REN DETAY<\/strong><\/p>\n<p style=\"text-align: justify;\">K\u00fct\u00fcphanede ayr\u0131ca d\u00f6nemin gazete ar\u015fivleri de bulunuyor. Ar\u015fivler aras\u0131nda ise bir ayr\u0131nt\u0131 dikkat \u00e7ekiyor. Atat\u00fcrk&#8217;\u00fcn ya\u015fam\u0131n\u0131 yitirdi\u011fi 10 Kas\u0131m&#8217;\u0131n ertesi g\u00fcn\u00fc 11 Kas\u0131m 1938&#8217;de \u00e7\u0131kar\u0131lan Ak\u015fam Gazetesi de k\u00fct\u00fcphanenin en \u00f6zel eseri&#8230; Ak\u015fam Gazetesi&#8217;nin man\u015fetinde &#8220;T\u00fcrk Milleti! Kurtar\u0131c\u0131n\u0131 ve en b\u00fcy\u00fck evlad\u0131n\u0131 kaybettin. Sen sa\u011f ol! Mukaddes vazifen onun eserini ya\u015fatmak ve devam ettirmektir&#8221; ifadeleri yer al\u0131yor.<\/p>\n<p style=\"text-align: justify;\"><strong>ATAT\u00dcRK&#8217;\u00dcN HATIRASINI CANLI TUTMAK \u0130STED\u0130<\/strong><\/p>\n<p style=\"text-align: justify;\">T\u00fcrkiye&#8217;nin \u00fc\u00e7\u00fcnc\u00fc cumhurba\u015fkan\u0131 Celal Bayar, Umurbey&#8217;de kurdu\u011fu vak\u0131f ile (1967), do\u011fmu\u015f oldu\u011fu k\u00f6ye bir k\u00fct\u00fcphane ve m\u00fcze in\u015fa etmek, nadide bir koleksiyon olan kitaplar\u0131n\u0131 ara\u015ft\u0131rmac\u0131lara ve okuyucuya sunmak ayr\u0131ca kendisine verilen hediyeleri sergilemek istedi. Bayar, bu k\u00fct\u00fcphane ve m\u00fczede kendisinin de kat\u0131ld\u0131\u011f\u0131 ve hatta Bursa civar\u0131 ve Ege B\u00f6lgesi&#8217;nde \u00f6nc\u00fcl\u00fck etti\u011fi Kuvvay\u0131 Milliye hareketinin ve Kurtulu\u015f Sava\u015f\u0131 d\u00f6neminin an\u0131lmas\u0131n\u0131; g\u00f6n\u00fclden ba\u011fl\u0131 oldu\u011fu Atat\u00fcrk&#8217;\u00fcn aziz hat\u0131ras\u0131n\u0131n canl\u0131 tutulmas\u0131n\u0131 arzu etti. Umurbey&#8217;de ayr\u0131ca k\u00fct\u00fcphanenin yan\u0131nda bulunan m\u00fczede Celal Bayar&#8217;a siyasi yasam\u0131 boyunca sunulan hediyeler, aile yadigarlar\u0131, madalyalar, resimler, Kurtulu\u015f Sava\u015f\u0131 hat\u0131ralar\u0131, silahlar ve mobilyalar sergileniyor. Vakf\u0131n ba\u015f\u0131nda Celal Bayar&#8217;\u0131n k\u0131z\u0131 Nil\u00fcfer G\u00fcrsoy bulunuyor.<\/p>\n<p style=\"text-align: justify;\">Kaynak: http:\/\/www.bursadabugun.com\/<\/p>\n","protected":false},"excerpt":{"rendered":"<p>T\u00fcrkiye B\u00fcy\u00fck Millet Meclisi&#8217;nce T\u00fcrkiye&#8217;nin \u00fc\u00e7\u00fcnc\u00fc cumhurba\u015fkan\u0131 se\u00e7ilen Celal Bayar&#8217;\u0131n do\u011fdu\u011fu Gemlik Umurbey&#8217;de bizzat kendisi taraf\u0131ndan a\u00e7\u0131lan k\u00fct\u00fcphanenin kap\u0131s\u0131na kilit vuruldu. 1970 y\u0131l\u0131nda Bayar&#8217;\u0131n \u00e7abalar\u0131yla kurulan vakf\u0131n kaynaklar\u0131yla ayakta duran Celal Bayar Vakf\u0131 K\u00fct\u00fcphanesi, bak\u0131ms\u0131zl\u0131ktan aylard\u0131r hizmet veremiyor. A\u015f\u0131r\u0131 ya\u011f\u0131\u015flar nedeniyle tavan\u0131 akan k\u00fct\u00fcphanede ba\u015flat\u0131lan tadilat, kaynak yetersizli\u011fi nedeniyle tamamlanamad\u0131.\u00a0<\/p>\n","protected":false},"author":1,"featured_media":0,"comment_status":"open","ping_status":"open","sticky":false,"template":"","format":"standard","meta":{"footnotes":""},"categories":[1,1582],"tags":[],"class_list":["post-12750","post","type-post","status-publish","format-standard","hentry","category-genel","category-kapali-kutuphaneler"],"_links":{"self":[{"href":"https:\/\/www.bbyhaber.com\/bby\/wp-json\/wp\/v2\/posts\/12750"}],"collection":[{"href":"https:\/\/www.bbyhaber.com\/bby\/wp-json\/wp\/v2\/posts"}],"about":[{"href":"https:\/\/www.bbyhaber.com\/bby\/wp-json\/wp\/v2\/types\/post"}],"author":[{"embeddable":true,"href":"https:\/\/www.bbyhaber.com\/bby\/wp-json\/wp\/v2\/users\/1"}],"replies":[{"embeddable":true,"href":"https:\/\/www.bbyhaber.com\/bby\/wp-json\/wp\/v2\/comments?post=12750"}],"version-history":[{"count":0,"href":"https:\/\/www.bbyhaber.com\/bby\/wp-json\/wp\/v2\/posts\/12750\/revisions"}],"wp:attachment":[{"href":"https:\/\/www.bbyhaber.com\/bby\/wp-json\/wp\/v2\/media?parent=12750"}],"wp:term":[{"taxonomy":"category","embeddable":true,"href":"https:\/\/www.bbyhaber.com\/bby\/wp-json\/wp\/v2\/categories?post=12750"},{"taxonomy":"post_tag","embeddable":true,"href":"https:\/\/www.bbyhaber.com\/bby\/wp-json\/wp\/v2\/tags?post=12750"}],"curies":[{"name":"wp","href":"https:\/\/api.w.org\/{rel}","templated":true}]}}