{"id":1275,"date":"2010-05-15T17:14:10","date_gmt":"2010-05-15T17:14:10","guid":{"rendered":"http:\/\/www.bbyhaber.com\/bby\/?p=1275"},"modified":"2011-11-18T17:14:52","modified_gmt":"2011-11-18T17:14:52","slug":"kocaelide-agaclar-kitap-acti","status":"publish","type":"post","link":"https:\/\/www.bbyhaber.com\/bby\/2010\/05\/15\/kocaelide-agaclar-kitap-acti","title":{"rendered":"Kocaeli&#8217;de A\u011fa\u00e7lar Kitap A\u00e7t\u0131"},"content":{"rendered":"<p style=\"text-align: justify;\" align=\"justify\">Kocaeli B\u00fcy\u00fck\u015fehir Belediyesi&#8217;nin bug\u00fcn a\u00e7\u0131lacak Kitap Fuar\u0131 kapsam\u0131nda d\u00fcn sabah y\u00fcr\u00fcy\u00fc\u015f yoluna \u00e7\u0131kanlar, a\u011fa\u00e7larda as\u0131l\u0131 kitaplar buldu. Fuar\u0131 kent g\u00fcndeminde tutmak i\u00e7in yapt\u0131\u011f\u0131 reklam \u00e7al\u0131\u015fmalar\u0131n\u0131n yan\u0131 s\u0131ra y\u00fcr\u00fcy\u00fc\u015f yoluna kitap as\u0131lmas\u0131 vatanda\u015flar\u0131 \u015fa\u015f\u0131rtt\u0131. Yakla\u015f\u0131k bin 200 kitab\u0131n as\u0131ld\u0131\u011f\u0131 y\u00fcr\u00fcy\u00fc\u015f yoluna, sabah erken saatlerde kitaplara bakmaya gelen B\u00fcy\u00fck\u015fehir Belediye Ba\u015fkan\u0131 \u0130brahim Karaosmano\u011flu, okuyan bir toplum yaratmak i\u00e7in \u00e7al\u0131\u015ft\u0131klar\u0131n\u0131 s\u00f6yledi.<\/p>\n<p style=\"text-align: justify;\" align=\"justify\">Polyanna&#8217;y\u0131 Ald\u0131<\/p>\n<p style=\"text-align: justify;\" align=\"justify\">Sabah saat 08.00&#8217;de y\u00fcr\u00fcy\u00fc\u015f yoluna gelen Karaosmano\u011flu, \u00e7\u0131narlarda as\u0131l\u0131 olan kitaplar aras\u0131ndan Polyanna&#8217;y\u0131 ald\u0131. Etkinli\u011fi ve fikri be\u011fendi\u011fini s\u00f6yleyen Karaosmano\u011flu, \u201cKitap olmadan bir toplumun geli\u015fmesi m\u00fcmk\u00fcn de\u011fil. Daha \u00e7ok okumam\u0131z laz\u0131m. Toplum olarak okuma al\u0131\u015fkanl\u0131\u011f\u0131m\u0131z az. Ne yap\u0131p edip bu ilgiyi art\u0131rmam\u0131z gerek. Hangi t\u00fcrden olursa olsun kitap hayat\u0131m\u0131z\u0131n bir par\u00e7as\u0131 olmas\u0131 laz\u0131m. Bu ama\u00e7la bu y\u0131l kitap fuar\u0131n\u0131 geli\u015ftirmeyi d\u00fc\u015f\u00fcnd\u00fck. \u00c7evre illerden de kat\u0131l\u0131m\u0131n olaca\u011f\u0131 fuar\u0131n \u00e7ok farkl\u0131 olmas\u0131n\u0131 istedik. Bu ama\u00e7la arkada\u015flar\u0131m\u0131z b\u00f6yle bir etkinli\u011fe imza att\u0131lar\u201d dedi.<\/p>\n<p style=\"text-align: justify;\" align=\"justify\">Espiri G\u00fczel<\/p>\n<p style=\"text-align: justify;\" align=\"justify\">\u201cA\u011fa\u00e7lar \u00f6nce \u00e7i\u00e7ek a\u00e7t\u0131, \u015fimdi kitap veriyor\u201d diyen Karaosmano\u011flu, \u201cG\u00fczel bir espri. Arkada\u015flar\u0131m\u0131 kutluyorum. T\u00fcm Kocaeli halk\u0131n\u0131, hem\u015ferilerimizi, gen\u00e7lerimizi, kad\u0131nlar\u0131m\u0131z\u0131 fuar\u0131m\u0131za bekliyoruz. Kitap almalar\u0131n\u0131 ve okumalar\u0131n\u0131 tavsiye ediyorum\u201d dedi. Karaosmano\u011flu, ayr\u0131ca Uluslararas\u0131 Fuar Merkezi&#8217;nde 12 bin metrekarelik kapal\u0131 alanda ger\u00e7ekle\u015ftirilecek fuar\u0131n, T\u00dcYAP&#8217;\u0131n \u0130stanbul ve \u0130zmir&#8217;deki fuarlar\u0131n\u0131n ard\u0131ndan en b\u00fcy\u00fc\u011f\u00fc olaca\u011f\u0131n\u0131 ve 200 bin ziyaret\u00e7i beklediklerini s\u00f6yledi.\u00a0<strong><\/strong><\/p>\n<p style=\"text-align: justify;\">Kaynak: <a href=\"http:\/\/www.kocaelidemokrat.com\/\" target=\"_blank\">http:\/\/www.kocaelidemokrat.com<\/a><\/p>\n","protected":false},"excerpt":{"rendered":"<p>Kocaeli B\u00fcy\u00fck\u015fehir Belediyesi&#8217;nin bug\u00fcn a\u00e7\u0131lacak Kitap Fuar\u0131 kapsam\u0131nda d\u00fcn sabah y\u00fcr\u00fcy\u00fc\u015f yoluna \u00e7\u0131kanlar, a\u011fa\u00e7larda as\u0131l\u0131 kitaplar buldu. Fuar\u0131 kent g\u00fcndeminde tutmak i\u00e7in yapt\u0131\u011f\u0131 reklam \u00e7al\u0131\u015fmalar\u0131n\u0131n yan\u0131 s\u0131ra y\u00fcr\u00fcy\u00fc\u015f yoluna kitap as\u0131lmas\u0131 vatanda\u015flar\u0131 \u015fa\u015f\u0131rtt\u0131. Yakla\u015f\u0131k bin 200 kitab\u0131n as\u0131ld\u0131\u011f\u0131 y\u00fcr\u00fcy\u00fc\u015f yoluna, sabah erken saatlerde kitaplara bakmaya gelen B\u00fcy\u00fck\u015fehir Belediye Ba\u015fkan\u0131 \u0130brahim Karaosmano\u011flu, okuyan bir toplum yaratmak [&hellip;]<\/p>\n","protected":false},"author":1,"featured_media":0,"comment_status":"open","ping_status":"open","sticky":false,"template":"","format":"standard","meta":{"footnotes":""},"categories":[1,1493],"tags":[],"class_list":["post-1275","post","type-post","status-publish","format-standard","hentry","category-genel","category-kitap-fuarlari-2"],"_links":{"self":[{"href":"https:\/\/www.bbyhaber.com\/bby\/wp-json\/wp\/v2\/posts\/1275"}],"collection":[{"href":"https:\/\/www.bbyhaber.com\/bby\/wp-json\/wp\/v2\/posts"}],"about":[{"href":"https:\/\/www.bbyhaber.com\/bby\/wp-json\/wp\/v2\/types\/post"}],"author":[{"embeddable":true,"href":"https:\/\/www.bbyhaber.com\/bby\/wp-json\/wp\/v2\/users\/1"}],"replies":[{"embeddable":true,"href":"https:\/\/www.bbyhaber.com\/bby\/wp-json\/wp\/v2\/comments?post=1275"}],"version-history":[{"count":0,"href":"https:\/\/www.bbyhaber.com\/bby\/wp-json\/wp\/v2\/posts\/1275\/revisions"}],"wp:attachment":[{"href":"https:\/\/www.bbyhaber.com\/bby\/wp-json\/wp\/v2\/media?parent=1275"}],"wp:term":[{"taxonomy":"category","embeddable":true,"href":"https:\/\/www.bbyhaber.com\/bby\/wp-json\/wp\/v2\/categories?post=1275"},{"taxonomy":"post_tag","embeddable":true,"href":"https:\/\/www.bbyhaber.com\/bby\/wp-json\/wp\/v2\/tags?post=1275"}],"curies":[{"name":"wp","href":"https:\/\/api.w.org\/{rel}","templated":true}]}}