{"id":12747,"date":"2013-12-30T15:39:29","date_gmt":"2013-12-30T13:39:29","guid":{"rendered":"http:\/\/www.bbyhaber.com\/bby\/?p=12747"},"modified":"2013-12-30T15:39:29","modified_gmt":"2013-12-30T13:39:29","slug":"urfa%e2%80%99da-denetimli-mahkumlar-kitap-okuyor","status":"publish","type":"post","link":"https:\/\/www.bbyhaber.com\/bby\/2013\/12\/30\/urfa%e2%80%99da-denetimli-mahkumlar-kitap-okuyor","title":{"rendered":"Urfa\u2019da Denetimli Mahkumlar Kitap Okuyor"},"content":{"rendered":"<p style=\"text-align: justify;\"><img loading=\"lazy\" decoding=\"async\" class=\"alignleft\" src=\"http:\/\/www.sanliurfa.com\/dev\/qinternet\/images\/haber\/m_imaj\/201312\/Urfada_Denetimli_Mahkumlar_Kitap_Okuyor-tgfd.jpg\" alt=\"\" width=\"260\" height=\"132\" \/>Adalet Bakanl\u0131\u011f\u0131 ve \u015eanl\u0131urfa Cumhuriyet Ba\u015fsavc\u0131l\u0131\u011f\u0131 g\u00f6zetiminde \u015eanl\u0131urfa Denetimli Serbestlik M\u00fcd\u00fcrl\u00fc\u011f\u00fc taraf\u0131ndan \u00a0&#8221;Okuyan Bilir Projesi&#8221; ba\u015flat\u0131ld\u0131. \u015eanl\u0131urfa\u2019da Denetimli Serbestlik M\u00fcd\u00fcrl\u00fc\u011f\u00fc taraf\u0131ndan y\u00fcr\u00fct\u00fclen e\u011fitim ve iyile\u015ftirme \u00e7al\u0131\u015fmalar\u0131 kapsam\u0131nda su\u00e7un \u00f6nlenmesi ve toplumun korunmas\u0131 ad\u0131na &#8221;Okuyan Bilir Projesi&#8221; ba\u015flat\u0131ld\u0131. Proje kapsam\u0131nda her hafta denetimli serbestlik tedbiri alt\u0131nda e\u011fitim ve iyile\u015ftirme \u00e7al\u0131\u015fmalar\u0131 devam eden h\u00fck\u00fcml\u00fcler ile ceza infaz kurumlar\u0131ndan \u00a0\u015fartl\u0131 sal\u0131verilen h\u00fck\u00fcml\u00fclere \u00e7e\u015fitli e\u011fitimler veriliyor.<!--more--><\/p>\n<p style=\"text-align: justify;\">Dezavantajl\u0131 gruplara bir yandan mesleki e\u011fitim kazand\u0131rmaya \u00e7al\u0131\u015f\u0131l\u0131rken bir yandan da okuman\u0131n hayatlar\u0131na, geleceklerine, ailelerine ve \u00e7ocuklar\u0131na yapaca\u011f\u0131 olumlu katk\u0131 fark ettirilmeye \u00e7al\u0131\u015f\u0131l\u0131yor. Bu ama\u00e7la her hafta 25 ki\u015fiden olu\u015fan h\u00fck\u00fcml\u00fcler \u0130l Halk K\u00fct\u00fcphanesine g\u00f6t\u00fcr\u00fclerek \u00fcye yap\u0131lmas\u0131 hedefleniyor. \u00dcyelik i\u015fleminden sonra bir saat kitap okuma seans\u0131 yap\u0131l\u0131yor. Ard\u0131ndan \u00fcye olmalar\u0131 sebebiyle birer kitap \u00f6d\u00fcn\u00e7 olarak veriliyor. Ayr\u0131ca K\u00fct\u00fcphane b\u00fcnyesinde bulunan 25 bin eserden faydalanma ve s\u0131navlara haz\u0131rlanan aile bireylerinin de faydalanma olanaklar\u0131 ile \u00e7ocuklar i\u00e7in olu\u015fturulan \u00e7ocuk k\u00fct\u00fcphanesi b\u00f6l\u00fcm\u00fc hakk\u0131nda bilgilendirme yap\u0131l\u0131yor. Proje \u00e7er\u00e7evesinde \u00f6\u011fretmen ve denetim memuru Ahmet Eskiler g\u00f6zetiminde \u0130l Halk K\u00fct\u00fcphanesi\u2019ne su\u00e7a s\u00fcr\u00fcklenen 25 \u00e7ocuk ve yeti\u015fkin h\u00fck\u00fcml\u00fc g\u00f6t\u00fcr\u00fclerek ve \u00fcye yap\u0131ld\u0131. \u00dcyelik i\u015fleminin ard\u0131ndan K\u00fct\u00fcphane M\u00fcd\u00fcr\u00fc Halil \u0130stemi ve Kurum M\u00fcd\u00fcr Yard\u0131mc\u0131s\u0131 Serap \u00a0Yazar Taraf\u0131ndan \u0130l Halk K\u00fct\u00fcphanesinin olanaklar\u0131 hakk\u0131nda bilgiler verildi. Ard\u0131ndan ki\u015filere \u00e7e\u015fitli defter, kalem ve kitaplar hediye edildi. Projeden faydalanan eski mahkumlar eme\u011fi ge\u00e7enlere te\u015fekk\u00fcr etti. \u015eanl\u0131urfa Denetimli Serbestlik M\u00fcd\u00fcrl\u00fc\u011f\u00fc toplum yarar\u0131na \u00e7al\u0131\u015fmalar\u0131n\u0131 s\u00fcrd\u00fcr\u00fcyor.<\/p>\n<p style=\"text-align: justify;\">Kaynak: http:\/\/www.sanliurfa.com<\/p>\n","protected":false},"excerpt":{"rendered":"<p>Adalet Bakanl\u0131\u011f\u0131 ve \u015eanl\u0131urfa Cumhuriyet Ba\u015fsavc\u0131l\u0131\u011f\u0131 g\u00f6zetiminde \u015eanl\u0131urfa Denetimli Serbestlik M\u00fcd\u00fcrl\u00fc\u011f\u00fc taraf\u0131ndan \u00a0&#8221;Okuyan Bilir Projesi&#8221; ba\u015flat\u0131ld\u0131. \u015eanl\u0131urfa\u2019da Denetimli Serbestlik M\u00fcd\u00fcrl\u00fc\u011f\u00fc taraf\u0131ndan y\u00fcr\u00fct\u00fclen e\u011fitim ve iyile\u015ftirme \u00e7al\u0131\u015fmalar\u0131 kapsam\u0131nda su\u00e7un \u00f6nlenmesi ve toplumun korunmas\u0131 ad\u0131na &#8221;Okuyan Bilir Projesi&#8221; ba\u015flat\u0131ld\u0131. Proje kapsam\u0131nda her hafta denetimli serbestlik tedbiri alt\u0131nda e\u011fitim ve iyile\u015ftirme \u00e7al\u0131\u015fmalar\u0131 devam eden h\u00fck\u00fcml\u00fcler ile ceza infaz [&hellip;]<\/p>\n","protected":false},"author":1,"featured_media":0,"comment_status":"open","ping_status":"open","sticky":false,"template":"","format":"standard","meta":{"footnotes":""},"categories":[1],"tags":[114],"class_list":["post-12747","post","type-post","status-publish","format-standard","hentry","category-genel","tag-cezaevi-kutuphane"],"_links":{"self":[{"href":"https:\/\/www.bbyhaber.com\/bby\/wp-json\/wp\/v2\/posts\/12747"}],"collection":[{"href":"https:\/\/www.bbyhaber.com\/bby\/wp-json\/wp\/v2\/posts"}],"about":[{"href":"https:\/\/www.bbyhaber.com\/bby\/wp-json\/wp\/v2\/types\/post"}],"author":[{"embeddable":true,"href":"https:\/\/www.bbyhaber.com\/bby\/wp-json\/wp\/v2\/users\/1"}],"replies":[{"embeddable":true,"href":"https:\/\/www.bbyhaber.com\/bby\/wp-json\/wp\/v2\/comments?post=12747"}],"version-history":[{"count":0,"href":"https:\/\/www.bbyhaber.com\/bby\/wp-json\/wp\/v2\/posts\/12747\/revisions"}],"wp:attachment":[{"href":"https:\/\/www.bbyhaber.com\/bby\/wp-json\/wp\/v2\/media?parent=12747"}],"wp:term":[{"taxonomy":"category","embeddable":true,"href":"https:\/\/www.bbyhaber.com\/bby\/wp-json\/wp\/v2\/categories?post=12747"},{"taxonomy":"post_tag","embeddable":true,"href":"https:\/\/www.bbyhaber.com\/bby\/wp-json\/wp\/v2\/tags?post=12747"}],"curies":[{"name":"wp","href":"https:\/\/api.w.org\/{rel}","templated":true}]}}