{"id":12736,"date":"2013-12-29T20:02:01","date_gmt":"2013-12-29T18:02:01","guid":{"rendered":"http:\/\/www.bbyhaber.com\/bby\/?p=12736"},"modified":"2014-12-07T20:18:44","modified_gmt":"2014-12-07T18:18:44","slug":"her-kitap-yeni-bir-umut-ilkokula-kitap-toplama-kampanyasi-tkd-kapmus","status":"publish","type":"post","link":"https:\/\/www.bbyhaber.com\/bby\/2013\/12\/29\/her-kitap-yeni-bir-umut-ilkokula-kitap-toplama-kampanyasi-tkd-kapmus","title":{"rendered":"Her Kitap Yeni Bir Umut | \u0130lkokula Kitap Toplama Kampanyas\u0131-TKD Kapm\u00fcs"},"content":{"rendered":"<p style=\"text-align: justify;\"><em><img loading=\"lazy\" decoding=\"async\" class=\"alignleft\" src=\"http:\/\/www.bbyhaber.com\/bby\/wp-content\/uploads\/bby-forum-logolar\/tkdkampus.jpg\" alt=\"\" width=\"124\" height=\"93\" \/>TKD Kamp\u00fcs, <\/em><strong>I\u011fd\u0131r Alikamerli K\u00f6y\u00fc \u0130lkokuluna <\/strong>kitap toplama kampanyas\u0131 ba\u015flatm\u0131\u015ft\u0131r. &#8220;Her ne kadar, bir yerlerde zor ko\u015fullar alt\u0131nda e\u011fitim g\u00f6rmekte olan \u00f6\u011frencilere TKD Kamp\u00fcs olarak ula\u015fmaya \u00e7al\u0131\u015fsak da bize bir\u00e7ok okuldan kitap iste\u011fi gelmekte ve talepler i\u00e7in deste\u011fe ihtiyac\u0131m\u0131z bulunmaktad\u0131r. Bu kapsamda TKD Genel Merkezimizin de deste\u011fini alarak bir &#8221;Kitap Toplama Kampanyas\u0131&#8221; yapmay\u0131 planlad\u0131k. &#8220;<!--more--><\/p>\n<p style=\"text-align: justify;\">ANKARA DI\u015eINDAN KARGO G\u00d6NDERMEK \u0130STEYENLER \u0130\u00c7\u0130N ADRES :<\/p>\n<p style=\"text-align: justify;\">TKD Genel Merkezi Necatibey Cad. Elg\u00fcn Sokak 06440 8\/8 K\u0131z\u0131lay\/ANKARA<\/p>\n<p style=\"text-align: justify;\">Siz de\u011ferli \u00fcyelerimizin, \u00f6\u011frenci arkada\u015flar\u0131m\u0131z\u0131n, \u00f6\u011frenci kul\u00fcplerinin ve t\u00fcm di\u011fer meslekta\u015flar\u0131m\u0131z\u0131n \u00e7a\u011fr\u0131m\u0131z\u0131 dikkate alaca\u011f\u0131n\u0131 umuyor ve bir\u00e7ok \u00e7ocu\u011fu daha hep beraber kitaplarla bulu\u015fturaca\u011f\u0131m\u0131z\u0131 \u00fcmit ediyoruz.<\/p>\n<p style=\"text-align: justify;\">TKD Kamp\u00fcs YK Ad\u0131na<br \/>\nBa\u015fkan : \u0130smail Karaca<\/p>\n<p style=\"text-align: justify;\"><strong><span style=\"color: #0000ff;\"><a href=\"https:\/\/www.facebook.com\/events\/1427633930802818\/\" target=\"_blank\"><span style=\"color: #0000ff;\">Facebook Etkinlik Sayfas\u0131 i\u00e7in t\u0131klay\u0131n\u0131z<\/span><\/a><\/span><\/strong><\/p>\n<p style=\"text-align: justify;\">\n","protected":false},"excerpt":{"rendered":"<p>TKD Kamp\u00fcs, I\u011fd\u0131r Alikamerli K\u00f6y\u00fc \u0130lkokuluna kitap toplama kampanyas\u0131 ba\u015flatm\u0131\u015ft\u0131r. &#8220;Her ne kadar, bir yerlerde zor ko\u015fullar alt\u0131nda e\u011fitim g\u00f6rmekte olan \u00f6\u011frencilere TKD Kamp\u00fcs olarak ula\u015fmaya \u00e7al\u0131\u015fsak da bize bir\u00e7ok okuldan kitap iste\u011fi gelmekte ve talepler i\u00e7in deste\u011fe ihtiyac\u0131m\u0131z bulunmaktad\u0131r. Bu kapsamda TKD Genel Merkezimizin de deste\u011fini alarak bir &#8221;Kitap Toplama Kampanyas\u0131&#8221; yapmay\u0131 planlad\u0131k. &#8220;<\/p>\n","protected":false},"author":1,"featured_media":0,"comment_status":"open","ping_status":"open","sticky":false,"template":"","format":"standard","meta":{"footnotes":""},"categories":[1,1494],"tags":[851],"class_list":["post-12736","post","type-post","status-publish","format-standard","hentry","category-genel","category-kitap-kampanyasi","tag-tkd-kampus"],"_links":{"self":[{"href":"https:\/\/www.bbyhaber.com\/bby\/wp-json\/wp\/v2\/posts\/12736"}],"collection":[{"href":"https:\/\/www.bbyhaber.com\/bby\/wp-json\/wp\/v2\/posts"}],"about":[{"href":"https:\/\/www.bbyhaber.com\/bby\/wp-json\/wp\/v2\/types\/post"}],"author":[{"embeddable":true,"href":"https:\/\/www.bbyhaber.com\/bby\/wp-json\/wp\/v2\/users\/1"}],"replies":[{"embeddable":true,"href":"https:\/\/www.bbyhaber.com\/bby\/wp-json\/wp\/v2\/comments?post=12736"}],"version-history":[{"count":0,"href":"https:\/\/www.bbyhaber.com\/bby\/wp-json\/wp\/v2\/posts\/12736\/revisions"}],"wp:attachment":[{"href":"https:\/\/www.bbyhaber.com\/bby\/wp-json\/wp\/v2\/media?parent=12736"}],"wp:term":[{"taxonomy":"category","embeddable":true,"href":"https:\/\/www.bbyhaber.com\/bby\/wp-json\/wp\/v2\/categories?post=12736"},{"taxonomy":"post_tag","embeddable":true,"href":"https:\/\/www.bbyhaber.com\/bby\/wp-json\/wp\/v2\/tags?post=12736"}],"curies":[{"name":"wp","href":"https:\/\/api.w.org\/{rel}","templated":true}]}}