{"id":12703,"date":"2013-12-26T23:52:06","date_gmt":"2013-12-26T21:52:06","guid":{"rendered":"http:\/\/www.bbyhaber.com\/bby\/?p=12703"},"modified":"2019-11-01T08:30:23","modified_gmt":"2019-11-01T05:30:23","slug":"i-uluslararasi-bilgi-ve-belge-yonetimi-bolumu-ogrenci-kongresi-25-27-nisan-2014","status":"publish","type":"post","link":"https:\/\/www.bbyhaber.com\/bby\/2013\/12\/26\/i-uluslararasi-bilgi-ve-belge-yonetimi-bolumu-ogrenci-kongresi-25-27-nisan-2014","title":{"rendered":"1.Uluslararas\u0131 Bilgi ve Belge Y\u00f6netimi B\u00f6l\u00fcm\u00fc \u00d6\u011frenci Kongresi-25-27 Nisan 2014"},"content":{"rendered":"<p style=\"text-align: justify;\">Marmara \u00dcniversitesi Bilgi ve Belge Y\u00f6netimi, \u0130stanbul B\u00fcy\u00fck\u015fehir Belediyesi, Marmara \u00dcniversitesi Bilgi Y\u00f6netimi Kul\u00fcb\u00fc, K\u00fclt\u00fcr Payla\u015f\u0131m Platformu\u2019nun ger\u00e7ekle\u015ftirece\u011fi <strong>1. Uluslararas\u0131 Bilgi ve Belge Y\u00f6netimi B\u00f6l\u00fcm\u00fc \u00d6\u011frenci Kongresi<\/strong>\u00a0 \u201c<strong><em>Bilgi ve Belge Y\u00f6netiminde Vizyoner Devrim<\/em><\/strong>\u201d ana temas\u0131 ile <span style=\"color: #0000ff;\"><strong>25-27 Nisan 2014<\/strong><\/span> tarihleri aras\u0131nda <strong><span style=\"color: #0000ff;\">\u0130stanbul\u2019da\u00a0 (Cemal Re\u015fit Rey Kongre Salonu)<\/span><\/strong> yap\u0131lacakt\u0131r.<!--more--><\/p>\n<p style=\"text-align: justify;\"><span style=\"color: #0000ff;\"><strong><a href=\"http:\/\/bby2014.kongre.marmara.edu.tr\/\" target=\"_blank\" rel=\"noopener\"><span style=\"color: #0000ff;\">Kongre Web Sayfas\u0131 ve Kay\u0131t i\u00e7in t\u0131klay\u0131n\u0131z<\/span><\/a><\/strong><\/span><\/p>\n<p style=\"text-align: justify;\">Kongre temel olarak; T\u00fcrkiye\u2019de ve yurtd\u0131\u015f\u0131nda Bilgi ve Belge Y\u00f6netimi alan\u0131nda e\u011fitim ve \u00f6\u011fretim veren \u00fcniversitelerin; lisans, y\u00fcksek lisans ve doktora \u00f6\u011frencilerini bir araya getirip, bilgi ve tecr\u00fcbelerini payla\u015facaklar\u0131, kar\u015f\u0131l\u0131kl\u0131 bilgi al\u0131\u015fveri\u015finde bulunacaklar\u0131 ve gelece\u011fin bilgi profesyonelleri olarak, alana katma de\u011fer yaratabilecekleri bir akademik d\u00fczeyde platform olu\u015fturmay\u0131 hedeflemektedir.<\/p>\n<p style=\"text-align: justify;\">Kongrenin en \u00f6nemli misyonu; gerek T\u00fcrkiye, gerekse yurt d\u0131\u015f\u0131ndan pek \u00e7ok \u00fcniversite \u00f6\u011frencisinin kat\u0131laca\u011f\u0131 \u2018\u2019D\u00fcnya\u00a0 Bilgi ve Belge Y\u00f6netimi B\u00f6l\u00fcm\u00fc \u00d6\u011frenci Bulu\u015fmas\u0131\u2019\u2019 gibi \u00e7ok \u00f6nemli bir bulu\u015fmaya ev sahipli\u011fi yapacak olmas\u0131d\u0131r. &#8220;Uluslararas\u0131 Bilgi ve Belge Y\u00f6netimi B\u00f6l\u00fcm\u00fc \u00d6\u011frenci Kongresi&#8221; kapsam\u0131nda; \u00dcniversite \u00f6\u011frencilerinin g\u00f6z\u00fcyle, mesleki e\u011fitimde kar\u015f\u0131la\u015f\u0131lan sorunlar\u0131n ve de\u011ferlendirmelerin t\u00fcm boyutlar\u0131yla ele al\u0131nmas\u0131 \u00f6ng\u00f6r\u00fclmektedir. Bu\u00a0 ba\u011flamda; \u00fcniversite \u00f6\u011frencilerinden gelen Bilgi ve Belge Y\u00f6netimi alan\u0131yla ilgili bildiriler, poster sunumlar\u0131, akademisyenlerden olu\u015fan Bilim Komitesi taraf\u0131ndan yap\u0131lacak de\u011ferlendirme a\u015famas\u0131ndan sonra, kongre oturumlar\u0131nda tart\u0131\u015fmaya sunulacakt\u0131r. Ayr\u0131ca, alanla ilgili \u00f6\u011frencilerin katk\u0131da bulunaca\u011f\u0131 foto\u011fraf, resim, el sanatlar\u0131\u00a0 at\u00f6lyeleri ve koro \u00e7al\u0131\u015fmalar\u0131 kongre boyunca sergilenecektir. Bununla beraber kongrede sunulacak bildiriler,\u00a0 haz\u0131rlanacak Kongre Bildiri Kitap\u00e7\u0131\u011f\u0131nda da yay\u0131mlanacakt\u0131r. Kongrenin heyecan verici a\u015famalar\u0131ndan birisi de; ilgili\u00a0 alanda y\u0131l\u0131n projesi, k\u00fct\u00fcphanesi, k\u00fct\u00fcphanecisi, kullan\u0131c\u0131s\u0131 ve yazar\u0131 gibi kategorilerde motivasyon sa\u011flamak amac\u0131yla,\u00a0 \u00f6d\u00fcllerin verilece\u011fi bir \u00f6d\u00fcl t\u00f6reni ger\u00e7ekle\u015ftirmektir.<\/p>\n<p style=\"text-align: justify;\"><strong>\u00d6nemli Tarihler<\/strong><\/p>\n<p style=\"text-align: justify;\">3 \u015eubat 2014 Bildiri G\u00f6nderim Ba\u015flang\u0131\u00e7<br \/>\n21 Mart 2014 Bildiri G\u00f6nderim Biti\u015f<br \/>\n7-12 Nisan 2014 Bildiri Kabul\/Red Sonu\u00e7lar\u0131<br \/>\n20 Nisan 2014 Kongre Program\u0131 \u0130nternet \u00fczerinden ilan\u0131<br \/>\n25-26 Nisan 2014, Bildirilerin sunulmas\u0131<br \/>\n25 Nisan 2014, Gala Yeme\u011fi<br \/>\n27 Nisan 2014, Bo\u011faz Turu (Sosyal Etkinlik)<\/p>\n<p style=\"text-align: justify;\"><strong>D\u00fczenleyenler<\/strong><br \/>\n<em>Marmara \u00dcniversitesi Bilgi ve Belge Y\u00f6netimi<\/em><br \/>\n<em>\u0130stanbul B\u00fcy\u00fck\u015fehir Belediyesi<\/em><br \/>\n<em>Marmara \u00dcniversitesi Bilgi Y\u00f6netimi Kul\u00fcb\u00fc<\/em><br \/>\n<em>K\u00fclt\u00fcr Payla\u015f\u0131m Platformu<\/em><\/p>\n<p style=\"text-align: justify;\"><span style=\"color: #0000ff;\"><strong>\u0130leti\u015fim:<\/strong><\/span> <strong>bbykongre2014@marmara.edu.tr<\/strong><\/p>\n","protected":false},"excerpt":{"rendered":"<p>Marmara \u00dcniversitesi Bilgi ve Belge Y\u00f6netimi, \u0130stanbul B\u00fcy\u00fck\u015fehir Belediyesi, Marmara \u00dcniversitesi Bilgi Y\u00f6netimi Kul\u00fcb\u00fc, K\u00fclt\u00fcr Payla\u015f\u0131m Platformu\u2019nun ger\u00e7ekle\u015ftirece\u011fi 1. Uluslararas\u0131 Bilgi ve Belge Y\u00f6netimi B\u00f6l\u00fcm\u00fc \u00d6\u011frenci Kongresi\u00a0 \u201cBilgi ve Belge Y\u00f6netiminde Vizyoner Devrim\u201d ana temas\u0131 ile 25-27 Nisan 2014 tarihleri aras\u0131nda \u0130stanbul\u2019da\u00a0 (Cemal Re\u015fit Rey Kongre Salonu) yap\u0131lacakt\u0131r.<\/p>\n","protected":false},"author":1,"featured_media":0,"comment_status":"open","ping_status":"open","sticky":false,"template":"","format":"standard","meta":{"footnotes":""},"categories":[],"tags":[1395,828],"class_list":["post-12703","post","type-post","status-publish","format-standard","hentry","tag-bby-mesleki-etkinlikler-arsivi","tag-bby-ogrenci-kongresi"],"_links":{"self":[{"href":"https:\/\/www.bbyhaber.com\/bby\/wp-json\/wp\/v2\/posts\/12703"}],"collection":[{"href":"https:\/\/www.bbyhaber.com\/bby\/wp-json\/wp\/v2\/posts"}],"about":[{"href":"https:\/\/www.bbyhaber.com\/bby\/wp-json\/wp\/v2\/types\/post"}],"author":[{"embeddable":true,"href":"https:\/\/www.bbyhaber.com\/bby\/wp-json\/wp\/v2\/users\/1"}],"replies":[{"embeddable":true,"href":"https:\/\/www.bbyhaber.com\/bby\/wp-json\/wp\/v2\/comments?post=12703"}],"version-history":[{"count":1,"href":"https:\/\/www.bbyhaber.com\/bby\/wp-json\/wp\/v2\/posts\/12703\/revisions"}],"predecessor-version":[{"id":27486,"href":"https:\/\/www.bbyhaber.com\/bby\/wp-json\/wp\/v2\/posts\/12703\/revisions\/27486"}],"wp:attachment":[{"href":"https:\/\/www.bbyhaber.com\/bby\/wp-json\/wp\/v2\/media?parent=12703"}],"wp:term":[{"taxonomy":"category","embeddable":true,"href":"https:\/\/www.bbyhaber.com\/bby\/wp-json\/wp\/v2\/categories?post=12703"},{"taxonomy":"post_tag","embeddable":true,"href":"https:\/\/www.bbyhaber.com\/bby\/wp-json\/wp\/v2\/tags?post=12703"}],"curies":[{"name":"wp","href":"https:\/\/api.w.org\/{rel}","templated":true}]}}