{"id":1269,"date":"2010-06-02T17:11:07","date_gmt":"2010-06-02T17:11:07","guid":{"rendered":"http:\/\/www.bbyhaber.com\/bby\/?p=1269"},"modified":"2012-06-05T10:20:50","modified_gmt":"2012-06-05T10:20:50","slug":"ankara-yenilikci-kutuphane-girisimleri-grubu-ykgg-calistayi-gerceklestirildi","status":"publish","type":"post","link":"https:\/\/www.bbyhaber.com\/bby\/2010\/06\/02\/ankara-yenilikci-kutuphane-girisimleri-grubu-ykgg-calistayi-gerceklestirildi","title":{"rendered":"Ankara Yenilik\u00e7i K\u00fct\u00fcphane Giri\u015fimleri Grubu (@YKGG) \u00c7al\u0131\u015ftay\u0131 Ger\u00e7ekle\u015ftirildi"},"content":{"rendered":"<p style=\"text-align: justify;\" align=\"justify\">Ankara Yenilik\u00e7i K\u00fct\u00fcphane Giri\u015fimleri Grubu (@YKGG)&#8217;nun &#8220;\u0130\u015faretler ve Mucizeler: Dil \u00c7al\u0131\u015fmalar\u0131nda Yarat\u0131c\u0131 Y\u00f6ntemler ve Fikirler&#8221; ba\u015fl\u0131kl\u0131 \u00e7al\u0131\u015ftay\u0131 26-29 May\u0131s 2010 tarihleri aras\u0131nda Ankara Adnan \u00d6t\u00fcken \u0130l Halk K\u00fct\u00fcphanesi&#8217;nde ger\u00e7ekle\u015ftirildi. Ankara&#8217;da g\u00f6rev yapmakta olan 10 \u0130lk\u00f6\u011fretim s\u0131n\u0131f ve T\u00fcrk\u00e7e \u00f6\u011fretmeni ile 10 okul ve halk k\u00fct\u00fcphanecisinin bulu\u015fturuldu\u011fu, baz\u0131 YKGG \u00fcyelerinin de g\u00f6zlemci olarak yer ald\u0131\u011f\u0131 \u00e7al\u0131\u015ftay 4 g\u00fcn s\u00fcrm\u00fc\u015ft\u00fcr. <!--more--><\/p>\n<p style=\"text-align: justify;\" align=\"justify\">\u00c7al\u0131\u015ftaya Almanya&#8217;dan alan\u0131n\u0131n \u00f6nemli uzmanlar\u0131ndan say\u0131lan Katrin Seewald ve Jule Pfeiffer-Spiekermann e\u011fitici olarak kat\u0131lm\u0131\u015flard\u0131r. \u00c7al\u0131\u015ftay ilk g\u00fcn Prof. Dr. B\u00fclent Y\u0131lmaz, yazar Suzan Gerid\u00f6nmez, Katrin Seewald ve Jule Pfeiffer-Spiekermann&#8217;\u0131n sunu\u015flar\u0131ndan sonra di\u011fer g\u00fcnler a\u011f\u0131rl\u0131kla bir e\u011fitim atelyesi niteli\u011finde yap\u0131lan \u00e7al\u0131\u015fmalardan olu\u015fmu\u015ftur. \u00c7al\u0131\u015ftay\u0131n e\u011fitim amac\u0131, \u00f6\u011fretmen-k\u00fct\u00fcphaneci i\u015fbirli\u011fi \u00e7er\u00e7evesinde yenilik\u00e7i\/yarat\u0131c\u0131 etkinliklerle \u00e7ocuklarda okumay\u0131 oyun ile ili\u015fkilendirerek desteklemek bi\u00e7iminde a\u00e7\u0131klanabilir. &#8220;Temel bavul: Dil ve erken ya\u015f te\u015fviki&#8221;, &#8220;Yarat\u0131c\u0131 y\u00f6ntem bavulu&#8221;, &#8220;Uygulamaya y\u00f6nelik oyuncu y\u00f6ntemler \u00fczerine \u00e7al\u0131\u015fma&#8221;, &#8220;Bir \u00e7ocuk grubuyla birlikte izleyiciler kar\u015f\u0131s\u0131nda sunum&#8221;, &#8220;&#8221;\u00dc\u00e7l\u00fc y\u00f6ntem&#8221;: Giri\u015f, yarat\u0131c\u0131 y\u00f6ntem, kitapla ilintilendirme&#8221;gibi atelye \u00e7al\u0131\u015fmalar\u0131n\u0131n yer ald\u0131\u011f\u0131 \u00e7al\u0131\u015ftay Goethe Enstit\u00fcs\u00fc-Ankara, TOSY\u00d6V ve G\u00fcn\u0131\u015f\u0131\u011f\u0131 Kitapl\u0131\u011f\u0131 deste\u011fi, TKD, \u00dcNAK, TKD Ankara \u015eubesi ve T\u00dcB\u0130TAK-ULAKB\u0130M&#8217;in katk\u0131 ve i\u015fbirli\u011fi ile ger\u00e7ekle\u015ftirilmi\u015ftir.<\/p>\n<p style=\"text-align: justify;\" align=\"justify\">\u00c7al\u0131\u015ftay kapsam\u0131nda bir ilk\u00f6\u011fretim okulu \u00f6\u011frencilerine y\u00f6nelik olarak planlanan etkinlikler i\u00e7in gerekli materyal ve oyunlar\u0131n da bizzat k\u00fct\u00fcphaneci ve \u00f6\u011fretmenler taraf\u0131ndan haz\u0131rland\u0131\u011f\u0131 \u00c7al\u0131\u015ftay t\u00fcm kat\u0131l\u0131mc\u0131lar a\u00e7\u0131s\u0131ndan oyun-kitap ili\u015fkilendirilmesinde yeni bak\u0131\u015f a\u00e7\u0131lar\u0131 geli\u015ftirilmi\u015ftir. \u00d6\u011fretmen-k\u00fct\u00fcphaneci-\u00f6\u011frenci b\u00fct\u00fcnle\u015fmesinin de sa\u011fland\u0131\u011f\u0131 \u00c7al\u0131\u015ftay yap\u0131labilecek yeni \u00e7al\u0131\u015fmalar i\u00e7in esin kayna\u011f\u0131 olmu\u015ftur. Kat\u0131l\u0131mc\u0131lar \u00c7al\u0131\u015ftay ile ilgili olarak son derece olumlu geri bildirimlerde bulunmu\u015flard\u0131r. Ankara Yenilik\u00e7i K\u00fct\u00fcphane Giri\u015fimleri Grubu (@YKGG)&#8217;nun ilk etkinli\u011fi olan \u00c7al\u0131\u015ftay, Grubun&#8221;yenilik\u00e7i&#8221; duyarl\u0131l\u0131\u011f\u0131na iyi bir &#8220;\u00f6rnek etkinlik&#8221; olarak ger\u00e7ekle\u015fmi\u015ftir. <strong><\/strong><\/p>\n<p>\u00c7al\u0131\u015ftaya\u00a0ili\u015fkin\u00a0program\u00a0kat\u0131l\u0131mc\u0131\u00a0listesi\u00a0ve\u00a0etkinlik\u00a0foto\u011fraflar\u0131\u00a0ilgili\u00a0web\u00a0sayfas\u0131nda (http:\/\/arastirma.tedankara.k12.tr\/ykgg\/index.php?option=com_content&amp;view=article&amp;id=5&amp;Itemid=6&amp;lang=tr)<br \/>\nyer almaktad\u0131r.<\/p>\n<p style=\"text-align: justify;\">Kaynak: H.\u00dc. Bilgi ve Belge Y\u00f6netimi B\u00f6l\u00fcm\u00fc \u00d6\u011fr. \u00dcyesi Prof. Dr. B\u00fclent YILMAZ (K\u00fct\u00fcp-L&#8217;e gelen e-mailden al\u0131nm\u0131\u015ft\u0131r.)<\/p>\n","protected":false},"excerpt":{"rendered":"<p>Ankara Yenilik\u00e7i K\u00fct\u00fcphane Giri\u015fimleri Grubu (@YKGG)&#8217;nun &#8220;\u0130\u015faretler ve Mucizeler: Dil \u00c7al\u0131\u015fmalar\u0131nda Yarat\u0131c\u0131 Y\u00f6ntemler ve Fikirler&#8221; ba\u015fl\u0131kl\u0131 \u00e7al\u0131\u015ftay\u0131 26-29 May\u0131s 2010 tarihleri aras\u0131nda Ankara Adnan \u00d6t\u00fcken \u0130l Halk K\u00fct\u00fcphanesi&#8217;nde ger\u00e7ekle\u015ftirildi. Ankara&#8217;da g\u00f6rev yapmakta olan 10 \u0130lk\u00f6\u011fretim s\u0131n\u0131f ve T\u00fcrk\u00e7e \u00f6\u011fretmeni ile 10 okul ve halk k\u00fct\u00fcphanecisinin bulu\u015fturuldu\u011fu, baz\u0131 YKGG \u00fcyelerinin de g\u00f6zlemci olarak yer ald\u0131\u011f\u0131 \u00e7al\u0131\u015ftay [&hellip;]<\/p>\n","protected":false},"author":1,"featured_media":0,"comment_status":"open","ping_status":"open","sticky":false,"template":"","format":"standard","meta":{"footnotes":""},"categories":[1],"tags":[165,166],"class_list":["post-1269","post","type-post","status-publish","format-standard","hentry","category-genel","tag-ankara-yenilikci-kutuphane-girisimleri-grubu","tag-yenilikci-kutuphane"],"_links":{"self":[{"href":"https:\/\/www.bbyhaber.com\/bby\/wp-json\/wp\/v2\/posts\/1269"}],"collection":[{"href":"https:\/\/www.bbyhaber.com\/bby\/wp-json\/wp\/v2\/posts"}],"about":[{"href":"https:\/\/www.bbyhaber.com\/bby\/wp-json\/wp\/v2\/types\/post"}],"author":[{"embeddable":true,"href":"https:\/\/www.bbyhaber.com\/bby\/wp-json\/wp\/v2\/users\/1"}],"replies":[{"embeddable":true,"href":"https:\/\/www.bbyhaber.com\/bby\/wp-json\/wp\/v2\/comments?post=1269"}],"version-history":[{"count":0,"href":"https:\/\/www.bbyhaber.com\/bby\/wp-json\/wp\/v2\/posts\/1269\/revisions"}],"wp:attachment":[{"href":"https:\/\/www.bbyhaber.com\/bby\/wp-json\/wp\/v2\/media?parent=1269"}],"wp:term":[{"taxonomy":"category","embeddable":true,"href":"https:\/\/www.bbyhaber.com\/bby\/wp-json\/wp\/v2\/categories?post=1269"},{"taxonomy":"post_tag","embeddable":true,"href":"https:\/\/www.bbyhaber.com\/bby\/wp-json\/wp\/v2\/tags?post=1269"}],"curies":[{"name":"wp","href":"https:\/\/api.w.org\/{rel}","templated":true}]}}