{"id":12677,"date":"2013-12-25T15:49:40","date_gmt":"2013-12-25T13:49:40","guid":{"rendered":"http:\/\/www.bbyhaber.com\/bby\/?p=12677"},"modified":"2013-12-25T15:50:08","modified_gmt":"2013-12-25T13:50:08","slug":"el-yazmalari-dijital-dunyaya-aciliyor","status":"publish","type":"post","link":"https:\/\/www.bbyhaber.com\/bby\/2013\/12\/25\/el-yazmalari-dijital-dunyaya-aciliyor","title":{"rendered":"El yazmalar\u0131 dijital d\u00fcnyaya a\u00e7\u0131l\u0131yor"},"content":{"rendered":"<p style=\"text-align: justify;\"><img loading=\"lazy\" decoding=\"async\" class=\"alignleft\" src=\"http:\/\/82.222.152.134\/imgsdisk\/2013\/12\/24\/241220132322322826911.jpg\" alt=\"\" width=\"246\" height=\"138\" \/>Atat\u00fcrk Kitapl\u0131\u011f\u0131\u2019nda Arap\u00e7a, Fars\u00e7a ve Osmanl\u0131ca el yazmalar\u0131n da aralar\u0131nda bulundu\u011fu 40 bini a\u015fk\u0131n nadir eser, taran\u0131p dijital ortama aktar\u0131ld\u0131. Eserler 15 Ocak\u2019tan sonra internet sitesinde g\u00f6r\u00fclebilecek. \u0130stanbul Atat\u00fcrk Kitapl\u0131\u011f\u0131\u2019ndaki yazma eserler dijital ortama aktar\u0131ld\u0131. Proje kapsam\u0131nda, aralar\u0131nda, Avrupa\u2019da matbaada bas\u0131lm\u0131\u015f ilk Osmanl\u0131ca kitaplardan 1593 tarihli \u0130bni Sina\u2019n\u0131n t\u0131p kitab\u0131yla M\u00fcteferrika matbaas\u0131nda bas\u0131lan ilk 16 kitab\u0131n da bulundu\u011fu eserler de ayn\u0131 \u015fekilde dijital ortama aktar\u0131ld\u0131. Matbadan \u00f6nce hattatlar taraf\u0131ndan yaz\u0131lan 4 bin 400 eserle yine 4 bin Latin harfli nadir eser kapsam\u0131ndaki basma kitaplar da taranarak projeye dahil edildi\u201d<!--more--><\/p>\n<p style=\"text-align: justify;\">ARA\u015eTIRMACILARA B\u00dcY\u00dcK KOLAYLIK<\/p>\n<p style=\"text-align: justify;\">\u0130stanbul B\u00fcy\u00fck\u015fehir Belediyesi (\u0130BB) K\u00fct\u00fcphaneler ve M\u00fczeler M\u00fcd\u00fcr\u00fc Ramazan Minder, Atat\u00fcrk Kitapl\u0131\u011f\u0131\u2019n\u0131n, sahip oldu\u011fu koleksiyonundaki yay\u0131nlar\u0131n tarihi \u00f6nemi ve \u00e7e\u015fitlili\u011fi nedeniyle yerli ve yabanc\u0131 ara\u015ft\u0131rmac\u0131lar i\u00e7in \u00f6nemli bir bilgi merkezi konumunda oldu\u011funu belirterek, sat\u0131n alma ve ba\u011f\u0131\u015f a\u011f\u0131rl\u0131kl\u0131 geli\u015ftirilen k\u00fct\u00fcphanenin ara\u015ft\u0131rmac\u0131 ve yazarlar taraf\u0131ndan ba\u011f\u0131\u015flanan ki\u015fisel k\u00fct\u00fcphanelerle zenginle\u015fti\u011fini s\u00f6yledi.<\/p>\n<p style=\"text-align: justify;\">Kaynak: http:\/\/www.aksam.com.tr<\/p>\n<p><iframe loading=\"lazy\" src=\"http:\/\/www.ibbtube.com\/embed.php?id=5438\" frameborder=\"0\" width=\"569\" height=\"294\"><\/iframe><\/p>\n<p>Video Kaynak: http:\/\/www.ibbtube.com<\/p>\n","protected":false},"excerpt":{"rendered":"<p>Atat\u00fcrk Kitapl\u0131\u011f\u0131\u2019nda Arap\u00e7a, Fars\u00e7a ve Osmanl\u0131ca el yazmalar\u0131n da aralar\u0131nda bulundu\u011fu 40 bini a\u015fk\u0131n nadir eser, taran\u0131p dijital ortama aktar\u0131ld\u0131. Eserler 15 Ocak\u2019tan sonra internet sitesinde g\u00f6r\u00fclebilecek. \u0130stanbul Atat\u00fcrk Kitapl\u0131\u011f\u0131\u2019ndaki yazma eserler dijital ortama aktar\u0131ld\u0131. Proje kapsam\u0131nda, aralar\u0131nda, Avrupa\u2019da matbaada bas\u0131lm\u0131\u015f ilk Osmanl\u0131ca kitaplardan 1593 tarihli \u0130bni Sina\u2019n\u0131n t\u0131p kitab\u0131yla M\u00fcteferrika matbaas\u0131nda bas\u0131lan ilk 16 [&hellip;]<\/p>\n","protected":false},"author":1,"featured_media":0,"comment_status":"open","ping_status":"open","sticky":false,"template":"","format":"standard","meta":{"footnotes":""},"categories":[1,1500],"tags":[438],"class_list":["post-12677","post","type-post","status-publish","format-standard","hentry","category-genel","category-nadir-eserler","tag-el-yazmalari"],"_links":{"self":[{"href":"https:\/\/www.bbyhaber.com\/bby\/wp-json\/wp\/v2\/posts\/12677"}],"collection":[{"href":"https:\/\/www.bbyhaber.com\/bby\/wp-json\/wp\/v2\/posts"}],"about":[{"href":"https:\/\/www.bbyhaber.com\/bby\/wp-json\/wp\/v2\/types\/post"}],"author":[{"embeddable":true,"href":"https:\/\/www.bbyhaber.com\/bby\/wp-json\/wp\/v2\/users\/1"}],"replies":[{"embeddable":true,"href":"https:\/\/www.bbyhaber.com\/bby\/wp-json\/wp\/v2\/comments?post=12677"}],"version-history":[{"count":0,"href":"https:\/\/www.bbyhaber.com\/bby\/wp-json\/wp\/v2\/posts\/12677\/revisions"}],"wp:attachment":[{"href":"https:\/\/www.bbyhaber.com\/bby\/wp-json\/wp\/v2\/media?parent=12677"}],"wp:term":[{"taxonomy":"category","embeddable":true,"href":"https:\/\/www.bbyhaber.com\/bby\/wp-json\/wp\/v2\/categories?post=12677"},{"taxonomy":"post_tag","embeddable":true,"href":"https:\/\/www.bbyhaber.com\/bby\/wp-json\/wp\/v2\/tags?post=12677"}],"curies":[{"name":"wp","href":"https:\/\/api.w.org\/{rel}","templated":true}]}}