{"id":1267,"date":"2010-06-03T17:08:47","date_gmt":"2010-06-03T17:08:47","guid":{"rendered":"http:\/\/www.bbyhaber.com\/bby\/?p=1267"},"modified":"2012-09-29T14:18:24","modified_gmt":"2012-09-29T11:18:24","slug":"cogaltilmis-fikir-ve-sanat-eserlerini-derleme-kanunu-tasarisi","status":"publish","type":"post","link":"https:\/\/www.bbyhaber.com\/bby\/2010\/06\/03\/cogaltilmis-fikir-ve-sanat-eserlerini-derleme-kanunu-tasarisi","title":{"rendered":"\u00c7o\u011falt\u0131lm\u0131\u015f Fikir ve Sanat Eserlerini Derleme Kanunu Tasar\u0131s\u0131"},"content":{"rendered":"<p style=\"text-align: justify;\" align=\"justify\">\u0130zmir Milli K\u00fct\u00fcphane Derne\u011fi ve \u0130zmir Milli K\u00fct\u00fcphane Vakf\u0131 Ba\u015fkan\u0131 Ulvi Pu\u011f, K\u00fclt\u00fcr ve Turizm Bakanl\u0131\u011f\u0131 taraf\u0131ndan haz\u0131rlanan &#8216;\u00c7o\u011falt\u0131lm\u0131\u015f Fikir ve Sanat Eserlerini Derleme Kanunu Tasar\u0131s\u0131&#8217;na ili\u015fkin &#8216;\u0130zmir Milli K\u00fct\u00fcphanesini derleme k\u00fct\u00fcphane d\u0131\u015f\u0131nda b\u0131rakmak haks\u0131zl\u0131kt\u0131r&#8217; dedi.<!--more--><\/p>\n<p style=\"text-align: justify;\" align=\"justify\">Pu\u011f, \u0130zmir Milli K\u00fct\u00fcphane&#8217;de d\u00fczenledi\u011fi bas\u0131n toplant\u0131s\u0131nda, kanun tasar\u0131s\u0131nda &#8216;\u0130stanbul \u00dcniversitesi K\u00fct\u00fcphanesi ile \u0130zmir Milli K\u00fct\u00fcphanesi&#8217;ne derleme n\u00fcshalar\u0131 verme y\u00fck\u00fcml\u00fcl\u00fc\u011f\u00fcn\u00fcn b\u00fct\u00e7e, bina ve personel sorunlar\u0131 nedeniyle kald\u0131r\u0131lmas\u0131&#8217; ifadesinin yer ald\u0131\u011f\u0131n\u0131 s\u00f6yledi.<\/p>\n<p style=\"text-align: justify;\" align=\"justify\">\u0130zmir&#8217;deki k\u00fct\u00fcphanenin 98 y\u0131ll\u0131k oldu\u011funu, derleme dok\u00fcmanlar\u0131n \u0130zmir&#8217;e de g\u00f6nderilmesini Atat\u00fcrk&#8217;\u00fcn istedi\u011fini belirten Pu\u011f, tasar\u0131yla derleme eserlerin bir n\u00fcshas\u0131n\u0131n g\u00f6nderildi\u011fi k\u00fct\u00fcphane say\u0131s\u0131n\u0131n 5&#8217;ten 3&#8217;e indirildi\u011fini iddia etti. Pu\u011f, tasar\u0131da belirtilen gerek\u00e7elerin ger\u00e7ek\u00e7i olmad\u0131\u011f\u0131n\u0131 savunarak, \u015funlar\u0131 kaydetti:<\/p>\n<p style=\"text-align: justify;\" align=\"justify\">&#8216;B\u00f6yle olsa bile yap\u0131lmas\u0131 gereken k\u00fct\u00fcphanenin i\u015flevsizle\u015ftirilmesi de\u011fil, sorunlara \u00e7\u00f6z\u00fcm bulunmas\u0131d\u0131r. \u0130zmir Milli K\u00fct\u00fcphanesini derleme k\u00fct\u00fcphane d\u0131\u015f\u0131nda b\u0131rakmak haks\u0131zl\u0131kt\u0131r. Bu yanl\u0131\u015ftan d\u00f6n\u00fclmesi i\u00e7in AK Parti, CHP ve MHP \u0130l Ba\u015fkanlar\u0131 ile g\u00f6r\u00fc\u015ferek milletvekillerinden destek isteyece\u011fiz. G\u00f6sterilen gerek\u00e7eler inceleme yap\u0131lmadan g\u00f6sterilmi\u015ftir. K\u00fclt\u00fcr ve Turizm Bakan\u0131 Ertu\u011frul G\u00fcnay, k\u00fct\u00fcphanemizi hi\u00e7 ziyaret etmemi\u015ftir. Bakanl\u0131k bize destek vermemi\u015ftir. Ger\u00e7ek gerek\u00e7eyi bilmiyorum ama milli k\u00fct\u00fcphane ulusal duru\u015f sergiler. Atat\u00fcrk&#8217;\u00fcn \u0131\u015f\u0131\u011f\u0131n\u0131 yans\u0131tmaya \u00e7al\u0131\u015f\u0131r. Bundan da taviz vermeyiz.&#8217;\u00a0<strong><\/strong><\/p>\n<p style=\"text-align: justify;\">Kaynak: <a href=\"http:\/\/www.haberler.com\/\" target=\"_blank\">http:\/\/www.haberler.com\/<\/a><\/p>\n","protected":false},"excerpt":{"rendered":"<p>\u0130zmir Milli K\u00fct\u00fcphane Derne\u011fi ve \u0130zmir Milli K\u00fct\u00fcphane Vakf\u0131 Ba\u015fkan\u0131 Ulvi Pu\u011f, K\u00fclt\u00fcr ve Turizm Bakanl\u0131\u011f\u0131 taraf\u0131ndan haz\u0131rlanan &#8216;\u00c7o\u011falt\u0131lm\u0131\u015f Fikir ve Sanat Eserlerini Derleme Kanunu Tasar\u0131s\u0131&#8217;na ili\u015fkin &#8216;\u0130zmir Milli K\u00fct\u00fcphanesini derleme k\u00fct\u00fcphane d\u0131\u015f\u0131nda b\u0131rakmak haks\u0131zl\u0131kt\u0131r&#8217; dedi.<\/p>\n","protected":false},"author":1,"featured_media":0,"comment_status":"open","ping_status":"open","sticky":false,"template":"","format":"standard","meta":{"footnotes":""},"categories":[1,1581],"tags":[164],"class_list":["post-1267","post","type-post","status-publish","format-standard","hentry","category-genel","category-izmir-milli-kutuphane","tag-derleme-kanunu"],"_links":{"self":[{"href":"https:\/\/www.bbyhaber.com\/bby\/wp-json\/wp\/v2\/posts\/1267"}],"collection":[{"href":"https:\/\/www.bbyhaber.com\/bby\/wp-json\/wp\/v2\/posts"}],"about":[{"href":"https:\/\/www.bbyhaber.com\/bby\/wp-json\/wp\/v2\/types\/post"}],"author":[{"embeddable":true,"href":"https:\/\/www.bbyhaber.com\/bby\/wp-json\/wp\/v2\/users\/1"}],"replies":[{"embeddable":true,"href":"https:\/\/www.bbyhaber.com\/bby\/wp-json\/wp\/v2\/comments?post=1267"}],"version-history":[{"count":0,"href":"https:\/\/www.bbyhaber.com\/bby\/wp-json\/wp\/v2\/posts\/1267\/revisions"}],"wp:attachment":[{"href":"https:\/\/www.bbyhaber.com\/bby\/wp-json\/wp\/v2\/media?parent=1267"}],"wp:term":[{"taxonomy":"category","embeddable":true,"href":"https:\/\/www.bbyhaber.com\/bby\/wp-json\/wp\/v2\/categories?post=1267"},{"taxonomy":"post_tag","embeddable":true,"href":"https:\/\/www.bbyhaber.com\/bby\/wp-json\/wp\/v2\/tags?post=1267"}],"curies":[{"name":"wp","href":"https:\/\/api.w.org\/{rel}","templated":true}]}}