{"id":12631,"date":"2013-12-22T15:36:45","date_gmt":"2013-12-22T13:36:45","guid":{"rendered":"http:\/\/www.bbyhaber.com\/bby\/?p=12631"},"modified":"2013-12-22T15:36:45","modified_gmt":"2013-12-22T13:36:45","slug":"gaziantep%e2%80%99te-ilk-sesli-kutuphane-kuruluyor","status":"publish","type":"post","link":"https:\/\/www.bbyhaber.com\/bby\/2013\/12\/22\/gaziantep%e2%80%99te-ilk-sesli-kutuphane-kuruluyor","title":{"rendered":"Gaziantep\u2019te ilk sesli k\u00fct\u00fcphane kuruluyor"},"content":{"rendered":"<p style=\"text-align: justify;\"><img loading=\"lazy\" decoding=\"async\" class=\"alignleft\" src=\"http:\/\/www.gaziantepsabah.com\/resimler\/haberler\/gaziantepte-ilk-sesli-kutuphane-kuruluyor.jpg\" alt=\"\" width=\"260\" height=\"173\" \/>Aile ve Sosyal Politikalar \u0130l M\u00fcd\u00fcrl\u00fc\u011f\u00fc ile Sa\u011fl\u0131k-Sen Gaziantep \u015eubesi Engelliler Komisyonu\u2019nun i\u015fbirli\u011fi ile ba\u015fta g\u00f6rme engelliler olmak \u00fczere t\u00fcm engellilere hizmet verecek olan sesli k\u00fct\u00fcphane kurulmas\u0131 i\u00e7in \u00e7al\u0131\u015fmalar ba\u015flat\u0131ld\u0131.\u00a0 \u00d6zellikle g\u00f6rme engelliler a\u00e7\u0131s\u0131ndan b\u00fcy\u00fck bir ihtiya\u00e7 olan sesli k\u00fct\u00fcphaneyi Gaziantep\u2019e kazand\u0131rmak amac\u0131yla Aile ve Sosyal Politikalar \u0130l M\u00fcd\u00fcrl\u00fc\u011f\u00fc\u2019nde d\u00fczenlenen toplant\u0131ya ASP \u0130l M\u00fcd\u00fcr\u00fc \u0130smet Zor, Sa\u011fl\u0131k-Sen Engelliler Komisyonu Ba\u015fkan\u0131 Mehmet At\u0131lgan ve g\u00f6rme engelliler kat\u0131ld\u0131. <!--more--><\/p>\n<p style=\"text-align: justify;\">Sa\u011fl\u0131k-Sen Gaziantep Engelliler Komisyonu Ba\u015fkan\u0131 Mehmet At\u0131lgan, sesli k\u00fct\u00fcplanenin b\u00fcy\u00fck bir bo\u015flu\u011fu dolduraca\u011f\u0131n\u0131 belirterek, \u015f\u00f6yle konu\u015ftu: \u201cBiz g\u00f6rme engelliler i\u00e7in bilgiye ve ders notlar\u0131na ula\u015fma konusunda b\u00fcy\u00fck engeller bulunuyor. Sesli k\u00fct\u00fcphane bu engelleri \u00f6nemli \u00f6l\u00e7\u00fcde ortadan kald\u0131racak. Gaziantep\u2019te ilk kez kurulacak olan sesli k\u00fct\u00fcphane ile ders notlar\u0131 CD\u2019lere aktar\u0131larak ihtiya\u00e7 sahiplerine verilecek. Bu projemizde bizlere desteklerini esirgemeyen Aile ve Sosyal Politikalar \u0130l M\u00fcd\u00fcr\u00fcm\u00fcz \u0130smet Zor ve Sa\u011fl\u0131k-Sen\u2019e t\u00fcm g\u00f6rme engelliler ad\u0131na te\u015fekk\u00fcr ediyoruz.\u201d<\/p>\n<p style=\"text-align: justify;\">Kaynak: http:\/\/www.gaziantepsabah.com<\/p>\n","protected":false},"excerpt":{"rendered":"<p>Aile ve Sosyal Politikalar \u0130l M\u00fcd\u00fcrl\u00fc\u011f\u00fc ile Sa\u011fl\u0131k-Sen Gaziantep \u015eubesi Engelliler Komisyonu\u2019nun i\u015fbirli\u011fi ile ba\u015fta g\u00f6rme engelliler olmak \u00fczere t\u00fcm engellilere hizmet verecek olan sesli k\u00fct\u00fcphane kurulmas\u0131 i\u00e7in \u00e7al\u0131\u015fmalar ba\u015flat\u0131ld\u0131.\u00a0 \u00d6zellikle g\u00f6rme engelliler a\u00e7\u0131s\u0131ndan b\u00fcy\u00fck bir ihtiya\u00e7 olan sesli k\u00fct\u00fcphaneyi Gaziantep\u2019e kazand\u0131rmak amac\u0131yla Aile ve Sosyal Politikalar \u0130l M\u00fcd\u00fcrl\u00fc\u011f\u00fc\u2019nde d\u00fczenlenen toplant\u0131ya ASP \u0130l M\u00fcd\u00fcr\u00fc \u0130smet [&hellip;]<\/p>\n","protected":false},"author":1,"featured_media":0,"comment_status":"open","ping_status":"open","sticky":false,"template":"","format":"standard","meta":{"footnotes":""},"categories":[1,1503],"tags":[],"class_list":["post-12631","post","type-post","status-publish","format-standard","hentry","category-genel","category-sesli-kutuphane"],"_links":{"self":[{"href":"https:\/\/www.bbyhaber.com\/bby\/wp-json\/wp\/v2\/posts\/12631"}],"collection":[{"href":"https:\/\/www.bbyhaber.com\/bby\/wp-json\/wp\/v2\/posts"}],"about":[{"href":"https:\/\/www.bbyhaber.com\/bby\/wp-json\/wp\/v2\/types\/post"}],"author":[{"embeddable":true,"href":"https:\/\/www.bbyhaber.com\/bby\/wp-json\/wp\/v2\/users\/1"}],"replies":[{"embeddable":true,"href":"https:\/\/www.bbyhaber.com\/bby\/wp-json\/wp\/v2\/comments?post=12631"}],"version-history":[{"count":0,"href":"https:\/\/www.bbyhaber.com\/bby\/wp-json\/wp\/v2\/posts\/12631\/revisions"}],"wp:attachment":[{"href":"https:\/\/www.bbyhaber.com\/bby\/wp-json\/wp\/v2\/media?parent=12631"}],"wp:term":[{"taxonomy":"category","embeddable":true,"href":"https:\/\/www.bbyhaber.com\/bby\/wp-json\/wp\/v2\/categories?post=12631"},{"taxonomy":"post_tag","embeddable":true,"href":"https:\/\/www.bbyhaber.com\/bby\/wp-json\/wp\/v2\/tags?post=12631"}],"curies":[{"name":"wp","href":"https:\/\/api.w.org\/{rel}","templated":true}]}}