{"id":12628,"date":"2013-12-22T15:32:50","date_gmt":"2013-12-22T13:32:50","guid":{"rendered":"http:\/\/www.bbyhaber.com\/bby\/?p=12628"},"modified":"2013-12-22T15:34:04","modified_gmt":"2013-12-22T13:34:04","slug":"okul-kutuphanesi-yenilendi-amasya","status":"publish","type":"post","link":"https:\/\/www.bbyhaber.com\/bby\/2013\/12\/22\/okul-kutuphanesi-yenilendi-amasya","title":{"rendered":"Okul k\u00fct\u00fcphanesi yenilendi-Amasya"},"content":{"rendered":"<p style=\"text-align: justify;\"><img loading=\"lazy\" decoding=\"async\" class=\"alignleft\" src=\"http:\/\/objektifamasya.com\/wp-content\/uploads\/2013\/12\/Okul-k%C3%BCt%C3%BCphanesi-yenilendi2.jpg\" alt=\"\" width=\"284\" height=\"157\" \/>Amasya\u2019n\u0131n Hamam\u00f6z\u00fc il\u00e7esi Hamit Kaplan Ortaokulu\u2019nun k\u00fct\u00fcphanesinde yap\u0131lan yeni d\u00fczenlemeler \u00f6\u011frencileri sevindirdi. Hamit Kaplan Ortaokulu K\u00fct\u00fcphanesi sil ba\u015ftan yenilendi. E\u011fitimde \u00e7ocuklara kazand\u0131r\u0131lacak en \u00f6nemli davran\u0131\u015f\u0131n kitap okuma al\u0131\u015fkanl\u0131\u011f\u0131n\u0131 artt\u0131rmak oldu\u011funu belirten Okul M\u00fcd\u00fcr\u00fc Ender Ayr\u0131k, \u00f6\u011frencilerin en g\u00fczel ortamlarda kitap okumalar\u0131n\u0131 sa\u011flamak i\u00e7in k\u00fct\u00fcphanede yeni d\u00fczenlemeler yapt\u0131klar\u0131n\u0131 s\u00f6yledi.<!--more--><\/p>\n<p style=\"text-align: justify;\">\u00d6zellikle Kaymakam Kdir G\u00fcntepe\u2019nin\u00a0 k\u00fct\u00fcphane yap\u0131m\u0131na \u00f6nemli katk\u0131 sundu\u011funu kaydeden Ayr\u0131k,\u201cEl birli\u011fi ile \u0130l\u00e7e Milli E\u011fitim M\u00fcd\u00fcr\u00fcm\u00fcz Ercan G\u00fcltekin ve Kaymakam\u0131m\u0131z Kadir G\u00fcntepe\u2019nin b\u00fcy\u00fck destekleriyle k\u00fct\u00fcphanemizi yeniledik.K\u00fct\u00fcphanemizin i\u00e7 mimarisi kaymakam Bey\u2019in d\u00fc\u015f\u00fcncesi.. \u00d6\u011frencilerimizin genellikle teneff\u00fcs aralar\u0131nda k\u00fct\u00fcphaneye geldiklerini g\u00f6r\u00fcyoruz. Buradaki kaynaklardan faydalanmaya \u00e7al\u0131\u015f\u0131yorlar. Test \u00e7\u00f6z\u00fcp, hik\u00e2ye ve roman okuduklar\u0131n\u0131 g\u00f6r\u00fcyoruz. Bu da bizi mutlu ediyor. Yak\u0131n zamanda al\u0131nacak oturma grubuyla k\u00fct\u00fcphane i\u00e7erisine\u00a0 velilerin okulumuza geldiklerinde bekleyecekleri Veli Bekleme Salonu olu\u015fturaca\u011f\u0131z. \u201c \u015feklinde konu\u015ftu.\u00a0 Okulun \u00f6rnek bir okul k\u00fct\u00fcphanesine kavu\u015ftu\u011funu ifade eden \u00f6\u011frenci velileri ise yap\u0131lan yenileme \u00e7al\u0131\u015fmalar\u0131ndan b\u00fcy\u00fck memnuniyet duyduklar\u0131n\u0131 belirterek okul y\u00f6neticilerine te\u015fekk\u00fcr ettiler.<\/p>\n<p style=\"text-align: justify;\">Kaynak: http:\/\/www.objektifamasya.com<\/p>\n<p style=\"text-align: justify;\">\n","protected":false},"excerpt":{"rendered":"<p>Amasya\u2019n\u0131n Hamam\u00f6z\u00fc il\u00e7esi Hamit Kaplan Ortaokulu\u2019nun k\u00fct\u00fcphanesinde yap\u0131lan yeni d\u00fczenlemeler \u00f6\u011frencileri sevindirdi. Hamit Kaplan Ortaokulu K\u00fct\u00fcphanesi sil ba\u015ftan yenilendi. E\u011fitimde \u00e7ocuklara kazand\u0131r\u0131lacak en \u00f6nemli davran\u0131\u015f\u0131n kitap okuma al\u0131\u015fkanl\u0131\u011f\u0131n\u0131 artt\u0131rmak oldu\u011funu belirten Okul M\u00fcd\u00fcr\u00fc Ender Ayr\u0131k, \u00f6\u011frencilerin en g\u00fczel ortamlarda kitap okumalar\u0131n\u0131 sa\u011flamak i\u00e7in k\u00fct\u00fcphanede yeni d\u00fczenlemeler yapt\u0131klar\u0131n\u0131 s\u00f6yledi.<\/p>\n","protected":false},"author":1,"featured_media":0,"comment_status":"open","ping_status":"open","sticky":false,"template":"","format":"standard","meta":{"footnotes":""},"categories":[1],"tags":[845],"class_list":["post-12628","post","type-post","status-publish","format-standard","hentry","category-genel","tag-okul-kutuphaneleri"],"_links":{"self":[{"href":"https:\/\/www.bbyhaber.com\/bby\/wp-json\/wp\/v2\/posts\/12628"}],"collection":[{"href":"https:\/\/www.bbyhaber.com\/bby\/wp-json\/wp\/v2\/posts"}],"about":[{"href":"https:\/\/www.bbyhaber.com\/bby\/wp-json\/wp\/v2\/types\/post"}],"author":[{"embeddable":true,"href":"https:\/\/www.bbyhaber.com\/bby\/wp-json\/wp\/v2\/users\/1"}],"replies":[{"embeddable":true,"href":"https:\/\/www.bbyhaber.com\/bby\/wp-json\/wp\/v2\/comments?post=12628"}],"version-history":[{"count":0,"href":"https:\/\/www.bbyhaber.com\/bby\/wp-json\/wp\/v2\/posts\/12628\/revisions"}],"wp:attachment":[{"href":"https:\/\/www.bbyhaber.com\/bby\/wp-json\/wp\/v2\/media?parent=12628"}],"wp:term":[{"taxonomy":"category","embeddable":true,"href":"https:\/\/www.bbyhaber.com\/bby\/wp-json\/wp\/v2\/categories?post=12628"},{"taxonomy":"post_tag","embeddable":true,"href":"https:\/\/www.bbyhaber.com\/bby\/wp-json\/wp\/v2\/tags?post=12628"}],"curies":[{"name":"wp","href":"https:\/\/api.w.org\/{rel}","templated":true}]}}