{"id":12624,"date":"2013-12-22T15:28:30","date_gmt":"2013-12-22T13:28:30","guid":{"rendered":"http:\/\/www.bbyhaber.com\/bby\/?p=12624"},"modified":"2013-12-22T15:28:41","modified_gmt":"2013-12-22T13:28:41","slug":"cine-halk-kutuphanesi-tadilattan-geciyor-aydin","status":"publish","type":"post","link":"https:\/\/www.bbyhaber.com\/bby\/2013\/12\/22\/cine-halk-kutuphanesi-tadilattan-geciyor-aydin","title":{"rendered":"\u00c7ine Halk K\u00fct\u00fcphanesi tadilattan ge\u00e7iyor-Ayd\u0131n"},"content":{"rendered":"<p style=\"text-align: justify;\"><img loading=\"lazy\" decoding=\"async\" class=\"alignleft\" src=\"http:\/\/47f2bc5dc77f20d4fcae-2ffd3154bf43bf9e430479b257491606.r98.cf2.rackcdn.com\/UFhTHWSKwwikzIVNASiUvOpCBgfyMHCCqIEeZpEjxaJvZgyogOUJfsdJQtmuaDYh.jpg\" alt=\"\" width=\"250\" height=\"150\" \/>1995\u2019te in\u015fa edilen \u00c7ine Halk K\u00fct\u00fcphanesi tadilattan ge\u00e7iyor.Halk K\u00fct\u00fcphanesi M\u00fcdiresi \u015eenay H\u0131z\u0131r, yap\u0131lan \u00e7al\u0131\u015fman\u0131n insanlara daha iyi bir ortamda hizmet vermek ve k\u00fct\u00fcphanenin daha da g\u00fczel g\u00f6r\u00fcn\u00fcme kavu\u015fmas\u0131 i\u00e7in yap\u0131ld\u0131\u011f\u0131n\u0131 s\u00f6yledi. Mevcut haliyle insanlara sunduklar\u0131 hizmetleriyle il\u00e7e halk\u0131n\u0131n kendilerinden gayet memnun oldu\u011funu aktaran H\u0131z\u0131r, zamanla birlikte her \u015feyde oldu\u011fu gibi bak\u0131m onar\u0131m \u00e7al\u0131\u015fmam\u0131zla birlikte bir yenilik dizayn\u0131yla insanlar\u0131m\u0131za daha iyi bir ortam sunmak istiyoruz&#8221; dedi.<!--more--><\/p>\n<p style=\"text-align: justify;\">Ge\u00e7en hafta Cuma g\u00fcn\u00fc ba\u015flat\u0131lan bak\u0131m onar\u0131m \u00e7al\u0131\u015fmalar\u0131nda sona gelindi\u011fini s\u00f6yleyen H\u0131z\u0131r, k\u00fct\u00fcphanemizde hi\u00e7bir \u015fekilde yap\u0131lan bak\u0131m onar\u0131m \u00e7al\u0131\u015fmalar\u0131ndan dolay\u0131 hizmette yava\u015flama ve aksakl\u0131k olu\u015fmad\u0131. Her zaman oldu\u011fu gibi hizmet verebilir durumda \u00e7al\u0131\u015fmalar\u0131m\u0131z\u0131 s\u00fcrd\u00fcr\u00fcyoruz\u201d diye konu\u015ftu.<\/p>\n<p style=\"text-align: justify;\">Bina i\u00e7erisinde boya ve badana \u00e7al\u0131\u015fmalar\u0131n\u0131n da yap\u0131ld\u0131\u011f\u0131 k\u00fct\u00fcphanenin m\u00fcdiresi \u015eenay H\u0131z\u0131r, bir haftal\u0131k bir s\u00fcre zarf\u0131 i\u00e7erisinde k\u00fct\u00fcphanenin yeni g\u00f6r\u00fcn\u00fcm\u00fcne kavu\u015faca\u011f\u0131n\u0131 ifade etti.<\/p>\n<p>Kaynak: http:\/\/cinemadran.com\/<\/p>\n","protected":false},"excerpt":{"rendered":"<p>1995\u2019te in\u015fa edilen \u00c7ine Halk K\u00fct\u00fcphanesi tadilattan ge\u00e7iyor.Halk K\u00fct\u00fcphanesi M\u00fcdiresi \u015eenay H\u0131z\u0131r, yap\u0131lan \u00e7al\u0131\u015fman\u0131n insanlara daha iyi bir ortamda hizmet vermek ve k\u00fct\u00fcphanenin daha da g\u00fczel g\u00f6r\u00fcn\u00fcme kavu\u015fmas\u0131 i\u00e7in yap\u0131ld\u0131\u011f\u0131n\u0131 s\u00f6yledi. Mevcut haliyle insanlara sunduklar\u0131 hizmetleriyle il\u00e7e halk\u0131n\u0131n kendilerinden gayet memnun oldu\u011funu aktaran H\u0131z\u0131r, zamanla birlikte her \u015feyde oldu\u011fu gibi bak\u0131m onar\u0131m \u00e7al\u0131\u015fmam\u0131zla birlikte bir [&hellip;]<\/p>\n","protected":false},"author":1,"featured_media":0,"comment_status":"open","ping_status":"open","sticky":false,"template":"","format":"standard","meta":{"footnotes":""},"categories":[1],"tags":[848],"class_list":["post-12624","post","type-post","status-publish","format-standard","hentry","category-genel","tag-halk-kutuphaneleri"],"_links":{"self":[{"href":"https:\/\/www.bbyhaber.com\/bby\/wp-json\/wp\/v2\/posts\/12624"}],"collection":[{"href":"https:\/\/www.bbyhaber.com\/bby\/wp-json\/wp\/v2\/posts"}],"about":[{"href":"https:\/\/www.bbyhaber.com\/bby\/wp-json\/wp\/v2\/types\/post"}],"author":[{"embeddable":true,"href":"https:\/\/www.bbyhaber.com\/bby\/wp-json\/wp\/v2\/users\/1"}],"replies":[{"embeddable":true,"href":"https:\/\/www.bbyhaber.com\/bby\/wp-json\/wp\/v2\/comments?post=12624"}],"version-history":[{"count":0,"href":"https:\/\/www.bbyhaber.com\/bby\/wp-json\/wp\/v2\/posts\/12624\/revisions"}],"wp:attachment":[{"href":"https:\/\/www.bbyhaber.com\/bby\/wp-json\/wp\/v2\/media?parent=12624"}],"wp:term":[{"taxonomy":"category","embeddable":true,"href":"https:\/\/www.bbyhaber.com\/bby\/wp-json\/wp\/v2\/categories?post=12624"},{"taxonomy":"post_tag","embeddable":true,"href":"https:\/\/www.bbyhaber.com\/bby\/wp-json\/wp\/v2\/tags?post=12624"}],"curies":[{"name":"wp","href":"https:\/\/api.w.org\/{rel}","templated":true}]}}