{"id":1261,"date":"2010-06-10T17:03:26","date_gmt":"2010-06-10T14:03:26","guid":{"rendered":"http:\/\/www.bbyhaber.com\/bby\/?p=1261"},"modified":"2017-01-11T15:03:20","modified_gmt":"2017-01-11T12:03:20","slug":"artik-onlarin-da-kutuphanesi-var","status":"publish","type":"post","link":"https:\/\/www.bbyhaber.com\/bby\/2010\/06\/10\/artik-onlarin-da-kutuphanesi-var","title":{"rendered":"Art\u0131k onlar\u0131n da k\u00fct\u00fcphanesi var"},"content":{"rendered":"<p style=\"text-align: justify;\" align=\"justify\">T\u00fcrk Henkel&#8217;in \u00c7a\u011fda\u015f Ya\u015fam\u0131 Destekleme Derne\u011fi ile i\u015fbirli\u011fi yaparak geli\u015ftirdi\u011fi ve Anadolu&#8217;da ihtiyac\u0131 olan okullara k\u00fct\u00fcphaneler kazand\u0131ran &#8220;Tursil&#8217;in Ak\u0131ll\u0131 \u00c7ocuklar\u0131&#8221; projesi 26&#8217;inci k\u00fct\u00fcphanesini Narman \u015eehit Astsubay \u00c7avu\u015f Soner \u00d6z\u00fcbek Yat\u0131l\u0131 \u0130lk\u00f6\u011fretim B\u00f6lge Okulu&#8217;nda a\u00e7t\u0131.<!--more--><\/p>\n<p style=\"text-align: justify;\" align=\"justify\">Tursil&#8217;in ak\u0131ll\u0131 \u00e7ocuklar\u0131 projesiyle bug\u00fcne kadar 7 bin \u00e7ocu\u011fa ula\u015fan Tursil ve \u00c7YDD 2010 y\u0131l\u0131ndaki ilk k\u00fct\u00fcphanesini Narman&#8217;da a\u00e7t\u0131. T\u00fcrk Henkel, T\u00fcrkiye&#8217;nin ilk toz deterjan markas\u0131 Tursil ile ba\u015flatt\u0131\u011f\u0131 bilin\u00e7lendirme kampanyas\u0131 &#8220;Tursil&#8217;in Ak\u0131ll\u0131 \u00c7ocuklar\u0131&#8221; kapsam\u0131nda 25&#8217;inci k\u00fct\u00fcphanesinin a\u00e7\u0131l\u0131\u015f\u0131n\u0131 d\u00fcn Narman&#8217;da ger\u00e7ekle\u015ftirdi. Narman \u015eehit Astsubay \u00c7avu\u015f Soner \u00d6z\u00fcbek Yat\u0131l\u0131 \u0130lk\u00f6\u011fretim B\u00f6lge Okulu&#8217;nda ger\u00e7ekle\u015ftirilen k\u00fct\u00fcphane a\u00e7\u0131l\u0131\u015f t\u00f6renine T\u00fcrk Henkel \u00c7ama\u015f\u0131r bak\u0131m \u00dcr\u00fcnleri Pazarlama M\u00fcd\u00fcr\u00fc Tolga \u00dcnvar, \u00c7YDD Genel ba\u015fkan yard\u0131mc\u0131s\u0131 Nihal K\u0131z\u0131l, \u00c7YDD Tan\u0131t\u0131m \u0130leti\u015fim biriminden Nursel G\u00fclter, Narman kaymakam\u0131 Alper Tanr\u0131sever, Narman Belediye Ba\u015fkan\u0131 Y\u00fccel Ahmet \u0130\u015fleyen, \u00e7ok say\u0131da davetli ve \u00f6\u011frenciler kat\u0131ld\u0131.<\/p>\n<p style=\"text-align: justify;\" align=\"justify\">T\u00f6renin a\u00e7\u0131l\u0131\u015f konu\u015fmas\u0131n\u0131 yapan \u00c7a\u011fda\u015f Ya\u015fam\u0131 Destekleme Derne\u011fi (\u00c7YDD) Genel Ba\u015fkan Yard\u0131mc\u0131s\u0131 Nihal K\u0131z\u0131l, \u00e7ocuklar\u0131n kitaplara kavu\u015fmas\u0131 i\u00e7in T\u00fcrkiye&#8217;nin her noktas\u0131na ula\u015fmaya \u00e7al\u0131\u015ft\u0131klar\u0131n\u0131 s\u00f6yledi. \u00c7a\u011fda\u015f Ya\u015fam\u0131 Destekleme Derne\u011fi olarak bireylerin yeti\u015fmesine katk\u0131 vermek \u00fczere bir \u00e7ok proje y\u00fcr\u00fctt\u00fcklerinin de alt\u0131n\u0131 \u00e7izen K\u0131z\u0131l, &#8221; D\u00fc\u015f\u00fcnen, ara\u015ft\u0131ran, sorgulayan \u00e7a\u011fda\u015f bireylerinde ancak \u00e7a\u011fda\u015f ve bilimsel bir e\u011fitimle yeti\u015fece\u011fine inan\u0131yoruz. E\u011fitimin en temel \u00f6\u011felerinden biride kitap oldu\u011funa g\u00f6re \u00e7ocuklar\u0131m\u0131z i\u00e7in kitaba kolay ula\u015fabilecekleri kitapl\u0131klar\u0131n \u00f6nemi bizim i\u00e7in \u00e7ok b\u00fcy\u00fck. Bug\u00fcn Narman&#8217;da 26. k\u00fct\u00fcphaneyi hayata ge\u00e7ir7menin mutlulu\u011funu ya\u015f\u0131yoruz. Dile\u011fimiz proje kapsam\u0131nda bu y\u0131l sonuna kadar 37 k\u00fct\u00fcphaneden sonra da projenin uzat\u0131larak i\u015fbirli\u011fimizin devam etmesi ve kitap bekleyen daha binlerce \u00e7ocu\u011fumuza da bu sevinci ya\u015fatabilmemizdir. Bu \u00f6rnek sosyal sorumluluk projesine katk\u0131 veren, eme\u011fi ge\u00e7en herkesi kutluyorum&#8221; dedi.<\/p>\n<p style=\"text-align: justify;\" align=\"justify\">Daha sonra g\u00f6r\u00fc\u015flerini dile getirmek i\u00e7in k\u00fcrs\u00fcye gelen T\u00fcrk Henkel \u00c7ama\u015f\u0131r Bak\u0131n \u00dcr\u00fcnleri Pazarlama M\u00fcd\u00fcr\u00fc Tolga Unvan&#8217;da projenin uzat\u0131lmas\u0131 i\u00e7in \u00e7al\u0131\u015fma i\u00e7erisinde olduklar\u0131n\u0131 belirtti. Erzurum&#8217;da olmaktan ve Narman Y\u0130BO&#8217;ya k\u00fct\u00fcphane kazand\u0131rmaktan dolay\u0131 b\u00fcy\u00fck mutluluk ya\u015fad\u0131klar\u0131n\u0131 da s\u00f6yleyen Unvan, &#8220;Her kitap okuyan \u00e7ocu\u011fu g\u00f6rmek bize \u015fevk veriyor. Ne kadar \u00f6nemli bir projeye destek verdi\u011fimizin fark\u0131na var\u0131yoruz. Tursil&#8217;in Ak\u0131ll\u0131 \u00c7ocuklar\u0131 projesi ile temel olarak T\u00fcrkiye&#8217;nin her yerinde e\u011fitimde f\u0131rsat e\u015fitli\u011finin sa\u011flanmas\u0131na destek olmay\u0131 ve kitaba ula\u015famayan \u00e7ocuklar\u0131m\u0131za hayatlar\u0131nda b\u00fcy\u00fck bir de\u011fi\u015fim yaratabilecek kitaplar\u0131 g\u00f6t\u00fcrmeyi ama\u00e7l\u0131yoruz&#8221; diye konu\u015ftu.<\/p>\n<p style=\"text-align: justify;\" align=\"justify\">Narman Kaymakam\u0131 Alpar Tanr\u0131sever ise Tursil ve \u00c7a\u011fda\u015f Ya\u015fam\u0131 Destekleme Derne\u011fi&#8217;nin \u00f6nemli bir hizmete imza att\u0131\u011f\u0131n\u0131 belirterek, Sizleri Erzurum&#8217;da g\u00f6rmek bizi mutlu etti. Narmanl\u0131lar bu deste\u011finizi hi\u00e7bir zaman unutmayacakt\u0131r. T\u00fcm \u00e7ocuklar ad\u0131na hepinize te\u015fekk\u00fcr ediyorum&#8221; diye konu\u015ftu.<\/p>\n<p style=\"text-align: justify;\" align=\"justify\">Konu\u015fmalar\u0131n\u0131n ard\u0131ndan k\u00fct\u00fcphanenin a\u00e7\u0131l\u0131\u015f\u0131n\u0131 yapan kat\u0131l\u0131mc\u0131lar \u00e7ocuklarla birlikte k\u00fct\u00fcphaneyi gezerek, kitaplar\u0131 incelediler. K\u00fct\u00fcphanede bulunan her kitab\u0131 okuyacaklar\u0131na dair s\u00f6z veren \u00f6\u011frenciler ise, kitap okumam\u0131za destek veren herkese minnettar\u0131z. Kitaplar\u0131n hepsini okuyaca\u011f\u0131m\u0131za s\u00f6z veriyoruz&#8221; dediler.<br \/>\nLevent AKPINAR<br \/>\nPaland\u00f6ken<\/p>\n<p style=\"text-align: justify;\" align=\"justify\">Kaynak : <a href=\"http:\/\/www.palandokengazetesi.net\/\" target=\"_blank\">http:\/\/www.palandokengazetesi.net<\/a><\/p>\n","protected":false},"excerpt":{"rendered":"<p>T\u00fcrk Henkel&#8217;in \u00c7a\u011fda\u015f Ya\u015fam\u0131 Destekleme Derne\u011fi ile i\u015fbirli\u011fi yaparak geli\u015ftirdi\u011fi ve Anadolu&#8217;da ihtiyac\u0131 olan okullara k\u00fct\u00fcphaneler kazand\u0131ran &#8220;Tursil&#8217;in Ak\u0131ll\u0131 \u00c7ocuklar\u0131&#8221; projesi 26&#8217;inci k\u00fct\u00fcphanesini Narman \u015eehit Astsubay \u00c7avu\u015f Soner \u00d6z\u00fcbek Yat\u0131l\u0131 \u0130lk\u00f6\u011fretim B\u00f6lge Okulu&#8217;nda a\u00e7t\u0131.<\/p>\n","protected":false},"author":1,"featured_media":0,"comment_status":"open","ping_status":"open","sticky":false,"template":"","format":"standard","meta":{"footnotes":""},"categories":[1,1603],"tags":[],"class_list":["post-1261","post","type-post","status-publish","format-standard","hentry","category-genel","category-sehit-kutuphaneleri"],"_links":{"self":[{"href":"https:\/\/www.bbyhaber.com\/bby\/wp-json\/wp\/v2\/posts\/1261"}],"collection":[{"href":"https:\/\/www.bbyhaber.com\/bby\/wp-json\/wp\/v2\/posts"}],"about":[{"href":"https:\/\/www.bbyhaber.com\/bby\/wp-json\/wp\/v2\/types\/post"}],"author":[{"embeddable":true,"href":"https:\/\/www.bbyhaber.com\/bby\/wp-json\/wp\/v2\/users\/1"}],"replies":[{"embeddable":true,"href":"https:\/\/www.bbyhaber.com\/bby\/wp-json\/wp\/v2\/comments?post=1261"}],"version-history":[{"count":1,"href":"https:\/\/www.bbyhaber.com\/bby\/wp-json\/wp\/v2\/posts\/1261\/revisions"}],"predecessor-version":[{"id":20840,"href":"https:\/\/www.bbyhaber.com\/bby\/wp-json\/wp\/v2\/posts\/1261\/revisions\/20840"}],"wp:attachment":[{"href":"https:\/\/www.bbyhaber.com\/bby\/wp-json\/wp\/v2\/media?parent=1261"}],"wp:term":[{"taxonomy":"category","embeddable":true,"href":"https:\/\/www.bbyhaber.com\/bby\/wp-json\/wp\/v2\/categories?post=1261"},{"taxonomy":"post_tag","embeddable":true,"href":"https:\/\/www.bbyhaber.com\/bby\/wp-json\/wp\/v2\/tags?post=1261"}],"curies":[{"name":"wp","href":"https:\/\/api.w.org\/{rel}","templated":true}]}}