{"id":12607,"date":"2013-12-21T01:07:03","date_gmt":"2013-12-20T23:07:03","guid":{"rendered":"http:\/\/www.bbyhaber.com\/bby\/?p=12607"},"modified":"2017-07-11T15:43:44","modified_gmt":"2017-07-11T12:43:44","slug":"5-uluslararasi-degisen-dunyada-bilgi-yonetimi-sempozyumu-24-26-kasim-2014","status":"publish","type":"post","link":"https:\/\/www.bbyhaber.com\/bby\/2013\/12\/21\/5-uluslararasi-degisen-dunyada-bilgi-yonetimi-sempozyumu-24-26-kasim-2014","title":{"rendered":"5.Uluslararas\u0131 De\u011fi\u015fen D\u00fcnyada Bilgi Y\u00f6netimi Sempozyumu-24-26 Kas\u0131m 2014"},"content":{"rendered":"<p style=\"text-align: justify;\"><span style=\"color: #000000;\"><strong>BY2014<\/strong>: Be\u015finci Uluslararas\u0131 De\u011fi\u015fen D\u00fcnyada Bilgi Y\u00f6netimi Sempozyumu (<span style=\"color: #0000ff;\"><a href=\"http:\/\/imcw2014.bilgiyonetimi.net\/\" target=\"_blank\" rel=\"nofollow noopener noreferrer\" shape=\"rect\"><span style=\"color: #0000ff;\">http:\/\/imcw2014. bilgiyonetimi.net\/<\/span><\/a><\/span>) <strong><span style=\"color: #ff0000;\">24-26 Kas\u0131m 2014<\/span><\/strong> tarihlerinde <strong><span style=\"color: #ff0000;\">Antalya<\/span><\/strong>\u2019da yap\u0131lacakt\u0131r (Club Hotel Sera:<a href=\"http:\/\/www.clubhotelsera.com.tr\/\" target=\"_blank\" rel=\"nofollow noopener noreferrer\" shape=\"rect\">http:\/\/www. clubhotelsera.com.tr\/<\/a>). 2014 T\u00fcrk-Alman Bilim Y\u0131l\u0131n\u0131 kutlamak amac\u0131yla BY2014 Hacettepe \u00dcniversitesi ve T\u00fcrkiye\u2019deki Goethe Enstit\u00fcleriyle ortakla\u015fa d\u00fczenlenmektedir.<!--more--> \u00a0<\/span><\/p>\n<div style=\"text-align: justify;\"><span style=\"color: #000000;\">\u00a0<\/span><strong>ANA KONU<\/strong><\/div>\n<div style=\"text-align: justify;\">Sempozyumun ana konusu \u201c<strong>Ara\u015ft\u0131rma Verilerinin Y\u00f6netimi ve Bilgi Ke\u015ffi<\/strong>\u201d olarak belirlenmi\u015ftir.\u00a0<strong>BY2014\u00a0<\/strong>ara\u015ft\u0131rma verilerinin y\u00f6netimi ve a\u00e7\u0131k veri ar\u015fivleriyle ilgili konular\u0131 tart\u0131\u015fmak i\u00e7in ara\u015ft\u0131rmac\u0131lar\u0131, veri bilimcileri, bilgi uzmanlar\u0131n\u0131, veri k\u00fct\u00fcphanecilerini ve ar\u015fivcilerini bir araya getirmeyi ve ara\u015ft\u0131rma verileri \u00fczerinde yenilik\u00e7i ve i\u015fbirli\u011fine dayal\u0131 bilgi ke\u015ffi ve madenleme hizmetlerinin nas\u0131l tasarlanaca\u011f\u0131 ve geli\u015ftirilece\u011fi \u00fczerinde d\u00fc\u015f\u00fcnmelerini sa\u011flamay\u0131 ama\u00e7lamaktad\u0131r.<\/div>\n<div style=\"text-align: justify;\"><span style=\"color: #000000;\">\u00a0<\/span><\/div>\n<div style=\"text-align: justify;\"><span style=\"color: #000000;\"><strong>KATKILAR<\/strong><\/span><\/div>\n<div style=\"text-align: justify;\">Katk\u0131lar kuramsal olabilece\u011fi gibi teknik ve uygulamal\u0131 da olabilir. Sempozyum bilgilendirici \u00f6rnek olaylara da a\u00e7\u0131kt\u0131r.\u00a0\u00a0Katk\u0131 olarak, yenilik\u00e7i ve i\u015fbirli\u011fine dayanan ara\u015ft\u0131rma verilerinin y\u00f6netimi ve bilgi ke\u015ffinin t\u00fcm y\u00f6nleriyle ilgili tam bildirilerin (750 s\u00f6zc\u00fckten az olmamak \u00fczere)\u00a0<strong>geni\u015fletilmi\u015f \u00f6zetleri<\/strong>; k\u0131sa bildiriler, devam eden ara\u015ft\u0131rma (Research in Progress) raporlar\u0131, g\u00f6rsel sunu\u015flar ve posterler kabul edilmektedir. Sempozyuma \u00f6\u011frenciler de geni\u015fletilmi\u015f \u00f6zet ve posterlerle kat\u0131labilirler. Doktora \u00f6\u011frencileri devam eden ara\u015ft\u0131rmalar\u0131n\u0131n ilk sonu\u00e7lar\u0131n\u0131 geni\u015fletilmi\u015f \u00f6zet olarak g\u00f6nderebilirler. L\u00fctfen Sempozyum web sitesindeki \u015fablonu kullanarak katk\u0131lar\u0131n\u0131z\u0131 haz\u0131rlay\u0131n\u0131z ve Konferans Y\u00f6netim Yaz\u0131l\u0131m\u0131n\u0131 (openconf) kullanarak\u00a0<span style=\"color: #ff0000;\"><strong>16 Mart 2014\u00a0<\/strong><\/span>tarihine kadar bize g\u00f6nderiniz.<\/div>\n<div style=\"text-align: justify;\"><span style=\"color: #000000;\">\u00a0<\/span><\/div>\n<div style=\"text-align: justify;\"><span style=\"color: #000000;\">\u00c7al\u0131\u015ftay d\u00fczenleme \u00f6nerilerini de kabul ediyoruz. \u00d6nerilerde bir ba\u015fl\u0131k, k\u0131sa bir \u00f6zet, \u00f6neri sahibinin ad\u0131 ve irtibat bilgileri yer almal\u0131 ve\u00a0<span style=\"color: #ff0000;\"><strong>16 Mart 2014\u00a0<\/strong><\/span>tarihine kadar\u00a0<a href=\"mailto:imcw2014@gmail.com\" target=\"_blank\" rel=\"nofollow noopener noreferrer\" shape=\"rect\">imcw2014@gmail.com<\/a>\u00a0adresine g\u00f6nderilmelidir.\u00a0<\/span><\/div>\n<div style=\"text-align: justify;\"><span style=\"color: #000000;\">\u00a0<\/span><\/div>\n<div style=\"text-align: justify;\"><span style=\"color: #000000;\">Kabul edilen geni\u015fletilmi\u015f \u00f6zetler ve \u00f6neriler Sempozyumdan \u00f6nce yay\u0131mlanacak olan \u201c\u00d6zetler Kitab\u0131\u201dnda yer alacakt\u0131r. \u00a0<\/span><\/div>\n<div style=\"text-align: justify;\"><span style=\"color: #000000;\">\u00a0<\/span><\/div>\n<div style=\"text-align: justify;\"><span style=\"color: #000000;\">Kabul edilen geni\u015fletilmi\u015f \u00f6zetler tam bildiri haline getirilebilir. Bu bildirilerin ve posterlerin bir k\u0131sm\u0131 g\u00f6zden ge\u00e7irildikten ve geni\u015fletildikten sonra Springer Yay\u0131nevinin Communications in Computer and Information Science (CCIS) dizisi alt\u0131nda Bildiriler Kitab\u0131 olarak yay\u0131mlanacakt\u0131r (karar bekleniyor). Bildiriler ayn\u0131 zamanda Sempozyum web sitesinde de yay\u0131mlanacakt\u0131r. Springer Yay\u0131nevinin CCIS dizisi alt\u0131nda yay\u0131mlanan bildiriler Thomson Reuters\u2019\u0131n Conference Proceedings Citation Index adl\u0131 at\u0131f dizininde listelenmektedir.\u00a0<\/span><\/div>\n<div style=\"text-align: justify;\"><span style=\"color: #000000;\">\u00a0<\/span><\/div>\n<div><span style=\"color: #000000;\"><strong>ANA KONULAR<\/strong><\/span><\/div>\n<div><span style=\"color: #000000;\">\u00a0<\/span>Sempozyumun ana konular\u0131 a\u015fa\u011f\u0131da verilmektedir (ama konular a\u015fa\u011f\u0131dakilerle s\u0131n\u0131rl\u0131 de\u011fildir):<\/div>\n<div><span style=\"color: #000000;\">\u00a0<\/span><\/div>\n<div><span style=\"color: #000000;\">Ara\u015ft\u0131rma Verileri<\/span><\/div>\n<div><span style=\"color: #000000;\">Ara\u015ft\u0131rma Verileri Alt Yap\u0131s\u0131<\/span><\/div>\n<div><span style=\"color: #000000;\">Ara\u015ft\u0131rma Verilerinin Y\u00f6netimi<\/span><\/div>\n<div><span style=\"color: #000000;\">Ara\u015ft\u0131rma Verilerine A\u00e7\u0131k Eri\u015fim\u00a0<\/span><\/div>\n<div><span style=\"color: #000000;\">Ara\u015ft\u0131rma Verilerinde Bilgi Ke\u015ffi\u00a0<\/span><\/div>\n<div><span style=\"color: #000000;\">Ara\u015ft\u0131rma Verileri Y\u00f6netimi \u0130\u00e7in E\u011fitim\u00a0<\/span><\/div>\n<div><span style=\"color: #000000;\">\u00a0<\/span><\/div>\n<div><strong>\u00d6NEML\u0130 TAR\u0130HLER<\/strong><\/div>\n<div><span style=\"color: #000000;\">\u00a0<\/span><\/div>\n<div><span style=\"color: #000000;\">\u0130lk \u00e7a\u011fr\u0131: Aral\u0131k 2013\u00a0<\/span><\/div>\n<div><span style=\"color: #000000;\">\u0130kinci \u00e7a\u011fr\u0131: Ocak 2014\u00a0<\/span><\/div>\n<div><span style=\"color: #000000;\">\u00dc\u00e7\u00fcnc\u00fc \u00e7a\u011fr\u0131: \u015eubat 2014\u00a0<\/span><\/div>\n<div><span style=\"color: #000000;\">Geni\u015fletilmi\u015f \u00f6zet ve \u00f6neri g\u00f6ndermek i\u00e7in son tarih:\u00a0<strong>16 Mart 2014\u00a0<\/strong><\/span><\/div>\n<div><span style=\"color: #000000;\">Yazarlara geri bildirim:\u00a0<strong>1 May\u0131s 2014 \u00a0<\/strong><\/span><\/div>\n<div><span style=\"color: #000000;\">Geni\u015fletilmi\u015f \u00f6zetlerin son halinin g\u00f6nderilmesi:\u00a0<strong>1 Haziran 2014<\/strong><\/span><\/div>\n<div><span style=\"color: #000000;\">Kay\u0131tlar\u0131n ba\u015flamas\u0131:\u00a0<strong>2 Haziran 2014<\/strong><\/span><\/div>\n<div><span style=\"color: #000000;\">Tam metin bildirilerin g\u00f6nderilmesi (iste\u011fe ba\u011fl\u0131):\u00a0<strong>1 Temmuz 2014<\/strong><\/span><\/div>\n<div><span style=\"color: #000000;\">Tam metin bildirilerle ilgili yazarlara geri bildirim:\u00a0<strong>1 A\u011fustos 2014<\/strong><\/span><\/div>\n<div><span style=\"color: #000000;\">Tam metin bildirilerin son halinin g\u00f6nderilmesi:\u00a0<strong>1 Eyl\u00fcl 2014<\/strong><\/span><\/div>\n<div><span style=\"color: #000000;\">Sempozyum:\u00a0<strong>24-26 Kas\u0131m 2014\u00a0<\/strong><\/span><\/div>\n<div><span style=\"color: #000000;\">\u00a0<\/span><\/div>\n<div><span style=\"color: #000000;\">\u00d6neri ve yorumlar\u0131n\u0131z\u0131, muhtemel davetli konu\u015fmac\u0131lar hakk\u0131ndaki d\u00fc\u015f\u00fcncelerinizi bize yazabilirsiniz<\/span><\/div>\n<div><span style=\"color: #000000;\">\u00a0<a href=\"mailto:imcw2014@gmail.com\" target=\"_blank\" rel=\"nofollow noopener noreferrer\" shape=\"rect\">imcw2014@gmail.com<\/a>\u00a0<\/span><\/div>\n<div><span style=\"color: #000000;\">\u00a0<\/span><\/div>\n<div><span style=\"color: #000000;\"><strong>Ya\u015far Tonta\u00a0<\/strong>ve\u00a0<strong>Serap Kurbano\u011flu<\/strong>, Genel E\u015f Ba\u015fkanlar\u00a0<\/span><\/div>\n<div><span style=\"color: #000000;\">Hacettepe \u00dcniversitesi\u00a0<\/span><\/div>\n<div><span style=\"color: #000000;\">Bilgi ve Belge Y\u00f6netimi B\u00f6l\u00fcm\u00fc\u00a0<\/span><\/div>\n<div><span style=\"color: #000000;\">06800 Beytepe, Ankara, T\u00fcrkiye<\/span><\/div>\n<div><span style=\"color: #000000;\">Tel:<a rel=\"nofollow\" shape=\"rect\">+90 312 297 82 00<\/a><\/span><\/div>\n<div><span style=\"color: #000000;\">Faks:<a rel=\"nofollow\" shape=\"rect\">+90 312 299 20 14<\/a><\/span><\/div>\n<div><span style=\"color: #000000;\">E-posta: {yasartonta,<a href=\"mailto:kurbanogluserap%7D@gmail.com\" target=\"_blank\" rel=\"nofollow noopener noreferrer\" shape=\"rect\">kurbanogluserap}@ gmail.com<\/a>\u00a0<\/span><\/div>\n<div><span style=\"color: #000000;\">\u00a0<\/span><\/div>\n<div><span style=\"color: #000000;\"><strong>Nico Sandfuchs<\/strong><\/span><\/div>\n<div><span style=\"color: #000000;\">Goethe-Institut Ankara<\/span><\/div>\n<div><span style=\"color: #000000;\">Atat\u00fcrk Bulvar\u0131 No:131<\/span><\/div>\n<div><span style=\"color: #000000;\">06640 Bakanl\u0131klar, Ankara, T\u00fcrkiye<\/span><\/div>\n<div><span style=\"color: #000000;\">Tel:<a rel=\"nofollow\" shape=\"rect\">+90 312 419 52 83<\/a><\/span><\/div>\n<div>\n<p><span style=\"color: #000000;\"><span style=\"color: #000000;\">E-posta:<a href=\"mailto:sandfuchs@ankara.goethe.org\" target=\"_blank\" rel=\"nofollow noopener noreferrer\" shape=\"rect\">sandfuchs@ankara. goethe.org<\/a>\u00a0<\/span><\/span><\/p>\n<p><span style=\"color: #ff0000;\"><strong>\u00d6nceki Sempozyumlar:<\/strong><\/span><\/p>\n<p><a href=\"http:\/\/by2007.bilgiyonetimi.net\/english\/\" target=\"_blank\" rel=\"noopener noreferrer\">BY2007<\/a><br \/>\n<a href=\"http:\/\/by2010.bilgiyonetimi.net\/english.html\" target=\"_blank\" rel=\"noopener noreferrer\">BY2010<\/a><br \/>\n<a href=\"http:\/\/by2012.bilgiyonetimi.net\/en\/\" target=\"_blank\" rel=\"noopener noreferrer\">BY2012<\/a><br \/>\n<a href=\"http:\/\/by2013.bilgiyonetimi.net\/en\/\" target=\"_blank\" rel=\"noopener noreferrer\">BY2013<\/a><\/p>\n<\/div>\n","protected":false},"excerpt":{"rendered":"<p>BY2014: Be\u015finci Uluslararas\u0131 De\u011fi\u015fen D\u00fcnyada Bilgi Y\u00f6netimi Sempozyumu (http:\/\/imcw2014. bilgiyonetimi.net\/) 24-26 Kas\u0131m 2014 tarihlerinde Antalya\u2019da yap\u0131lacakt\u0131r (Club Hotel Sera:http:\/\/www. clubhotelsera.com.tr\/). 2014 T\u00fcrk-Alman Bilim Y\u0131l\u0131n\u0131 kutlamak amac\u0131yla BY2014 Hacettepe \u00dcniversitesi ve T\u00fcrkiye\u2019deki Goethe Enstit\u00fcleriyle ortakla\u015fa d\u00fczenlenmektedir.<\/p>\n","protected":false},"author":1,"featured_media":0,"comment_status":"open","ping_status":"open","sticky":false,"template":"","format":"standard","meta":{"footnotes":""},"categories":[],"tags":[1395,378,823],"class_list":["post-12607","post","type-post","status-publish","format-standard","hentry","tag-bby-mesleki-etkinlikler-arsivi","tag-bilgi-yonetimi-sempozyumu","tag-imcw"],"_links":{"self":[{"href":"https:\/\/www.bbyhaber.com\/bby\/wp-json\/wp\/v2\/posts\/12607"}],"collection":[{"href":"https:\/\/www.bbyhaber.com\/bby\/wp-json\/wp\/v2\/posts"}],"about":[{"href":"https:\/\/www.bbyhaber.com\/bby\/wp-json\/wp\/v2\/types\/post"}],"author":[{"embeddable":true,"href":"https:\/\/www.bbyhaber.com\/bby\/wp-json\/wp\/v2\/users\/1"}],"replies":[{"embeddable":true,"href":"https:\/\/www.bbyhaber.com\/bby\/wp-json\/wp\/v2\/comments?post=12607"}],"version-history":[{"count":1,"href":"https:\/\/www.bbyhaber.com\/bby\/wp-json\/wp\/v2\/posts\/12607\/revisions"}],"predecessor-version":[{"id":22278,"href":"https:\/\/www.bbyhaber.com\/bby\/wp-json\/wp\/v2\/posts\/12607\/revisions\/22278"}],"wp:attachment":[{"href":"https:\/\/www.bbyhaber.com\/bby\/wp-json\/wp\/v2\/media?parent=12607"}],"wp:term":[{"taxonomy":"category","embeddable":true,"href":"https:\/\/www.bbyhaber.com\/bby\/wp-json\/wp\/v2\/categories?post=12607"},{"taxonomy":"post_tag","embeddable":true,"href":"https:\/\/www.bbyhaber.com\/bby\/wp-json\/wp\/v2\/tags?post=12607"}],"curies":[{"name":"wp","href":"https:\/\/api.w.org\/{rel}","templated":true}]}}