{"id":12594,"date":"2013-12-18T10:57:34","date_gmt":"2013-12-18T08:57:34","guid":{"rendered":"http:\/\/www.bbyhaber.com\/bby\/?p=12594"},"modified":"2013-12-18T10:57:51","modified_gmt":"2013-12-18T08:57:51","slug":"foca-demokrasi-meydani%e2%80%99na-sokak-kutuphanesi-izmir","status":"publish","type":"post","link":"https:\/\/www.bbyhaber.com\/bby\/2013\/12\/18\/foca-demokrasi-meydani%e2%80%99na-sokak-kutuphanesi-izmir","title":{"rendered":"Fo\u00e7a Demokrasi Meydan\u0131\u2019na sokak k\u00fct\u00fcphanesi-\u0130zmir"},"content":{"rendered":"<p style=\"text-align: justify;\"><img loading=\"lazy\" decoding=\"async\" class=\"alignleft\" src=\"http:\/\/www.focafoca.com\/resimler6\/r_izmir_1712201306.jpg\" alt=\"\" width=\"250\" height=\"150\" \/>\u0130zmir\u2019in Fo\u00e7a il\u00e7esinde Fo\u00e7a Kitap Kul\u00fcb\u00fc \u00fcyeleri ve belediye i\u015fbirli\u011fi ile yap\u0131lan ve a\u00e7\u0131k sokak k\u00fct\u00fcphanesi niteli\u011fi ta\u015f\u0131yan \u201cSokak Kitap Dolab\u0131\u201d kitapseverlerin hizmetine sunuldu. 17 Aral\u0131k 2013 Sal\u0131 g\u00fcn\u00fc saat 13.30\u2019da d\u00fczenlenen t\u00f6renle a\u00e7\u0131lan a\u00e7\u0131k k\u00fct\u00fcphane, b\u00fcnyesinde bulunan y\u00fczlerce kitab\u0131n okurlarca \u00fcyeliksiz, kay\u0131ts\u0131z serbest\u00e7e al\u0131n\u0131p okunmas\u0131 ve yerine konulmas\u0131 prensibiyle \u00e7al\u0131\u015facak. Dileyen vatanda\u015f kitab\u0131 meydandaki bank ve masalarda, dilerse evine g\u00f6t\u00fcrerek okuyacak, kendisi de okunmas\u0131n\u0131 istedi\u011fi kitaplar\u0131n\u0131 buraya b\u0131rakabilecek.<!--more--><\/p>\n<p style=\"text-align: justify;\">Bir s\u00fcredir haz\u0131rl\u0131klar\u0131 devam eden \u201cSokak Kitap Dolab\u0131\u201d \u00fcyelerin elbirli\u011fi ile olu\u015ftu. Boyas\u0131, \u00fczerindeki \u00e7i\u00e7ek motifleri \u00fcyelerce yap\u0131lan dolapta, yer alan t\u00fcm kitaplar da \u00fcyelerin ba\u011f\u0131\u015flar\u0131yla temin edildi. A\u00e7\u0131l\u0131\u015fta kul\u00fcp \u00fcyeleri ad\u0131na konu\u015fan G\u00fcls\u00fcm Ko\u00e7er \u00c7ift\u00e7i, ba\u015fta Fo\u00e7a Kitap Kul\u00fcb\u00fc Ba\u015fkan\u0131 Ayla Karatekin ile fikri veren, yap\u0131m\u0131nda eme\u011fi bulunan herkese ve Fo\u00e7a Belediyesi\u2019ne te\u015fekk\u00fcr etti.<\/p>\n<p style=\"text-align: justify;\">Ege&#8217;de bir ilk<\/p>\n<p style=\"text-align: justify;\">Fo\u00e7a Belediye Ba\u015fkan\u0131 G\u00f6khan Demira\u011f da konu\u015fmas\u0131nda bu sokak k\u00fct\u00fcphanesinin \u201cEge\u2019de bir ilk oldu\u011funu\u201d belirterek kitap kul\u00fcb\u00fc \u00fcyelerini \u00f6vd\u00fc. Demira\u011f; \u201cDo\u011fal ve k\u00fclt\u00fcrel g\u00fczellikleriyle \u00fcnl\u00fc Fo\u00e7a\u2019m\u0131z bir g\u00fczelli\u011fe daha kavu\u015ftu. Art\u0131k okumamak i\u00e7in kimsenin bahanesi yok. Kitaplar t\u00fcm vatanda\u015flar\u0131m\u0131z\u0131n her an elinin alt\u0131nda. Her ya\u015ftan insan\u0131m\u0131z\u0131n ortak k\u00fct\u00fcphanesi Fo\u00e7a Demokrasi Meydan\u0131\u2019nda. \u0130yi okumalar\u201d dedi.<\/p>\n<p style=\"text-align: justify;\">Kaynak:\u00a0http:\/\/www.focafoca.com<\/p>\n","protected":false},"excerpt":{"rendered":"<p>\u0130zmir\u2019in Fo\u00e7a il\u00e7esinde Fo\u00e7a Kitap Kul\u00fcb\u00fc \u00fcyeleri ve belediye i\u015fbirli\u011fi ile yap\u0131lan ve a\u00e7\u0131k sokak k\u00fct\u00fcphanesi niteli\u011fi ta\u015f\u0131yan \u201cSokak Kitap Dolab\u0131\u201d kitapseverlerin hizmetine sunuldu. 17 Aral\u0131k 2013 Sal\u0131 g\u00fcn\u00fc saat 13.30\u2019da d\u00fczenlenen t\u00f6renle a\u00e7\u0131lan a\u00e7\u0131k k\u00fct\u00fcphane, b\u00fcnyesinde bulunan y\u00fczlerce kitab\u0131n okurlarca \u00fcyeliksiz, kay\u0131ts\u0131z serbest\u00e7e al\u0131n\u0131p okunmas\u0131 ve yerine konulmas\u0131 prensibiyle \u00e7al\u0131\u015facak. Dileyen vatanda\u015f kitab\u0131 meydandaki [&hellip;]<\/p>\n","protected":false},"author":1,"featured_media":0,"comment_status":"open","ping_status":"open","sticky":false,"template":"","format":"standard","meta":{"footnotes":""},"categories":[1,1504],"tags":[],"class_list":["post-12594","post","type-post","status-publish","format-standard","hentry","category-genel","category-sokak-kutuphaneleri"],"_links":{"self":[{"href":"https:\/\/www.bbyhaber.com\/bby\/wp-json\/wp\/v2\/posts\/12594"}],"collection":[{"href":"https:\/\/www.bbyhaber.com\/bby\/wp-json\/wp\/v2\/posts"}],"about":[{"href":"https:\/\/www.bbyhaber.com\/bby\/wp-json\/wp\/v2\/types\/post"}],"author":[{"embeddable":true,"href":"https:\/\/www.bbyhaber.com\/bby\/wp-json\/wp\/v2\/users\/1"}],"replies":[{"embeddable":true,"href":"https:\/\/www.bbyhaber.com\/bby\/wp-json\/wp\/v2\/comments?post=12594"}],"version-history":[{"count":0,"href":"https:\/\/www.bbyhaber.com\/bby\/wp-json\/wp\/v2\/posts\/12594\/revisions"}],"wp:attachment":[{"href":"https:\/\/www.bbyhaber.com\/bby\/wp-json\/wp\/v2\/media?parent=12594"}],"wp:term":[{"taxonomy":"category","embeddable":true,"href":"https:\/\/www.bbyhaber.com\/bby\/wp-json\/wp\/v2\/categories?post=12594"},{"taxonomy":"post_tag","embeddable":true,"href":"https:\/\/www.bbyhaber.com\/bby\/wp-json\/wp\/v2\/tags?post=12594"}],"curies":[{"name":"wp","href":"https:\/\/api.w.org\/{rel}","templated":true}]}}