{"id":1259,"date":"2010-06-20T17:02:07","date_gmt":"2010-06-20T17:02:07","guid":{"rendered":"http:\/\/www.bbyhaber.com\/bby\/?p=1259"},"modified":"2012-05-15T11:16:30","modified_gmt":"2012-05-15T11:16:30","slug":"dincer-sezgin%e2%80%99in-adi-kutuphanede-yasayacak","status":"publish","type":"post","link":"https:\/\/www.bbyhaber.com\/bby\/2010\/06\/20\/dincer-sezgin%e2%80%99in-adi-kutuphanede-yasayacak","title":{"rendered":"Din\u00e7er Sezgin\u2019in ad\u0131 k\u00fct\u00fcphanede ya\u015fayacak"},"content":{"rendered":"<p style=\"text-align: justify;\" align=\"justify\">Merkezi \u0130zmir\u2019de bulunan K\u00f6y \u00c7ocuklar\u0131 K\u00fct\u00fcphaneleri Olu\u015fturma K\u00fclt\u00fcr-Sanat ve Dayan\u0131\u015fma Derne\u011finin Torbal\u0131\u2019ya ba\u011fl\u0131 Korucuk K\u00f6y\u00fc\u2019ne kurdu\u011fu k\u00fct\u00fcphanenin a\u00e7\u0131l\u0131\u015f\u0131 d\u00fcn yap\u0131ld\u0131. 19 Ocak tarihinde hayat\u0131n\u0131 kaybeden Torbal\u0131 do\u011fumlu gazeteci-yazar Din\u00e7er Sezgin\u2019in an\u0131s\u0131na k\u00fct\u00fcphanenin a\u00e7\u0131l\u0131\u015f\u0131n\u0131 e\u015fi Nevzat S\u00fcer Sezgin ve dernek ba\u015fkan\u0131 Mesut Tim yapt\u0131. A\u00e7\u0131l\u0131\u015f t\u00f6reni \u00f6ncesi Nevzat S\u00fcer Sezgin\u2019in arkada\u015flar\u0131 ve sevenleri onun hakk\u0131ndaki duygu ve d\u00fc\u015f\u00fcncelerini yans\u0131tan konu\u015fmalar yapt\u0131. <!--more-->A\u00e7\u0131l\u0131\u015fa sanat d\u00fcnyas\u0131n\u0131n da \u00fcnl\u00fc isimleri kat\u0131ld\u0131. Y\u00f6netmen-senarist Deniz Alt\u0131ok, tiyatro oyuncusu-m\u00fczisyen Kamil Erselgin, M\u00fczisyen Halil \u00d6zdemir, Yazar-ressam Azime Akba\u015f Yaz\u0131c\u0131, \u015eair Nevin Konuk, k\u00f6y muhtarlar\u0131, dernek y\u00f6neticileri ve k\u00f6y halk\u0131 a\u00e7\u0131l\u0131\u015fa kat\u0131lanlar aras\u0131nda yer ald\u0131.<\/p>\n<p style=\"text-align: justify;\" align=\"justify\">D\u0130N\u00c7ER SEZG\u0130N\u2019\u0130N E\u015e\u0130 G\u00d6ZYA\u015eLARINA H\u00c2K\u0130M OLAMADI<\/p>\n<p style=\"text-align: justify;\" align=\"justify\">12 EYL\u00dcL 2006 y\u0131l\u0131ndan bu yana faaliyette olan dernek \u00e7at\u0131s\u0131 alt\u0131nda \u015fimdiye kadar 10 k\u00f6y k\u00fct\u00fcphanesi kurdu. 11\u2019inci k\u00fct\u00fcphaneyi Korucuk\u2019a a\u00e7an derne\u011fe Torbal\u0131 Belediyesi ve Korucuk K\u00f6y\u00fc Muhtarl\u0131\u011f\u0131 da destek verdi. K\u00fct\u00fcphanede yakla\u015f\u0131k 3 bin 500 kitap yer al\u0131rken, bunlar yard\u0131mseverlerin deste\u011fiyle topland\u0131. T\u00f6rende duygulu anlar ya\u015fan\u0131rken, Din\u00e7er Sezgin\u2019in e\u015fi Nevzat S\u00fcer Sezgin yapt\u0131\u011f\u0131 konu\u015fmada g\u00f6zya\u015flar\u0131na h\u00e2kim olamad\u0131. K\u00f6y \u00c7ocuklar\u0131 K\u00fct\u00fcphaneleri Olu\u015fturma, K\u00fclt\u00fcr-Sanat ve Dayan\u0131\u015fma Derne\u011fi Ba\u015fkan\u0131 Mesut Tim, \u00f6zellikle Korucuk K\u00f6y\u00fc\u2019n\u00fc se\u00e7me ama\u00e7lar\u0131n\u0131 a\u00e7\u0131klayarak, \u201cRahmetli gazeteci-yazar Din\u00e7er Sezgin\u2019in do\u011fdu\u011fu yer olan Torbal\u0131\u2019ya an\u0131s\u0131n\u0131 ya\u015fatabilmek i\u00e7in Torbal\u0131\u2019y\u0131 se\u00e7tik. Korucuk K\u00f6y\u00fc\u2019ne \u00e7evre k\u00f6ylerden ta\u015f\u0131mal\u0131 e\u011fitim yap\u0131lmas\u0131 ve n\u00fcfusunun y\u00fcksek olmas\u0131 nedeniyle korucuk K\u00f6y\u00fc\u2019n\u00fc se\u00e7tik. \u00d6zellikle Torbal\u0131 Belediye Meclis \u00dcyesi Ufuk Y\u00f6r\u00fck de buraya yap\u0131lmas\u0131 i\u00e7in tavsiyede bulundu. Korucuk ve \u00e7evresindeki k\u00f6ylerde ya\u015fayan gen\u00e7ler ve yeti\u015fkinler bu k\u00fct\u00fcphaneden faydalanabilecek\u201d diye konu\u015ftu.<\/p>\n<p style=\"text-align: justify;\" align=\"justify\">\u2018DESTEK OLAN HERKESE TE\u015eEKK\u00dcR EDER\u0130M\u2019<\/p>\n<p style=\"text-align: justify;\" align=\"justify\">KORUCUK K\u00f6y Muhtarl\u0131\u011f\u0131 T\u00fczel Ki\u015fili\u011fine ait olan binada a\u00e7\u0131lan k\u00fct\u00fcphaneden k\u00f6yde ya\u015fayan bin 200 ki\u015finin yan\u0131 s\u0131ra \u00e7evresinde bulunan Helvac\u0131, Ormank\u00f6y, Da\u011ftekke k\u00f6ylerindeki vatanda\u015flarda faydalanabilecek. Dernek ba\u015fkan\u0131 Mesut Tim, k\u00f6y merkezinde kurulan k\u00fct\u00fcphaneden ba\u015fta \u00f6\u011frenciler olmak \u00fczere her ya\u015ftan vatanda\u015f\u0131n yararlanmas\u0131n\u0131 istediklerini s\u00f6yleyerek, \u201cB\u00f6yle bir giri\u015fimde bize destek veren, konuyu duyar duymaz ilgilenen ve \u00e7\u00f6z\u00fcme kavu\u015fturan herkese derne\u011fimiz ad\u0131na te\u015fekk\u00fcr ediyorum\u201d dedi. Tim, derne\u011fin T\u00fcrkiye genelinde k\u00f6y ve beldelerde k\u00fct\u00fcphaneler kurmak i\u00e7in faaliyetlerine devam edeceklerini dile getirdi.\u00a0<strong><\/strong><\/p>\n<p style=\"text-align: justify;\" align=\"justify\">Kaynak: K\u00f6y \u00c7ocuklar\u0131 K\u00fct\u00fcphaneleri Olu\u015fturma K\u00fclt\u00fcr-Sanat ve Dayan\u0131\u015fma Derne\u011fi Ba\u015fkan\u0131 <strong>Mesut Tim<\/strong><\/p>\n<p style=\"text-align: justify;\"><strong>\u0130leti\u015fim:<br \/>\nAdres: 863. Sok. ; No:53\/127 Konak\/\u0130ZM\u0130R<\/strong><br \/>\n<strong>Tel<\/strong> \u00a0\u00a0\u00a0\u00a0<strong>: <\/strong>0232 484 72 72<br \/>\n<strong>GSM : <\/strong>0555 585 64 42<br \/>\n<strong>Web<\/strong> \u00a0<strong>\u00a0:<\/strong> <a href=\"http:\/\/www.ataturkcocuklarikutuphanesi.org\/\" target=\"_blank\">http:\/\/www.ataturkcocuklarikutuphanesi.org\u00a0<\/a><\/p>\n","protected":false},"excerpt":{"rendered":"<p>Merkezi \u0130zmir\u2019de bulunan K\u00f6y \u00c7ocuklar\u0131 K\u00fct\u00fcphaneleri Olu\u015fturma K\u00fclt\u00fcr-Sanat ve Dayan\u0131\u015fma Derne\u011finin Torbal\u0131\u2019ya ba\u011fl\u0131 Korucuk K\u00f6y\u00fc\u2019ne kurdu\u011fu k\u00fct\u00fcphanenin a\u00e7\u0131l\u0131\u015f\u0131 d\u00fcn yap\u0131ld\u0131. 19 Ocak tarihinde hayat\u0131n\u0131 kaybeden Torbal\u0131 do\u011fumlu gazeteci-yazar Din\u00e7er Sezgin\u2019in an\u0131s\u0131na k\u00fct\u00fcphanenin a\u00e7\u0131l\u0131\u015f\u0131n\u0131 e\u015fi Nevzat S\u00fcer Sezgin ve dernek ba\u015fkan\u0131 Mesut Tim yapt\u0131. A\u00e7\u0131l\u0131\u015f t\u00f6reni \u00f6ncesi Nevzat S\u00fcer Sezgin\u2019in arkada\u015flar\u0131 ve sevenleri onun hakk\u0131ndaki duygu [&hellip;]<\/p>\n","protected":false},"author":1,"featured_media":0,"comment_status":"open","ping_status":"open","sticky":false,"template":"","format":"standard","meta":{"footnotes":""},"categories":[1539,1,1498],"tags":[],"class_list":["post-1259","post","type-post","status-publish","format-standard","hentry","category-ataturk-cocuklari-kutuphanesi","category-genel","category-koy-kutuphaneleri"],"_links":{"self":[{"href":"https:\/\/www.bbyhaber.com\/bby\/wp-json\/wp\/v2\/posts\/1259"}],"collection":[{"href":"https:\/\/www.bbyhaber.com\/bby\/wp-json\/wp\/v2\/posts"}],"about":[{"href":"https:\/\/www.bbyhaber.com\/bby\/wp-json\/wp\/v2\/types\/post"}],"author":[{"embeddable":true,"href":"https:\/\/www.bbyhaber.com\/bby\/wp-json\/wp\/v2\/users\/1"}],"replies":[{"embeddable":true,"href":"https:\/\/www.bbyhaber.com\/bby\/wp-json\/wp\/v2\/comments?post=1259"}],"version-history":[{"count":0,"href":"https:\/\/www.bbyhaber.com\/bby\/wp-json\/wp\/v2\/posts\/1259\/revisions"}],"wp:attachment":[{"href":"https:\/\/www.bbyhaber.com\/bby\/wp-json\/wp\/v2\/media?parent=1259"}],"wp:term":[{"taxonomy":"category","embeddable":true,"href":"https:\/\/www.bbyhaber.com\/bby\/wp-json\/wp\/v2\/categories?post=1259"},{"taxonomy":"post_tag","embeddable":true,"href":"https:\/\/www.bbyhaber.com\/bby\/wp-json\/wp\/v2\/tags?post=1259"}],"curies":[{"name":"wp","href":"https:\/\/api.w.org\/{rel}","templated":true}]}}