{"id":12587,"date":"2013-12-17T14:30:28","date_gmt":"2013-12-17T12:30:28","guid":{"rendered":"http:\/\/www.bbyhaber.com\/bby\/?p=12587"},"modified":"2014-01-17T16:29:28","modified_gmt":"2014-01-17T14:29:28","slug":"kulturunu-avmlere-satan-uzgun-kent-istanbul","status":"publish","type":"post","link":"https:\/\/www.bbyhaber.com\/bby\/2013\/12\/17\/kulturunu-avmlere-satan-uzgun-kent-istanbul","title":{"rendered":"K\u00fclt\u00fcr\u00fcn\u00fc AVM&#8217;lere Satan \u00dczg\u00fcn Kent-\u0130stanbul"},"content":{"rendered":"<p style=\"text-align: justify;\">2012 y\u0131l\u0131nda Londra, New York, \u015eangay, Paris, Tokyo, Sidney, Johannesburg ve \u0130stanbul\u2019un bir araya gelmesiyle D\u00fcnya \u015eehirleri K\u00fclt\u00fcr Forumu ba\u015fl\u0131kl\u0131 bir giri\u015fim olu\u015fturuldu. Bu giri\u015fim, D\u00fcnya \u015eehri olarak adland\u0131r\u0131lan b\u00fcy\u00fck metropollerin k\u00fclt\u00fcr alan\u0131ndaki \u00fcst d\u00fczey y\u00f6neticilerinin bir forumda toplan\u0131p, bu tarz \u015fehirlerin k\u00fclt\u00fcr planlamalar\u0131yla ilgili idari programlar\u0131n\u0131 ve g\u00f6r\u00fc\u015flerini birbirleriyle payla\u015fmalar\u0131n\u0131 ama\u00e7l\u0131yor.<!--more--><\/p>\n<p style=\"text-align: justify;\">Forumun \u00fcst\u00fcnde durdu\u011fu fikirlerden biri de d\u00fcnya \u015fehirlerinin kendi \u00fclkelerindeki k\u00fc\u00e7\u00fck \u015fehirlerden \u00e7ok, di\u011fer \u00fclkelerdeki b\u00fcy\u00fck metropollerle ortak noktalar\u0131 olmas\u0131. D\u00fcnya \u015eehirleri K\u00fclt\u00fcr Forumu\u2019da bu fikirden yola \u00e7\u0131karak, her sene \u00fcye \u015fehirlerin kat\u0131laca\u011f\u0131 D\u00fcnya \u015eehirleri K\u00fclt\u00fcr Zirvesi\u2019nin ikincisi, 13-15 Kas\u0131m 2013 tarihlerinde \u0130stanbul\u2019da ger\u00e7ekle\u015fti. Bu etkinli\u011fin \u00f6ncesinde foruma kat\u0131lan \u015fehirlerin yer ald\u0131\u011f\u0131 D\u00fcnya \u015eehirleri K\u00fclt\u00fcr Raporu yay\u0131nland\u0131. Raporda kat\u0131l\u0131mc\u0131 \u015fehirlerle ilgili istatistiksel bilgiler yer al\u0131yor ve bunlar sahne sanatlar\u0131, edebi k\u00fclt\u00fcr, insanlar ve yetenek, k\u00fclt\u00fcr altyap\u0131s\u0131 ve k\u00fclt\u00fcr miras\u0131 gibi b\u00f6l\u00fcmler alt\u0131nda s\u0131ralanm\u0131\u015f.<\/p>\n<p style=\"text-align: justify;\"><strong>2013 y\u0131l\u0131 D\u00fcnya \u015eehirleri K\u00fclt\u00fcr Raporu\u2019nda <span style=\"color: #0000ff;\">\u0130stanbul\u2019la ilgili dikkat \u00e7eken<\/span> rakamlar\u0131n baz\u0131lar\u0131 \u015fu \u015fekilde:<\/strong><\/p>\n<p style=\"text-align: justify;\"><strong>Her 100,000 ki\u015fiye d\u00fc\u015fen <span style=\"color: #0000ff;\">k\u00fct\u00fcphane say\u0131s\u0131<\/span><\/strong><\/p>\n<p style=\"text-align: justify;\">Londra\u00a0\u00a0\u00a0\u00a0\u00a0\u00a0\u00a0\u00a0\u00a0 5<\/p>\n<p style=\"text-align: justify;\">Amsterdam\u00a0 3<\/p>\n<p style=\"text-align: justify;\">New York\u00a0\u00a0\u00a0\u00a0 3<\/p>\n<p style=\"text-align: justify;\"><strong><span style=\"color: #ff0000;\">\u0130stanbul\u00a0\u00a0\u00a0 0.3<\/span><\/strong><\/p>\n<p style=\"text-align: justify;\">Mumbai\u00a0\u00a0\u00a0\u00a0\u00a0\u00a0 0.006<\/p>\n<p style=\"text-align: justify;\"><strong>Her 100,000 ki\u015fiye d\u00fc\u015fen<span style=\"color: #0000ff;\"> kitabevi say\u0131s\u0131<\/span><\/strong><\/p>\n<p style=\"text-align: justify;\">Buenos Aires\u00a0 25<\/p>\n<p style=\"text-align: justify;\">Hong Kong\u00a0\u00a0\u00a0\u00a0 23<\/p>\n<p style=\"text-align: justify;\">Mumbai\u00a0\u00a0\u00a0\u00a0\u00a0\u00a0\u00a0\u00a0\u00a0\u00a0\u00a0 4<\/p>\n<p style=\"text-align: justify;\"><span style=\"color: #ff0000;\"><strong>\u0130stanbul\u00a0\u00a0\u00a0\u00a0\u00a0\u00a0\u00a0\u00a0 3<\/strong><\/span><\/p>\n<p style=\"text-align: justify;\"><strong>Halka a\u00e7\u0131k ye\u015fil alan (parklar ve bah\u00e7eler) y\u00fczdesi<\/strong><\/p>\n<p style=\"text-align: justify;\">Singapur\u00a0\u00a0\u00a0\u00a0\u00a0\u00a0\u00a0\u00a0\u00a0\u00a0\u00a0 %47<\/p>\n<p style=\"text-align: justify;\">Sidney\u00a0\u00a0\u00a0\u00a0\u00a0\u00a0\u00a0\u00a0\u00a0\u00a0\u00a0\u00a0\u00a0\u00a0\u00a0\u00a0 %46<\/p>\n<p style=\"text-align: justify;\">Hong Kong\u00a0\u00a0\u00a0\u00a0\u00a0\u00a0 %41<\/p>\n<p style=\"text-align: justify;\">Londra\u00a0\u00a0\u00a0\u00a0\u00a0\u00a0\u00a0\u00a0\u00a0\u00a0\u00a0\u00a0\u00a0\u00a0 %38.4<\/p>\n<p style=\"text-align: justify;\">Rio de Janeiro\u00a0 %29<\/p>\n<p style=\"text-align: justify;\"><span style=\"color: #ff0000;\"><strong>\u0130stanbul\u00a0\u00a0\u00a0\u00a0\u00a0\u00a0\u00a0\u00a0\u00a0\u00a0 %1.5<\/strong><\/span><\/p>\n<p style=\"text-align: justify;\"><strong>Canl\u0131 m\u00fczik mekanlar\u0131<\/strong><\/p>\n<p style=\"text-align: justify;\">Los Angeles\u00a0 510<\/p>\n<p style=\"text-align: justify;\">Paris\u00a0\u00a0\u00a0\u00a0\u00a0\u00a0\u00a0\u00a0\u00a0\u00a0\u00a0\u00a0\u00a0\u00a0 423<\/p>\n<p style=\"text-align: justify;\">Tokyo\u00a0\u00a0\u00a0\u00a0\u00a0\u00a0\u00a0\u00a0\u00a0\u00a0\u00a0\u00a0 385<\/p>\n<p style=\"text-align: justify;\">Londra\u00a0\u00a0\u00a0\u00a0\u00a0\u00a0\u00a0\u00a0\u00a0\u00a0 349<\/p>\n<p style=\"text-align: justify;\"><span style=\"color: #ff0000;\"><strong>\u0130stanbul\u00a0\u00a0\u00a0\u00a0\u00a0\u00a0 91<\/strong><\/span><\/p>\n<p style=\"text-align: justify;\"><strong>Genel \u00dcniversitelerde Sanat ve Tasar\u0131m b\u00f6l\u00fcmlerinde okuyan \u00f6\u011frenci say\u0131s\u0131<\/strong><\/p>\n<p style=\"text-align: justify;\">Seoul\u00a0\u00a0\u00a0\u00a0\u00a0\u00a0\u00a0\u00a0\u00a0 78,343<\/p>\n<p style=\"text-align: justify;\">Bogota\u00a0\u00a0\u00a0\u00a0\u00a0\u00a0 47,686<\/p>\n<p style=\"text-align: justify;\">Shanghai\u00a0 43,501<\/p>\n<p style=\"text-align: justify;\">Tokyo\u00a0\u00a0\u00a0\u00a0\u00a0\u00a0\u00a0\u00a0 25,444<\/p>\n<p style=\"text-align: justify;\"><span style=\"color: #ff0000;\"><strong>\u0130stanbul\u00a0\u00a0 774<\/strong><\/span><\/p>\n<p style=\"text-align: justify;\"><strong>\u015eehirdeki m\u00fcze say\u0131s\u0131<\/strong><\/p>\n<p style=\"text-align: justify;\">Los Angeles\u00a0 221<\/p>\n<p style=\"text-align: justify;\">Londra\u00a0\u00a0\u00a0\u00a0\u00a0\u00a0\u00a0\u00a0\u00a0\u00a0 173<\/p>\n<p style=\"text-align: justify;\">Berlin\u00a0\u00a0\u00a0\u00a0\u00a0\u00a0\u00a0\u00a0\u00a0\u00a0\u00a0\u00a0 158<\/p>\n<p style=\"text-align: justify;\">Amsterdam\u00a0\u00a0 151<\/p>\n<p style=\"text-align: justify;\"><span style=\"color: #ff0000;\"><strong>\u0130stanbul\u00a0\u00a0\u00a0\u00a0\u00a0\u00a0 78<\/strong><\/span><\/p>\n<p style=\"text-align: justify;\">Yukar\u0131daki istatistikler 2013 y\u0131l\u0131 i\u00e7in haz\u0131rlanm\u0131\u015f D\u00fcnya \u015eehirleri K\u00fclt\u00fcr Raporu\u2019nun sadece k\u00fc\u00e7\u00fck bir b\u00f6l\u00fcm\u00fcne ait. Neyse ki raporun \u0130stanbul\u2019la ilgili di\u011fer b\u00f6l\u00fcmleri bu kadar i\u00e7 karart\u0131c\u0131 de\u011fil. Yine de sadece yukar\u0131daki rakamlar bile \u0130stanbul ahalisi ve k\u00fclt\u00fcr y\u00f6netiminde yer alan yetkililer taraf\u0131ndan \u00f6nemle dikkate al\u0131nmal\u0131 \u00e7\u00fcnk\u00fc \u015fehrin durumu iyiye gitmiyor. \u0130stanbul k\u00fclt\u00fcr miraslar\u0131n\u0131 korumak yerine, k\u00fclt\u00fcr\u00fcn\u00fc al\u0131\u015fveri\u015f merkezlerine satan bir kent haline geldi.<\/p>\n<p style=\"text-align: justify;\">AVM projeleriyle ilgili akla gelen ilk \u00f6rneklerden biri, 2013 yaz\u0131nda T\u00fcrkiye tarihinin en b\u00fcy\u00fck toplumsal hareketlerinden birine neden olan Top\u00e7u K\u0131\u015flas\u0131 projesi. \u0130stanbul\u2019daki ye\u015fil alanlar\u0131n boyutu D\u00fcnya\u2019n\u0131n \u00f6nde gelen \u015fehirlerine k\u0131yasla yok denecek kadar az oldu\u011fu halde \u015fehrin ortas\u0131ndaki bir park\u0131 y\u0131k\u0131p, yerine al\u0131\u015fveri\u015f merkezi ve konut yap\u0131lmaya \u00e7al\u0131\u015f\u0131lmas\u0131; buna engel olmaya \u00e7al\u0131\u015fanlar\u0131n ise polis ter\u00f6r\u00fcne maruz kalmas\u0131, bir D\u00fcnya \u015eehri olarak pazarlanan \u0130stanbul i\u00e7in ger\u00e7ekten utan\u00e7 vericiydi.<\/p>\n<p style=\"text-align: justify;\"><a href=\"http:\/\/www.exhibitioncritique.com\/2013\/12\/10\/k%C3%BClt%C3%BCr%C3%BCn%C3%BC-avmlere-satan-%C3%BCzg%C3%BCn-kent\/\" target=\"_blank\">Yaz\u0131n\u0131n devam\u0131 i\u00e7in l\u00fctfen t\u0131klay\u0131n\u0131z<\/a><\/p>\n","protected":false},"excerpt":{"rendered":"<p>2012 y\u0131l\u0131nda Londra, New York, \u015eangay, Paris, Tokyo, Sidney, Johannesburg ve \u0130stanbul\u2019un bir araya gelmesiyle D\u00fcnya \u015eehirleri K\u00fclt\u00fcr Forumu ba\u015fl\u0131kl\u0131 bir giri\u015fim olu\u015fturuldu. Bu giri\u015fim, D\u00fcnya \u015eehri olarak adland\u0131r\u0131lan b\u00fcy\u00fck metropollerin k\u00fclt\u00fcr alan\u0131ndaki \u00fcst d\u00fczey y\u00f6neticilerinin bir forumda toplan\u0131p, bu tarz \u015fehirlerin k\u00fclt\u00fcr planlamalar\u0131yla ilgili idari programlar\u0131n\u0131 ve g\u00f6r\u00fc\u015flerini birbirleriyle payla\u015fmalar\u0131n\u0131 ama\u00e7l\u0131yor.<\/p>\n","protected":false},"author":1,"featured_media":0,"comment_status":"open","ping_status":"open","sticky":false,"template":"","format":"standard","meta":{"footnotes":""},"categories":[1],"tags":[494],"class_list":["post-12587","post","type-post","status-publish","format-standard","hentry","category-genel","tag-gezi-parki"],"_links":{"self":[{"href":"https:\/\/www.bbyhaber.com\/bby\/wp-json\/wp\/v2\/posts\/12587"}],"collection":[{"href":"https:\/\/www.bbyhaber.com\/bby\/wp-json\/wp\/v2\/posts"}],"about":[{"href":"https:\/\/www.bbyhaber.com\/bby\/wp-json\/wp\/v2\/types\/post"}],"author":[{"embeddable":true,"href":"https:\/\/www.bbyhaber.com\/bby\/wp-json\/wp\/v2\/users\/1"}],"replies":[{"embeddable":true,"href":"https:\/\/www.bbyhaber.com\/bby\/wp-json\/wp\/v2\/comments?post=12587"}],"version-history":[{"count":0,"href":"https:\/\/www.bbyhaber.com\/bby\/wp-json\/wp\/v2\/posts\/12587\/revisions"}],"wp:attachment":[{"href":"https:\/\/www.bbyhaber.com\/bby\/wp-json\/wp\/v2\/media?parent=12587"}],"wp:term":[{"taxonomy":"category","embeddable":true,"href":"https:\/\/www.bbyhaber.com\/bby\/wp-json\/wp\/v2\/categories?post=12587"},{"taxonomy":"post_tag","embeddable":true,"href":"https:\/\/www.bbyhaber.com\/bby\/wp-json\/wp\/v2\/tags?post=12587"}],"curies":[{"name":"wp","href":"https:\/\/api.w.org\/{rel}","templated":true}]}}