{"id":1257,"date":"2010-06-21T17:00:43","date_gmt":"2010-06-21T17:00:43","guid":{"rendered":"http:\/\/www.bbyhaber.com\/bby\/?p=1257"},"modified":"2013-03-06T12:02:45","modified_gmt":"2013-03-06T10:02:45","slug":"teknik-kadro-hakkinda-maliyeden-cikan-yazi","status":"publish","type":"post","link":"https:\/\/www.bbyhaber.com\/bby\/2010\/06\/21\/teknik-kadro-hakkinda-maliyeden-cikan-yazi","title":{"rendered":"Teknik Kadro Hakk\u0131nda Maliyeden \u00c7\u0131kan Yaz\u0131"},"content":{"rendered":"<p style=\"text-align: justify;\" align=\"justify\">Forklor Ara\u015ft\u0131rmac\u0131s\u0131, K\u00fct\u00fcphaneci, Ar\u015fivci, Kitap Patalo\u011fu ve Sosyolog \u00fcnvanlar\u0131n\u0131n Teknik Hizmetler S\u0131n\u0131f\u0131 kapsam\u0131na dahil edilmesi do\u011frultusunda Sendikam\u0131z\u0131n (<a href=\"http:\/\/www.kultursanatsen.org\/\" target=\"_blank\">K\u00fclt\u00fcrSanat-Sen<\/a>) ve baz\u0131 sivil toplum \u00f6rg\u00fctlerinin yo\u011fun \u00e7al\u0131\u015fmalar\u0131 sonucu, Maliye Bakanl\u0131\u011f\u0131n\u0131n Genel \u0130dari Hizmetler S\u0131n\u0131f\u0131 kapsam\u0131nda yer alan Forklor Ara\u015ft\u0131rmac\u0131s\u0131, K\u00fct\u00fcphaneci, Ar\u015fivci, Kitap Patalo\u011fu ve Sosyolog \u00fcnvanlar\u0131n\u0131n Teknik Hizmetler S\u0131n\u0131f\u0131 kapsam\u0131na dahil edilmesi do\u011frultusunda Bakanlar Kurulu&#8217;na al\u0131nmas\u0131 hususunda K\u00fclt\u00fcr ve Turizm Bakanl\u0131\u011f\u0131 ile Adalet Bakanl\u0131\u011f\u0131na olumlu g\u00f6r\u00fc\u015f ifade eden yaz\u0131lar\u0131 ektedir. Bu do\u011frultu da Bakanlar Kurulu Karar\u0131 \u00e7\u0131kmas\u0131 beklenmektedir.\u00a0<strong><\/strong><\/p>\n<p style=\"text-align: justify;\" align=\"justify\">Kaynak: <a href=\"http:\/\/www.kultursanatsen.org\/\" target=\"_blank\">http:\/\/www.kultursanatsen.org\/<\/a><\/p>\n","protected":false},"excerpt":{"rendered":"<p>Forklor Ara\u015ft\u0131rmac\u0131s\u0131, K\u00fct\u00fcphaneci, Ar\u015fivci, Kitap Patalo\u011fu ve Sosyolog \u00fcnvanlar\u0131n\u0131n Teknik Hizmetler S\u0131n\u0131f\u0131 kapsam\u0131na dahil edilmesi do\u011frultusunda Sendikam\u0131z\u0131n (K\u00fclt\u00fcrSanat-Sen) ve baz\u0131 sivil toplum \u00f6rg\u00fctlerinin yo\u011fun \u00e7al\u0131\u015fmalar\u0131 sonucu, Maliye Bakanl\u0131\u011f\u0131n\u0131n Genel \u0130dari Hizmetler S\u0131n\u0131f\u0131 kapsam\u0131nda yer alan Forklor Ara\u015ft\u0131rmac\u0131s\u0131, K\u00fct\u00fcphaneci, Ar\u015fivci, Kitap Patalo\u011fu ve Sosyolog \u00fcnvanlar\u0131n\u0131n Teknik Hizmetler S\u0131n\u0131f\u0131 kapsam\u0131na dahil edilmesi do\u011frultusunda Bakanlar Kurulu&#8217;na al\u0131nmas\u0131 hususunda [&hellip;]<\/p>\n","protected":false},"author":1,"featured_media":0,"comment_status":"open","ping_status":"open","sticky":false,"template":"","format":"standard","meta":{"footnotes":""},"categories":[1505],"tags":[1398,51,50],"class_list":["post-1257","post","type-post","status-publish","format-standard","hentry","category-teknik-kadro","tag-bby-ozluk-haklari","tag-teknik-kadro-kutuphaneci","tag-ths-kutuphaneci"],"_links":{"self":[{"href":"https:\/\/www.bbyhaber.com\/bby\/wp-json\/wp\/v2\/posts\/1257"}],"collection":[{"href":"https:\/\/www.bbyhaber.com\/bby\/wp-json\/wp\/v2\/posts"}],"about":[{"href":"https:\/\/www.bbyhaber.com\/bby\/wp-json\/wp\/v2\/types\/post"}],"author":[{"embeddable":true,"href":"https:\/\/www.bbyhaber.com\/bby\/wp-json\/wp\/v2\/users\/1"}],"replies":[{"embeddable":true,"href":"https:\/\/www.bbyhaber.com\/bby\/wp-json\/wp\/v2\/comments?post=1257"}],"version-history":[{"count":0,"href":"https:\/\/www.bbyhaber.com\/bby\/wp-json\/wp\/v2\/posts\/1257\/revisions"}],"wp:attachment":[{"href":"https:\/\/www.bbyhaber.com\/bby\/wp-json\/wp\/v2\/media?parent=1257"}],"wp:term":[{"taxonomy":"category","embeddable":true,"href":"https:\/\/www.bbyhaber.com\/bby\/wp-json\/wp\/v2\/categories?post=1257"},{"taxonomy":"post_tag","embeddable":true,"href":"https:\/\/www.bbyhaber.com\/bby\/wp-json\/wp\/v2\/tags?post=1257"}],"curies":[{"name":"wp","href":"https:\/\/api.w.org\/{rel}","templated":true}]}}