{"id":1255,"date":"2010-06-22T16:59:52","date_gmt":"2010-06-22T16:59:52","guid":{"rendered":"http:\/\/www.bbyhaber.com\/bby\/?p=1255"},"modified":"2012-05-15T11:16:11","modified_gmt":"2012-05-15T11:16:11","slug":"koy-okuluna-kutuphane-mardin","status":"publish","type":"post","link":"https:\/\/www.bbyhaber.com\/bby\/2010\/06\/22\/koy-okuluna-kutuphane-mardin","title":{"rendered":"K\u00f6y Okuluna K\u00fct\u00fcphane-Mardin"},"content":{"rendered":"<p style=\"text-align: justify;\" align=\"justify\">Bar\u0131\u015ftepe \u0130lk\u00f6\u011fretim Okulu&#8217;nda Midyat Gen\u00e7 Kalemler Derne\u011fi ve okul y\u00f6neticilerinin ortak \u00e7al\u0131\u015fmas\u0131yla kurulan k\u00fct\u00fcphanenin a\u00e7\u0131l\u0131\u015f\u0131, Dernek Ba\u015fkan\u0131 Fatih Maral, \u015eof\u00f6rler ve Otomobilciler Odas\u0131 Ba\u015fkan\u0131 M. Zeki Ayy\u0131ld\u0131z, Bar\u0131\u015ftepe \u0130lk\u00f6\u011fretim Okulu M\u00fcd\u00fcr\u00fc Serdar Ayd\u0131n taraf\u0131ndan yap\u0131ld\u0131. Dernek Ba\u015fkan\u0131 Fatih Maral, a\u00e7\u0131l\u0131\u015fta yapt\u0131\u011f\u0131 konu\u015fmada, &#8220;Amac\u0131m\u0131z cehalete kar\u015f\u0131 sava\u015f a\u00e7makt\u0131r. Biz dernek y\u00f6neticileri olarak ad\u0131m\u0131zdan da anla\u015f\u0131laca\u011f\u0131 gibi cehalete kar\u015f\u0131 a\u00e7m\u0131\u015f oldu\u011fumuz sava\u015fta gelecek olan gen\u00e7 nesillerimizin k\u00fclt\u00fcrl\u00fc, <!--more-->milli birlik ve de\u011ferlerimize sayg\u0131l\u0131 gen\u00e7 nesiller kazand\u0131rmakt\u0131r. Yeni bir dernek olmam\u0131za ra\u011fmen \u00e7al\u0131\u015fmalar\u0131m\u0131z aral\u0131ks\u0131z s\u00fcr\u00fcyor. Kitap toplayarak k\u00f6ylerimize yeni kitapl\u0131klar ve k\u00fct\u00fcphaneler olu\u015fturarak \u00e7al\u0131\u015fmalar\u0131m\u0131z s\u00fcrmektir. Bug\u00fcn Bar\u0131\u015ftepe k\u00f6y\u00fcnde a\u00e7m\u0131\u015f oldu\u011fumuz bu k\u00fct\u00fcphane de \u00e7ocuk ve gen\u00e7lerimiz i\u00e7in bir \u0131\u015f\u0131k olacakt\u0131r&#8221; dedi.<\/p>\n<p style=\"text-align: justify;\" align=\"justify\">K\u00d6YE K\u00dcT\u00dcPHANE<\/p>\n<p style=\"text-align: justify;\" align=\"justify\">Midyat \u015eof\u00f6rler Odas\u0131 Ba\u015fkan\u0131 Ayy\u0131ld\u0131z ise, Bar\u0131\u015ftepe k\u00f6y\u00fcnde yap\u0131lan bu anlaml\u0131 a\u00e7\u0131l\u0131\u015fa yetkililerin davetli olmalar\u0131na ra\u011fmen kat\u0131lmamas\u0131na tepki g\u00f6stererek, &#8220;Bu k\u00fct\u00fcphane a\u00e7\u0131l\u0131\u015f\u0131na davetli olmalar\u0131na ra\u011fmen kat\u0131lmamalar\u0131 \u00e7ok inciticidir. E\u011fitim-\u00f6\u011fretim her zaman ve her yerde gereklidir. Sadece e\u011fitim-\u00f6\u011fretim okullar\u0131n a\u00e7\u0131k oldu\u011fu s\u00fcrelerde de\u011fildir&#8221; diye konu\u015ftu.<\/p>\n<p style=\"text-align: justify;\" align=\"justify\">K\u00f6y k\u00fct\u00fcphanesinin a\u00e7\u0131l\u0131\u015f\u0131na Dernek Y\u00f6netim Kurulu \u00dcyesi Halil Polat, Bar\u0131\u015ftepe k\u00f6y\u00fc azalar\u0131 Mehmet \u015eirin \u00dcr\u00fcn, \u0130smail Yavuz, Bar\u0131\u015ftepe \u0130lk\u00f6\u011fretim Okulu M\u00fcd\u00fcr Yard\u0131mc\u0131s\u0131 Y\u0131lmaz \u00d6lmez, \u00d6\u011fretmen Evi M\u00fcd\u00fcr\u00fc Engin \u0130\u015f, dernek y\u00f6neticileri, okul idarecileri ve vatanda\u015flar kat\u0131ld\u0131.\u00a0<strong><\/strong><\/p>\n<p style=\"text-align: justify;\">Kaynak: <a href=\"http:\/\/www.diyarbakirsoz.com\/\" target=\"_blank\">http:\/\/www.diyarbakirsoz.com<\/a><\/p>\n","protected":false},"excerpt":{"rendered":"<p>Bar\u0131\u015ftepe \u0130lk\u00f6\u011fretim Okulu&#8217;nda Midyat Gen\u00e7 Kalemler Derne\u011fi ve okul y\u00f6neticilerinin ortak \u00e7al\u0131\u015fmas\u0131yla kurulan k\u00fct\u00fcphanenin a\u00e7\u0131l\u0131\u015f\u0131, Dernek Ba\u015fkan\u0131 Fatih Maral, \u015eof\u00f6rler ve Otomobilciler Odas\u0131 Ba\u015fkan\u0131 M. Zeki Ayy\u0131ld\u0131z, Bar\u0131\u015ftepe \u0130lk\u00f6\u011fretim Okulu M\u00fcd\u00fcr\u00fc Serdar Ayd\u0131n taraf\u0131ndan yap\u0131ld\u0131. Dernek Ba\u015fkan\u0131 Fatih Maral, a\u00e7\u0131l\u0131\u015fta yapt\u0131\u011f\u0131 konu\u015fmada, &#8220;Amac\u0131m\u0131z cehalete kar\u015f\u0131 sava\u015f a\u00e7makt\u0131r. Biz dernek y\u00f6neticileri olarak ad\u0131m\u0131zdan da anla\u015f\u0131laca\u011f\u0131 gibi [&hellip;]<\/p>\n","protected":false},"author":1,"featured_media":0,"comment_status":"open","ping_status":"open","sticky":false,"template":"","format":"standard","meta":{"footnotes":""},"categories":[1,1498],"tags":[],"class_list":["post-1255","post","type-post","status-publish","format-standard","hentry","category-genel","category-koy-kutuphaneleri"],"_links":{"self":[{"href":"https:\/\/www.bbyhaber.com\/bby\/wp-json\/wp\/v2\/posts\/1255"}],"collection":[{"href":"https:\/\/www.bbyhaber.com\/bby\/wp-json\/wp\/v2\/posts"}],"about":[{"href":"https:\/\/www.bbyhaber.com\/bby\/wp-json\/wp\/v2\/types\/post"}],"author":[{"embeddable":true,"href":"https:\/\/www.bbyhaber.com\/bby\/wp-json\/wp\/v2\/users\/1"}],"replies":[{"embeddable":true,"href":"https:\/\/www.bbyhaber.com\/bby\/wp-json\/wp\/v2\/comments?post=1255"}],"version-history":[{"count":0,"href":"https:\/\/www.bbyhaber.com\/bby\/wp-json\/wp\/v2\/posts\/1255\/revisions"}],"wp:attachment":[{"href":"https:\/\/www.bbyhaber.com\/bby\/wp-json\/wp\/v2\/media?parent=1255"}],"wp:term":[{"taxonomy":"category","embeddable":true,"href":"https:\/\/www.bbyhaber.com\/bby\/wp-json\/wp\/v2\/categories?post=1255"},{"taxonomy":"post_tag","embeddable":true,"href":"https:\/\/www.bbyhaber.com\/bby\/wp-json\/wp\/v2\/tags?post=1255"}],"curies":[{"name":"wp","href":"https:\/\/api.w.org\/{rel}","templated":true}]}}