{"id":12546,"date":"2013-12-14T10:52:57","date_gmt":"2013-12-14T08:52:57","guid":{"rendered":"http:\/\/www.bbyhaber.com\/bby\/?p=12546"},"modified":"2016-01-15T19:49:32","modified_gmt":"2016-01-15T17:49:32","slug":"milli-kutuphane-depolarina-ne-zamandir-girilmiyor","status":"publish","type":"post","link":"https:\/\/www.bbyhaber.com\/bby\/2013\/12\/14\/milli-kutuphane-depolarina-ne-zamandir-girilmiyor","title":{"rendered":"Milli K\u00fct\u00fcphane depolar\u0131na ne zamand\u0131r girilmiyor?"},"content":{"rendered":"<p style=\"text-align: justify;\"><img loading=\"lazy\" decoding=\"async\" class=\"alignleft\" src=\"http:\/\/media.cdn.t24.com.tr\/media\/stories\/2013\/12\/page_bakan-celikin-10-senedir-girilmiyor-dedigi-milli-kutuphane-depolarinda-en-son-2012de-calisildi_080960745.jpg\" alt=\"\" width=\"250\" height=\"150\" \/>K\u00fclt\u00fcr ve Turizm Bakan\u0131 \u00d6mer \u00c7elik&#8217;in Milli K\u00fct\u00fcphane&#8217;ye ait depolar\u0131n ilgisiz kald\u0131\u011f\u0131 iddialar\u0131na cevap veren k\u00fct\u00fcphaneciler, son olarak 2011&#8217;de \u00e7al\u0131\u015fma yap\u0131ld\u0131\u011f\u0131n\u0131 s\u00f6yledi. Milli K\u00fct\u00fcphane emekli ba\u015fkan yard\u0131mc\u0131s\u0131 G\u00f6n\u00fcl B\u00fcy\u00fcklimanl\u0131, K\u00fclt\u00fcr ve Turizm Bakan\u0131 \u00d6mer \u00c7elik&#8217;in &#8220;Milli K\u00fct\u00fcphane\u2019ye ait d\u00f6rt depoya y\u0131llard\u0131r girilmiyor&#8221; iddialar\u0131na cevap verdi. B\u00fcy\u00fcklimanl\u0131, &#8220;Bu iddian\u0131n cevab\u0131, K\u00fclt\u00fcr ve Turizm Bakanl\u0131\u011f\u0131 denetleme birimlerinin raporlar\u0131ndad\u0131r. Bu raporlar ilgili birimler ve Milli K\u00fct\u00fcphane&#8217;dedir&#8221; dedi.<!--more--><\/p>\n<p style=\"text-align: justify;\">\u201cYakla\u015f\u0131k olarak biri 8 y\u0131l, di\u011fer ikisi 10 y\u0131l boyunca a\u00e7\u0131lmam\u0131\u015f \u00fc\u00e7 ayr\u0131 depo son bir ay i\u00e7inde bulunmu\u015ftur. Bu depolar\u0131n birinde 60 bin, di\u011ferinde 250 bin, \u00fc\u00e7\u00fcnc\u00fc depoda ise 36 bin kitap i\u015flem g\u00f6rmemi\u015f haldeydi\u201d diyen \u00d6mer \u00c7elik ge\u00e7ti\u011fimiz g\u00fcnlerde Twitter hesab\u0131ndan da \u201cMilli K\u00fct\u00fcphane\u2019de pek \u00e7ok eserle ilgili su\u00e7 te\u015fkil eden uygulamalar tespit ettik\u201d diye yazm\u0131\u015ft\u0131.<\/p>\n<p style=\"text-align: justify;\">Bu uygulaman\u0131n da Milli K\u00fct\u00fcphane&#8217;nin, m\u00fch\u00fcrl\u00fc bir yazma eserin Konya Yazma Eserler Ba\u015fkanl\u0131\u011f\u0131\u2019na sat\u0131lmas\u0131 oldu\u011fu ifade edilmi\u015fti.<\/p>\n<p style=\"text-align: justify;\">Milli K\u00fct\u00fcphane ile ilgili ortaya at\u0131lan bir ba\u015fka iddia da Milli K\u00fct\u00fcphane&#8217;nin Hurdasan&#8217;a g\u00f6nderdi\u011fi 147 ton kitap ve yaz\u0131l\u0131 materyalin i\u00e7inde tarihi \u00e7ok eskiye dayanan y\u00fczlerce nadide eserin sahaflara kilosu 15-50 kuru\u015fa sat\u0131ld\u0131\u011f\u0131 olmu\u015ftu.<\/p>\n<p style=\"text-align: justify;\">Depolar\u0131n ilgisiz kald\u0131\u011f\u0131 ve Milli K\u00fct\u00fcphane\u2019ye ait 4 deponun kap\u0131lar\u0131n\u0131n \u2018\u00f6r\u00fcmcek ba\u011flad\u0131\u011f\u0131\u2019 iddialar\u0131na k\u00fct\u00fcphaneciler cevap verdi. T24&#8217;e konu\u015fan k\u00fct\u00fcphaneciler, Bakan \u00c7elik\u2019in d\u00f6rt depoya 8-10 y\u0131ld\u0131r girilmedi\u011fi iddialar\u0131n\u0131 yalanlad\u0131.<\/p>\n<p style=\"text-align: justify;\">Hangi depolar?<\/p>\n<p style=\"text-align: justify;\">K\u00fct\u00fcphanecilerin anlatt\u0131klar\u0131na g\u00f6re, bahsi ge\u00e7en d\u00f6rt depodan T\u00fcrk Oca\u011f\u0131 eserlerinin bulundu\u011fu depoyla ilgili 2011 y\u0131l\u0131nda bir komisyon kurulmu\u015f ve depodaki \u00e7al\u0131\u015fmalar 2012 y\u0131l\u0131nda bitirilmi\u015f. Yap\u0131lan i\u015f ve koleksiyonun durumu da bir tutanakla tespit edilmi\u015f.<\/p>\n<p style=\"text-align: justify;\">8-10 y\u0131ld\u0131r girilmedi\u011fi s\u00f6ylenen depolardan di\u011feri ise Milli K\u00fct\u00fcphane\u2019ye ba\u011f\u0131\u015flanan eserlerin bulundu\u011fu depo. Bu depoya da y\u0131llard\u0131r y\u00fczde 90&#8217;\u0131 ikinci n\u00fcsha olan eserler konuluyor. \u00dc\u00e7\u00fcnc\u00fc depo ise, kullan\u0131lmayacak durumda olan eserlerin yani hurdaya \u00e7\u0131kar\u0131lan materyallerin konuldu\u011fu depo. D\u00f6rd\u00fcnc\u00fc depo ise, tadilat\u0131 yap\u0131lan D\u0131\u015f \u0130li\u015fkiler \u015eubesi&#8217;ne tahsis edilmi\u015f.<\/p>\n<p style=\"text-align: justify;\">&#8216;\u00c7elik&#8217;in depo iddialar\u0131 do\u011fru de\u011fil\u2019<\/p>\n<p style=\"text-align: justify;\">Milli K\u00fct\u00fcphane emekli ba\u015fkan yard\u0131mc\u0131s\u0131 G\u00f6n\u00fcl B\u00fcy\u00fcklimanl\u0131, K\u00fclt\u00fcr ve Turizm Bakan\u0131 \u00d6mer \u00c7elik&#8217;in depolara ilk kez girildi\u011fi iddialar\u0131n\u0131n do\u011fru olmad\u0131\u011f\u0131n\u0131 s\u00f6yledi. B\u00fcy\u00fcklimanl\u0131, &#8220;Bu iddian\u0131n cevab\u0131 K\u00fclt\u00fcr ve Turizm Bakanl\u0131\u011f\u0131 denetleme birimlerinin raporlar\u0131ndad\u0131r. Bu raporlar ilgili birimler ve Milli K\u00fct\u00fcphanededir&#8221; dedi.<\/p>\n<p style=\"text-align: justify;\">Emekli ba\u015fkan yard\u0131mc\u0131s\u0131, 2009 ve 2011 y\u0131l\u0131nda d\u00fczenlenen i\u00e7 denetim raporlar\u0131nda bu depolarla ilgili ayr\u0131nt\u0131l\u0131 bilgiler bulundu\u011funu s\u00f6yledi. B\u00fcy\u00fcklimanl\u0131, i\u00e7 denetim raporlar\u0131n\u0131n d\u00fczenleme tarihlerini ve i\u00e7eriklerini istenirse a\u00e7\u0131klayabilece\u011fini de belirtti.<\/p>\n<p style=\"text-align: justify;\">&#8216;Milli K\u00fct\u00fcphane b\u00fct\u00fcn Meclis&#8217;in sorumlulu\u011fu&#8217;<\/p>\n<p style=\"text-align: justify;\">K\u00fclt\u00fcr ve Turizm Bakan\u0131 \u00d6mer \u00c7elik ise, TBMM Genel Kurulu&#8217;nda, bakanl\u0131\u011f\u0131n\u0131n b\u00fct\u00e7e g\u00f6r\u00fc\u015fmelerinde Milli K\u00fct\u00fcphane Konusunda \u015funlar\u0131 s\u00f6yledi:<\/p>\n<p style=\"text-align: justify;\">&#8220;Milli K\u00fct\u00fcphaneyle ilgili bas\u0131nda pek \u00e7ok haber \u00e7\u0131kt\u0131. Milli K\u00fct\u00fcphane mill\u00ee k\u00fclt\u00fcr\u00fcn kalesidir, mill\u00ee k\u00fclt\u00fcr\u00fcn haf\u0131zas\u0131d\u0131r. Milli K\u00fct\u00fcphaneyi korumak sadece K\u00fclt\u00fcr Bakanl\u0131\u011f\u0131n\u0131n i\u015fi de\u011fildir, b\u00fct\u00fcn bir milletin sorumlulu\u011fudur, b\u00fct\u00fcn bir Meclisin sorumlulu\u011fudur.\u00a0Ben, tam tersine, Milli K\u00fct\u00fcphaneyi mill\u00ee k\u00fclt\u00fcr\u00fcn haf\u0131zas\u0131 g\u00f6rd\u00fc\u011f\u00fcm i\u00e7in oradaki yeniden yap\u0131land\u0131rmaya b\u00fcy\u00fck bir \u00f6nem veriyorum ve hepinizi, t\u00fcm milletvekillerini, oran\u0131n eski h\u00e2lini g\u00f6rmeye, yeni h\u00e2lini, yeni yapt\u0131klar\u0131m\u0131z\u0131 denetlemeye -ve Mill\u00ee K\u00fct\u00fcphaneyi s\u0131k s\u0131k ziyaret ederek bizi denetlemeye- davet ediyorum.<\/p>\n<p style=\"text-align: justify;\">Kaynak:\u00a0http:\/\/t24.com.tr\/<\/p>\n","protected":false},"excerpt":{"rendered":"<p>K\u00fclt\u00fcr ve Turizm Bakan\u0131 \u00d6mer \u00c7elik&#8217;in Milli K\u00fct\u00fcphane&#8217;ye ait depolar\u0131n ilgisiz kald\u0131\u011f\u0131 iddialar\u0131na cevap veren k\u00fct\u00fcphaneciler, son olarak 2011&#8217;de \u00e7al\u0131\u015fma yap\u0131ld\u0131\u011f\u0131n\u0131 s\u00f6yledi. Milli K\u00fct\u00fcphane emekli ba\u015fkan yard\u0131mc\u0131s\u0131 G\u00f6n\u00fcl B\u00fcy\u00fcklimanl\u0131, K\u00fclt\u00fcr ve Turizm Bakan\u0131 \u00d6mer \u00c7elik&#8217;in &#8220;Milli K\u00fct\u00fcphane\u2019ye ait d\u00f6rt depoya y\u0131llard\u0131r girilmiyor&#8221; iddialar\u0131na cevap verdi. B\u00fcy\u00fcklimanl\u0131, &#8220;Bu iddian\u0131n cevab\u0131, K\u00fclt\u00fcr ve Turizm Bakanl\u0131\u011f\u0131 denetleme birimlerinin [&hellip;]<\/p>\n","protected":false},"author":1,"featured_media":0,"comment_status":"closed","ping_status":"open","sticky":false,"template":"","format":"standard","meta":{"footnotes":""},"categories":[1475,1],"tags":[],"class_list":["post-12546","post","type-post","status-publish","format-standard","hentry","category-ankara-milli-kutuphane","category-genel"],"_links":{"self":[{"href":"https:\/\/www.bbyhaber.com\/bby\/wp-json\/wp\/v2\/posts\/12546"}],"collection":[{"href":"https:\/\/www.bbyhaber.com\/bby\/wp-json\/wp\/v2\/posts"}],"about":[{"href":"https:\/\/www.bbyhaber.com\/bby\/wp-json\/wp\/v2\/types\/post"}],"author":[{"embeddable":true,"href":"https:\/\/www.bbyhaber.com\/bby\/wp-json\/wp\/v2\/users\/1"}],"replies":[{"embeddable":true,"href":"https:\/\/www.bbyhaber.com\/bby\/wp-json\/wp\/v2\/comments?post=12546"}],"version-history":[{"count":0,"href":"https:\/\/www.bbyhaber.com\/bby\/wp-json\/wp\/v2\/posts\/12546\/revisions"}],"wp:attachment":[{"href":"https:\/\/www.bbyhaber.com\/bby\/wp-json\/wp\/v2\/media?parent=12546"}],"wp:term":[{"taxonomy":"category","embeddable":true,"href":"https:\/\/www.bbyhaber.com\/bby\/wp-json\/wp\/v2\/categories?post=12546"},{"taxonomy":"post_tag","embeddable":true,"href":"https:\/\/www.bbyhaber.com\/bby\/wp-json\/wp\/v2\/tags?post=12546"}],"curies":[{"name":"wp","href":"https:\/\/api.w.org\/{rel}","templated":true}]}}