{"id":12536,"date":"2013-12-10T22:24:05","date_gmt":"2013-12-10T20:24:05","guid":{"rendered":"http:\/\/www.bbyhaber.com\/bby\/?p=12536"},"modified":"2015-07-13T09:55:43","modified_gmt":"2015-07-13T06:55:43","slug":"mus-cocuk-kutuphanesi-faaliyete-basladi","status":"publish","type":"post","link":"https:\/\/www.bbyhaber.com\/bby\/2013\/12\/10\/mus-cocuk-kutuphanesi-faaliyete-basladi","title":{"rendered":"Mu\u015f \u00c7ocuk K\u00fct\u00fcphanesi faaliyete ba\u015flad\u0131"},"content":{"rendered":"<p style=\"text-align: justify;\">K\u00fclt\u00fcr ve Turizm Bakanl\u0131\u011f\u0131 Yay\u0131mlar Genel M\u00fcd\u00fcrl\u00fc\u011f\u00fc\u2019n\u00fcn deste\u011fi ile Mu\u015f \u0130l K\u00fclt\u00fcr ve Turizm M\u00fcd\u00fcrl\u00fc\u011f\u00fc\u2019nde a\u00e7\u0131lan \u2018Mu\u015f \u00c7ocuk K\u00fct\u00fcphanesi\u2019 faaliyete ba\u015flad\u0131. \u00c7ocuk k\u00fct\u00fcphanesi \u00e7al\u0131\u015fmas\u0131n\u0131n b\u00f6lgede bir ilk oldu\u011funu belirten \u0130l K\u00fclt\u00fcr ve Turizm M\u00fcd\u00fcr\u00fc Hayrettin \u00c7etin, b\u00f6lgede bulunup \u0130l Halk K\u00fct\u00fcphanesi\u2019ne gidemeyen \u00f6\u011frencilerin faydaland\u0131\u011f\u0131n\u0131 s\u00f6yledi.<!--more--><\/p>\n<p style=\"text-align: justify;\">G\u00fcnde yakla\u015f\u0131k 40 ile 50 \u00f6\u011frencinin hizmetten faydaland\u0131\u011f\u0131n\u0131 ifade eden \u00c7etin, k\u00fct\u00fcphane ile ilgili \u015funlar\u0131 kaydetti: \u201cMu\u015f \u0130l K\u00fclt\u00fcr ve Turizm M\u00fcd\u00fcrl\u00fc\u011f\u00fcm\u00fcz\u00fcn giri\u015fimleriyle K\u00fclt\u00fcr ve Turizm Bakanl\u0131\u011f\u0131m\u0131z Yay\u0131mlar Genel M\u00fcd\u00fcrl\u00fc\u011f\u00fc b\u00fct\u00e7esi ile \u2018\u00c7ocuk K\u00fct\u00fcphanesini a\u00e7t\u0131k. Bu k\u00fct\u00fcphane \u00e7al\u0131\u015fmas\u0131 b\u00f6lgede bir ilktir. \u0130l Halk K\u00fct\u00fcphanemize gidemeyen ve civarda bulunan \u00e7ocuklar\u0131m\u0131z bu k\u00fct\u00fcphaneden faydalan\u0131yor. \u00d6zellikle kurumumuza yak\u0131n b\u00f6lgedeki okullarda e\u011fitim g\u00f6ren \u00f6\u011frencilerimizin u\u011frak mekan\u0131 haline geldi. G\u00fcnde yakla\u015f\u0131k olarak 40 ile 50 \u00f6\u011frenci k\u00fct\u00fcphaneden faydalan\u0131yor.\u201d<\/p>\n<p style=\"text-align: justify;\">\u201c\u00d6\u011frencilere tamamen \u00fccretsiz hizmet veriliyor\u201d<\/p>\n<p style=\"text-align: justify;\">\u00c7ocuk k\u00fct\u00fcphanesinde roman, hikaye, drama k\u00f6\u015fesi, satran\u00e7, etkinlik alan\u0131 ve \u00e7ok say\u0131da yard\u0131mc\u0131 kayna\u011f\u0131n bulundu\u011fu vurgulayan \u0130l K\u00fclt\u00fcr ve Turizm M\u00fcd\u00fcr\u00fc \u00c7etin, \u00f6\u011frencilerin \u00f6dev yapma ve \u00fccretsiz \u00e7\u0131kt\u0131 almalar\u0131na imkanlar sa\u011flad\u0131klar\u0131n\u0131 kaydetti. \u00c7etin, \u201ck\u00fct\u00fcphanemizde uygun bir ders \u00e7al\u0131\u015fma ortam\u0131 olu\u015fturuldu. Kitap alma ve internetten yararlanma imkanlar\u0131 da veriyoruz. K\u00fct\u00fcphanemizi s\u00fcrekli zenginle\u015ftirip yeni kitaplar al\u0131yoruz. \u00c7ocuklar\u0131m\u0131z\u0131n \u00f6dev yapmalar\u0131na ve hatta \u00e7\u0131kt\u0131 almalar\u0131na imkanlar sa\u011fl\u0131yoruz.\u201d diye konu\u015ftu.<\/p>\n<p style=\"text-align: justify;\">Kaynak:http:\/\/www.cihan.com.tr\/<\/p>\n","protected":false},"excerpt":{"rendered":"<p>K\u00fclt\u00fcr ve Turizm Bakanl\u0131\u011f\u0131 Yay\u0131mlar Genel M\u00fcd\u00fcrl\u00fc\u011f\u00fc\u2019n\u00fcn deste\u011fi ile Mu\u015f \u0130l K\u00fclt\u00fcr ve Turizm M\u00fcd\u00fcrl\u00fc\u011f\u00fc\u2019nde a\u00e7\u0131lan \u2018Mu\u015f \u00c7ocuk K\u00fct\u00fcphanesi\u2019 faaliyete ba\u015flad\u0131. \u00c7ocuk k\u00fct\u00fcphanesi \u00e7al\u0131\u015fmas\u0131n\u0131n b\u00f6lgede bir ilk oldu\u011funu belirten \u0130l K\u00fclt\u00fcr ve Turizm M\u00fcd\u00fcr\u00fc Hayrettin \u00c7etin, b\u00f6lgede bulunup \u0130l Halk K\u00fct\u00fcphanesi\u2019ne gidemeyen \u00f6\u011frencilerin faydaland\u0131\u011f\u0131n\u0131 s\u00f6yledi.<\/p>\n","protected":false},"author":1,"featured_media":0,"comment_status":"open","ping_status":"open","sticky":false,"template":"","format":"standard","meta":{"footnotes":""},"categories":[1553],"tags":[1439],"class_list":["post-12536","post","type-post","status-publish","format-standard","hentry","category-cocuk-kutuphaneleri","tag-cocuk-kutuphaneleri"],"_links":{"self":[{"href":"https:\/\/www.bbyhaber.com\/bby\/wp-json\/wp\/v2\/posts\/12536"}],"collection":[{"href":"https:\/\/www.bbyhaber.com\/bby\/wp-json\/wp\/v2\/posts"}],"about":[{"href":"https:\/\/www.bbyhaber.com\/bby\/wp-json\/wp\/v2\/types\/post"}],"author":[{"embeddable":true,"href":"https:\/\/www.bbyhaber.com\/bby\/wp-json\/wp\/v2\/users\/1"}],"replies":[{"embeddable":true,"href":"https:\/\/www.bbyhaber.com\/bby\/wp-json\/wp\/v2\/comments?post=12536"}],"version-history":[{"count":0,"href":"https:\/\/www.bbyhaber.com\/bby\/wp-json\/wp\/v2\/posts\/12536\/revisions"}],"wp:attachment":[{"href":"https:\/\/www.bbyhaber.com\/bby\/wp-json\/wp\/v2\/media?parent=12536"}],"wp:term":[{"taxonomy":"category","embeddable":true,"href":"https:\/\/www.bbyhaber.com\/bby\/wp-json\/wp\/v2\/categories?post=12536"},{"taxonomy":"post_tag","embeddable":true,"href":"https:\/\/www.bbyhaber.com\/bby\/wp-json\/wp\/v2\/tags?post=12536"}],"curies":[{"name":"wp","href":"https:\/\/api.w.org\/{rel}","templated":true}]}}