{"id":1253,"date":"2010-06-26T16:59:10","date_gmt":"2010-06-26T16:59:10","guid":{"rendered":"http:\/\/www.bbyhaber.com\/bby\/?p=1253"},"modified":"2013-03-11T09:57:01","modified_gmt":"2013-03-11T07:57:01","slug":"muze-ve-kutuphaneler-devrediliyor","status":"publish","type":"post","link":"https:\/\/www.bbyhaber.com\/bby\/2010\/06\/26\/muze-ve-kutuphaneler-devrediliyor","title":{"rendered":"M\u00fcze ve K\u00fct\u00fcphaneler devrediliyor"},"content":{"rendered":"<p style=\"text-align: justify;\" align=\"justify\">K\u00fclt\u00fcr ve Turizm Bakanl\u0131\u011f\u0131&#8217;n\u0131n ta\u015fra te\u015fkilatlar\u0131nda bulunan k\u00fclt\u00fcr merkezleri, il\u00e7e s\u0131n\u0131rlar\u0131 i\u00e7indeki k\u00fct\u00fcphaneler ve illerdeki g\u00fczel sanatlar galerileri ile 61 m\u00fcze, il \u00f6zel idarelerine devrediliyor. Bakanl\u0131\u011f\u0131n, y\u00f6netimini yerel y\u00f6netime b\u0131rakt\u0131\u011f\u0131 m\u00fczeler aras\u0131nda Ankara Estergon Etnografya M\u00fczesi, \u0130stanbul Adam Mickiewicz M\u00fczesi ve \u0130zmir Atat\u00fcrk Evi M\u00fczesi yer al\u0131yor.<!--more--><\/p>\n<p>Meclis, K\u00fclt\u00fcr ve Turizm Bakanl\u0131\u011f\u0131&#8217;n\u0131n ta\u015fra te\u015fkilat\u0131nda bulunan m\u00fcze ve k\u00fct\u00fcphanelerinin yerel y\u00f6netime devredilmesine karar verdi. Devredilen birimlerde \u00e7al\u0131\u015fan personel, kadro unvanlar\u0131 ile birlikte il \u00f6zel idarelerine ge\u00e7ecek. Yeni kanun tasar\u0131s\u0131yla 2 bin 152 kadro iptal edilerek, 693 kadro ihdas ediliyor; 16 ilde m\u00fcze m\u00fcd\u00fcrl\u00fc\u011f\u00fc kuruluyor.<\/p>\n<p style=\"text-align: justify;\" align=\"justify\">K\u00fclt\u00fcr ve Turizm Bakanl\u0131\u011f\u0131 Te\u015fkilat ve G\u00f6revleri Hakk\u0131nda Kanun ile Baz\u0131 Kanun ve Kanun H\u00fckm\u00fcnde Kararnamelerde De\u011fi\u015fiklik Yap\u0131lmas\u0131na Dair Kanun Tasar\u0131s\u0131, TBMM Milli E\u011fitim, K\u00fclt\u00fcr, Gen\u00e7lik ve Spor Komisyonu&#8217;nda kabul edildi. Tasar\u0131ya g\u00f6re, K\u00fclt\u00fcr Bakanl\u0131\u011f\u0131&#8217;n\u0131n ta\u015fra te\u015fkilat\u0131nda bulunan k\u00fclt\u00fcr merkezleri, dan\u0131\u015fma b\u00fcrolar\u0131, il\u00e7e s\u0131n\u0131rlar\u0131 i\u00e7indeki k\u00fct\u00fcphaneler ve illerdeki g\u00fczel sanatlar galerileri ile 61 m\u00fcze, il \u00f6zel idarelerine devredilecek. M\u00fczelerdeki arkeolojik eserler, \u00f6ncelikle o il s\u0131n\u0131rlar\u0131 i\u00e7inde olmak \u00fczere en yak\u0131n arkeoloji m\u00fczesine; k\u00fct\u00fcphanelerdeki yazma ve nadir eserler, \u00f6ncelikle o il s\u0131n\u0131rlar\u0131 i\u00e7inde olmak \u00fczere en yak\u0131n yazma eserler k\u00fct\u00fcphanesine; g\u00fczel sanatlar galerilerindeki m\u00fczelik plastik sanat eserleri ise en yak\u0131n resim heykel m\u00fczesine aktar\u0131lacak. Devredilen birimlere ait ta\u015f\u0131n\u0131r ve ta\u015f\u0131nmaz mallar, ara\u00e7, gere\u00e7, malzeme ve ta\u015f\u0131tlar ile hak, y\u00fck\u00fcml\u00fcl\u00fck, alacak ve bor\u00e7lar, il \u00f6zel idarelerine devredilmi\u015f olacak.<\/p>\n<p style=\"text-align: justify;\" align=\"justify\">Devir i\u015flemleri, kanunun y\u00fcr\u00fcrl\u00fck tarihinden itibaren 6 ay i\u00e7inde, devredilen g\u00fczel sanatlar galerisi, k\u00fct\u00fcphane ve m\u00fczelerdeki, m\u00fczelik plastik sanat eserleri, yazma ve nadir eserlerle arkeolojik eserlerin devir i\u015flemleri ise 2 y\u0131l i\u00e7inde sonu\u00e7land\u0131r\u0131lacak. 2010-2012 mali y\u0131llar\u0131 itibar\u0131yla devredilen birimlere ili\u015fkin olarak bakanl\u0131k b\u00fct\u00e7esine konulmu\u015f ve konulacak \u00f6deneklerden Bakanl\u0131k\u00e7a ilgili il \u00f6zel idaresine kaynak aktar\u0131lacak. Kanunun yay\u0131m\u0131 tarihinde bakanl\u0131kta m\u00fcze ara\u015ft\u0131rmac\u0131s\u0131 ve k\u00fct\u00fcphaneci kadrolar\u0131nda bulunan personel ba\u015fka bir i\u015fleme gerek kalmaks\u0131z\u0131n kanunla ihdas edilen m\u00fcze ara\u015ft\u0131rmac\u0131s\u0131 ve k\u00fct\u00fcphaneci kadrolar\u0131na atanm\u0131\u015f say\u0131lacak.<\/p>\n<p style=\"text-align: justify;\" align=\"justify\">Bakanl\u0131kta fiilen g\u00f6rev yapan ve \u00fcniversitelerin k\u00fct\u00fcphanecilik, bilgi ve belge y\u00f6netimi, ar\u015fivcilik, arkeoloji, sanat tarihi, arkeoloji ve sanat tarihi, antropoloji, etnoloji, sosyal antropoloji ve etnoloji, fizik ve paleoantropoloji, tarih, eski\u00e7a\u011f dilleri ve k\u00fclt\u00fcrleri, Latin dili ve edebiyat\u0131, Do\u011fu dilleri ve edebiyat\u0131 b\u00f6l\u00fcmlerinin anabilim dallar\u0131nda lisans e\u011fitimi alm\u0131\u015f olan personelden kanunun yay\u0131m\u0131 tarihinden itibaren \u00fc\u00e7 ay i\u00e7erisinde ba\u015fvuranlardan bakanl\u0131k\u00e7a yap\u0131lacak mesleki yeterlilik s\u0131nav\u0131nda ba\u015far\u0131l\u0131 olanlar durumlar\u0131na uygun k\u00fct\u00fcphaneci, arkeolog veya m\u00fcze ara\u015ft\u0131rmac\u0131s\u0131 kadrolar\u0131na atanacaklar.<\/p>\n<p style=\"text-align: justify;\" align=\"justify\">Bu arada tasar\u0131 g\u00f6r\u00fc\u015fmeleri s\u0131ras\u0131nda konu\u015fan K\u00fclt\u00fcr ve Turizm Bakan\u0131 Ertu\u011frul G\u00fcnay, CHP Milletvekili Durdu \u00d6zpolat&#8217;\u0131n \u00f6nerisi \u00fczerine Mevlana ve Hac\u0131 Bekta\u015f-\u0131 Veli m\u00fczelerine giri\u015flerin \u00fccretsiz hale getirebilece\u011fini belirtti.<strong> <\/strong><\/p>\n<p>Kaynak: http:\/\/www.zaman.com.tr<\/p>\n","protected":false},"excerpt":{"rendered":"<p>K\u00fclt\u00fcr ve Turizm Bakanl\u0131\u011f\u0131&#8217;n\u0131n ta\u015fra te\u015fkilatlar\u0131nda bulunan k\u00fclt\u00fcr merkezleri, il\u00e7e s\u0131n\u0131rlar\u0131 i\u00e7indeki k\u00fct\u00fcphaneler ve illerdeki g\u00fczel sanatlar galerileri ile 61 m\u00fcze, il \u00f6zel idarelerine devrediliyor. Bakanl\u0131\u011f\u0131n, y\u00f6netimini yerel y\u00f6netime b\u0131rakt\u0131\u011f\u0131 m\u00fczeler aras\u0131nda Ankara Estergon Etnografya M\u00fczesi, \u0130stanbul Adam Mickiewicz M\u00fczesi ve \u0130zmir Atat\u00fcrk Evi M\u00fczesi yer al\u0131yor.<\/p>\n","protected":false},"author":1,"featured_media":0,"comment_status":"open","ping_status":"open","sticky":false,"template":"","format":"standard","meta":{"footnotes":""},"categories":[1572,71],"tags":[],"class_list":["post-1253","post","type-post","status-publish","format-standard","hentry","category-edebiyat-ve-muze-kutuphaneleri","category-muze-kutuphaneleri-2"],"_links":{"self":[{"href":"https:\/\/www.bbyhaber.com\/bby\/wp-json\/wp\/v2\/posts\/1253"}],"collection":[{"href":"https:\/\/www.bbyhaber.com\/bby\/wp-json\/wp\/v2\/posts"}],"about":[{"href":"https:\/\/www.bbyhaber.com\/bby\/wp-json\/wp\/v2\/types\/post"}],"author":[{"embeddable":true,"href":"https:\/\/www.bbyhaber.com\/bby\/wp-json\/wp\/v2\/users\/1"}],"replies":[{"embeddable":true,"href":"https:\/\/www.bbyhaber.com\/bby\/wp-json\/wp\/v2\/comments?post=1253"}],"version-history":[{"count":0,"href":"https:\/\/www.bbyhaber.com\/bby\/wp-json\/wp\/v2\/posts\/1253\/revisions"}],"wp:attachment":[{"href":"https:\/\/www.bbyhaber.com\/bby\/wp-json\/wp\/v2\/media?parent=1253"}],"wp:term":[{"taxonomy":"category","embeddable":true,"href":"https:\/\/www.bbyhaber.com\/bby\/wp-json\/wp\/v2\/categories?post=1253"},{"taxonomy":"post_tag","embeddable":true,"href":"https:\/\/www.bbyhaber.com\/bby\/wp-json\/wp\/v2\/tags?post=1253"}],"curies":[{"name":"wp","href":"https:\/\/api.w.org\/{rel}","templated":true}]}}