{"id":1251,"date":"2010-07-01T16:58:04","date_gmt":"2010-07-01T16:58:04","guid":{"rendered":"http:\/\/www.bbyhaber.com\/bby\/?p=1251"},"modified":"2012-05-02T14:34:08","modified_gmt":"2012-05-02T14:34:08","slug":"o-kutuphaneden-iceri-adim-atmayiz-sivas","status":"publish","type":"post","link":"https:\/\/www.bbyhaber.com\/bby\/2010\/07\/01\/o-kutuphaneden-iceri-adim-atmayiz-sivas","title":{"rendered":"O k\u00fct\u00fcphaneden i\u00e7eri ad\u0131m atmay\u0131z-Sivas"},"content":{"rendered":"<p style=\"text-align: justify;\" align=\"justify\">Bu y\u0131l, Sivas Mad\u0131mak katliam\u0131n\u0131n 17. y\u0131l\u0131. Aleviler yine 2 Temmuz&#8217;da sokaklarda olacak. Bu y\u0131lki etkinliklerin fark\u0131, merkezi anman\u0131n Sivas&#8217;ta yap\u0131lacak olmas\u0131. Avrupa Alevi Birligi Konfederasyonu, Alevi Bekta\u015fi Federasyonu, Pir Sultan Abdal K\u00fclt\u00fcr Dernegi taraf\u0131ndan Mad\u0131mak Oteli \u00f6n\u00fcnde d\u00fczenlenecek anmaya 100 bin ki\u015finin kat\u0131lmas\u0131 bekleniyor.<!--more--><\/p>\n<p style=\"text-align: justify;\" align=\"justify\">Alevi Bekta\u015fi Federasyonu (ABF) Genel Ba\u015fkan\u0131 Ali Balk\u0131z, bu y\u0131l ki temel taleplerinin Mad\u0131mak Oteli&#8217;nin m\u00fcze yap\u0131lmas\u0131 oldu\u011funu s\u00f6yledi. Balk\u0131z, &#8220;Alevi A\u00e7\u0131l\u0131m\u0131 sonras\u0131nda h\u00fck\u00fcmetin bir y\u0131l boyunca kamuoyunu ve bizi oyalad\u0131ktan sonra Mad\u0131mak Oteli&#8217;nin k\u00fct\u00fcphane yap\u0131laca\u011f\u0131n\u0131 a\u00e7\u0131klamas\u0131n\u0131n yaratt\u0131\u011f\u0131 \u015fokla, bu talebimizi daha g\u00fcr bir sesle y\u00fckseltece\u011fiz&#8221; dedi.<\/p>\n<p style=\"text-align: justify;\" align=\"justify\">ETHA ajans\u0131na konu\u015fan ABF Genel Ba\u015fkan\u0131 Balk\u0131z bu y\u0131l merkezi anman\u0131n Sivas&#8217;ta yap\u0131lmas\u0131n\u0131n amac\u0131n\u0131 \u015f\u00f6yle a\u00e7\u0131klad\u0131: &#8220;Mad\u0131mak Otelinin m\u00fcze yap\u0131lmas\u0131 konusunda h\u00fck\u00fcmetin g\u00f6sterdi\u011fi dirence yan\u0131t. Oray\u0131 kamula\u015ft\u0131rmak i\u00e7in b\u00fct\u00e7e ay\u0131rd\u0131lar ancak hen\u00fcz kamula\u015ft\u0131r\u0131lmad\u0131. Kamula\u015ft\u0131r\u0131ld\u0131ktan sonra ne yap\u0131laca\u011f\u0131 sorusunu h\u00fck\u00fcmet yan\u0131tlamad\u0131 ama \u015fu belli; oras\u0131 m\u00fcze olmayacak. \u00c7\u00fcnk\u00fc &#8216;vicdanlar\u0131 s\u0131zlat\u0131rm\u0131\u015f, kin ve nefreti k\u00f6r\u00fcklermi\u015f.&#8217; Biz bu d\u00fc\u015f\u00fcnceyi \u015fiddetle reddediyoruz. Bu d\u00fc\u015f\u00fcncenin kendisi \u015fiddet \u00e7a\u011fr\u0131s\u0131d\u0131r. Bu d\u00fc\u015f\u00fcncenin kendisi ilkeldir. Biz oraya dostluk ve bar\u0131\u015f i\u00e7in gidiyoruz, karde\u015flik i\u00e7in gidiyoruz. Mad\u0131mak ne kadar bizim ac\u0131m\u0131z ise Ba\u015fba\u011flar da bizim ac\u0131m\u0131zd\u0131r diyoruz. Ve Sivas&#8217;ta ya\u015fayan y\u00fczlerce S\u00fcnni, Alevi, demokrat, ilerici ve M\u00fcsl\u00fcmanlar da bizimle birlikte Mevlana Caddesi&#8217;nden yapt\u0131\u011f\u0131m\u0131z y\u00fcr\u00fcy\u00fc\u015fe kat\u0131l\u0131yorlar. Onlar da orada kaybetti\u011fimiz insanlar\u0131 yad ediyorlar. 3-5 tane gerici kafatas\u00e7\u0131, o katliamla \u00f6zde\u015fle\u015fmi\u015f d\u00fc\u015f\u00fcnce anlam\u0131nda kesimlerin kimselerin etkilemeleri ile ne yaz\u0131k ki h\u00fck\u00fcmet bu propagandan\u0131n etkisi alt\u0131nda kal\u0131yor ve oray\u0131 m\u00fcze yapmayacak gibi g\u00f6r\u00fcn\u00fcyor. K\u00fct\u00fcphane olacakm\u0131\u015f. Biz bunu asla kabul etmeyiz ve o k\u00fct\u00fcphaneden i\u00e7eri ad\u0131m\u0131m\u0131z\u0131 atmay\u0131z. \u015eehitlerimizin e\u015fyalar\u0131n\u0131, foto\u011fraflar\u0131n\u0131, elbiselerini, an\u0131lar\u0131n\u0131, eserlerini o k\u00fct\u00fcphaneye vermeyiz. Oras\u0131 m\u00fcze oluncaya kadar da demokratik m\u00fccadelemizi s\u00fcrd\u00fcrece\u011fiz, s\u00fcrd\u00fcrmekte kararl\u0131y\u0131z.&#8221;<\/p>\n<p style=\"text-align: justify;\" align=\"justify\">Ali Balk\u0131z; \u00c7orum katliam\u0131n\u0131n bu y\u0131l 30. y\u0131l d\u00f6n\u00fcm\u00fc oldu\u011funu da hat\u0131rlatt\u0131 ve 2 Temmuz&#8217;da Sivas&#8217;ta yap\u0131lacak anman\u0131n ard\u0131ndan 3 Temmuz&#8217;da \u00c7orum&#8217;da olacaklar\u0131n\u0131 duyurdu.<strong style=\"text-align: justify;\"><\/strong><\/p>\n<p style=\"text-align: justify;\" align=\"justify\">Kaynak: <a href=\"http:\/\/www.haber1.com\/\" target=\"_blank\">http:\/\/www.haber1.com<\/a><\/p>\n","protected":false},"excerpt":{"rendered":"<p>Bu y\u0131l, Sivas Mad\u0131mak katliam\u0131n\u0131n 17. y\u0131l\u0131. Aleviler yine 2 Temmuz&#8217;da sokaklarda olacak. Bu y\u0131lki etkinliklerin fark\u0131, merkezi anman\u0131n Sivas&#8217;ta yap\u0131lacak olmas\u0131. Avrupa Alevi Birligi Konfederasyonu, Alevi Bekta\u015fi Federasyonu, Pir Sultan Abdal K\u00fclt\u00fcr Dernegi taraf\u0131ndan Mad\u0131mak Oteli \u00f6n\u00fcnde d\u00fczenlenecek anmaya 100 bin ki\u015finin kat\u0131lmas\u0131 bekleniyor.<\/p>\n","protected":false},"author":1,"featured_media":0,"comment_status":"open","ping_status":"open","sticky":false,"template":"","format":"standard","meta":{"footnotes":""},"categories":[1],"tags":[161,160],"class_list":["post-1251","post","type-post","status-publish","format-standard","hentry","category-genel","tag-madimak-oteli","tag-madimak-oteli-kutuphane"],"_links":{"self":[{"href":"https:\/\/www.bbyhaber.com\/bby\/wp-json\/wp\/v2\/posts\/1251"}],"collection":[{"href":"https:\/\/www.bbyhaber.com\/bby\/wp-json\/wp\/v2\/posts"}],"about":[{"href":"https:\/\/www.bbyhaber.com\/bby\/wp-json\/wp\/v2\/types\/post"}],"author":[{"embeddable":true,"href":"https:\/\/www.bbyhaber.com\/bby\/wp-json\/wp\/v2\/users\/1"}],"replies":[{"embeddable":true,"href":"https:\/\/www.bbyhaber.com\/bby\/wp-json\/wp\/v2\/comments?post=1251"}],"version-history":[{"count":0,"href":"https:\/\/www.bbyhaber.com\/bby\/wp-json\/wp\/v2\/posts\/1251\/revisions"}],"wp:attachment":[{"href":"https:\/\/www.bbyhaber.com\/bby\/wp-json\/wp\/v2\/media?parent=1251"}],"wp:term":[{"taxonomy":"category","embeddable":true,"href":"https:\/\/www.bbyhaber.com\/bby\/wp-json\/wp\/v2\/categories?post=1251"},{"taxonomy":"post_tag","embeddable":true,"href":"https:\/\/www.bbyhaber.com\/bby\/wp-json\/wp\/v2\/tags?post=1251"}],"curies":[{"name":"wp","href":"https:\/\/api.w.org\/{rel}","templated":true}]}}