{"id":12492,"date":"2013-12-08T13:38:57","date_gmt":"2013-12-08T11:38:57","guid":{"rendered":"http:\/\/www.bbyhaber.com\/bby\/?p=12492"},"modified":"2014-01-23T09:16:09","modified_gmt":"2014-01-23T07:16:09","slug":"kultur-ve-turizm-bakanligi-uzman-yardimciligi-alim-ilani-son-basvuru-tarihi22-01-2014","status":"publish","type":"post","link":"https:\/\/www.bbyhaber.com\/bby\/2013\/12\/08\/kultur-ve-turizm-bakanligi-uzman-yardimciligi-alim-ilani-son-basvuru-tarihi22-01-2014","title":{"rendered":"K\u00fclt\u00fcr ve Turizm Bakanl\u0131\u011f\u0131 Uzman Yard\u0131mc\u0131l\u0131\u011f\u0131 Al\u0131m \u0130lan\u0131-Son Ba\u015fvuru Tarihi:22-01-2014"},"content":{"rendered":"<p style=\"text-align: justify;\"><a href=\"http:\/\/www.bbyhaber.com\/bby\/category\/bby-is-ilanlari\/\"><img loading=\"lazy\" decoding=\"async\" class=\"alignleft colorbox-9771\" src=\"http:\/\/www.bbyhaber.com\/bby\/wp-content\/uploads\/is-ilanlari-arsivi.jpg\" alt=\"\" width=\"250\" height=\"150\" \/><\/a>K\u00fclt\u00fcr ve Turizm Bakanl\u0131\u011f\u0131 merkez te\u015fkilat\u0131nda \u00e7al\u0131\u015ft\u0131r\u0131lmak \u00fczere, <strong>Genel idare Hizmetleri S\u0131n\u0131f\u0131<\/strong>nda 9 uncu dereceden bo\u015f bulunan, 50 adet k\u00fclt\u00fcr ve turizm uzman yard\u0131mc\u0131s\u0131 kadrosuna atama yapmak amac\u0131yla, K\u00fclt\u00fcr ve Turizm Uzmanl\u0131\u011f\u0131 Y\u00f6netmeli\u011fi h\u00fck\u00fcmlerine g\u00f6re K\u00fclt\u00fcr ve Turizm Uzman Yard\u0131mc\u0131s\u0131 Yar\u0131\u015fma S\u0131nav\u0131 yap\u0131lacakt\u0131r. \u00d6\u011frenim dallan itibariyle al\u0131nacak k\u00fclt\u00fcr ve turizm uzman yard\u0131mca say\u0131lan a\u015fa\u011f\u0131da belirtilmi\u015ftir.<!--more--><\/p>\n<p style=\"text-align: justify;\"><strong>1. Grup<\/strong><\/p>\n<p style=\"text-align: justify;\">Hukuk Fak\u00fcltesi mezunlar\u0131ndan 10 ki\u015fi<\/p>\n<p style=\"text-align: justify;\">Siyasal bilgiler, iktisadi ve idari Bilimler, iktisat, i\u015fletme Fak\u00fclteleri mezunlar\u0131ndan 10 ki\u015fi<\/p>\n<p style=\"text-align: justify;\"><strong>2. Grup<\/strong><\/p>\n<p style=\"text-align: justify;\">Bilgisayar M\u00fchendisli\u011fi, Yaz\u0131l\u0131m M\u00fchendisli\u011fi B\u00f6l\u00fcm\u00fc mezunlar\u0131ndan 10 Ki\u015fi<\/p>\n<p style=\"text-align: justify;\"><span style=\"color: #0000ff;\"><strong>Bilgi ve Belge Y\u00f6netimi B\u00f6l\u00fcm\u00fc mezunlar\u0131ndan 10 Ki\u015fi<\/strong><\/span><\/p>\n<p style=\"text-align: justify;\">\u0130statistik B\u00f6l\u00fcm\u00fc mezunlar\u0131ndan 3 Ki\u015fi<\/p>\n<p style=\"text-align: justify;\">\u015eehir Planc\u0131s\u0131 B\u00f6l\u00fcm\u00fc mezunlanndan 3 Ki\u015fi<\/p>\n<p style=\"text-align: justify;\">\u0130n\u015faat M\u00fchendisli\u011fi B\u00f6l\u00fcm\u00fc mezunlanndan 2 Ki\u015fi<\/p>\n<p style=\"text-align: justify;\">Elektrik Elektronik M\u00fchendisli\u011fi B\u00f6l\u00fcm\u00fc mezunlar\u0131ndan 2 ki\u015fi<\/p>\n<p style=\"text-align: justify;\">GENEL TOPLAM : 50 ki\u015fi<\/p>\n<p style=\"text-align: justify;\"><strong>1 &#8211; YARI\u015eMA SINAVINA KATILMA \u015eARTLARI:<\/strong><\/p>\n<p style=\"text-align: justify;\">1 .Gruptan s\u0131nava kat\u0131labilmek i\u00e7in;<\/p>\n<p style=\"text-align: justify;\">&#8211; En az d\u00f6rt y\u0131ll\u0131k e\u011fitim veren hukuk, siyasal bilgiler, iktisadi ve idari bilimler, iktisat, i\u015fletme fak\u00fclteleri veya buna denkli\u011fi yetkili makamlarca kabul edilen yurt d\u0131\u015f\u0131ndaki y\u00fcksek \u00f6\u011fretim kurumlar\u0131ndan birisini bitirmi\u015f olmak,<\/p>\n<p style=\"text-align: justify;\">&#8211; \u00d6\u011frenci Se\u00e7me ve Yerle\u015ftirme Merkezi (\u00d6SYM) taraf\u0131ndan 7-8 Temmuz 2012 ve 6-7 Temmuz 2013 tarihlerinde yap\u0131lan Kamu Personeli Se\u00e7me S\u0131nav\u0131ndan (KPSS); en az d\u00f6rt y\u0131ll\u0131k lisans e\u011fitimi veren fak\u00fcltelerin veya bunlara denkli\u011fi yetkili makamlarca kabul edilen yurt i\u00e7i veya yurt d\u0131\u015f\u0131ndaki y\u00fcksek \u00f6\u011fretim kurumlar\u0131 mezunlar\u0131ndan, Hukuk Fak\u00fcltesinden (KPSSP103) puan t\u00fcr\u00fcnden asgari 85; Siyasal Bilgiler, iktisadi ve idari Bilimler, iktisat, i\u015fletme Fak\u00fcltelerinden, (KPSSP53) puan t\u00fcr\u00fcnden asgari 85 ve daha yukar\u0131 puan almak kayd\u0131yla, m\u00fcracaat edenlerin en y\u00fcksek puandan ba\u015flanarak s\u0131ralanmas\u0131 neticesinde; b\u00f6l\u00fcm itibariyle al\u0131nacak k\u00fclt\u00fcr ve turizm uzman yard\u0131mc\u0131s\u0131 say\u0131s\u0131n\u0131n d\u00f6rt kat aday aras\u0131na girmek.<\/p>\n<p style=\"text-align: justify;\"><strong>2. Gruptan s\u0131nava kat\u0131labilmek \u0130\u00e7in;<\/strong><\/p>\n<p style=\"text-align: justify;\">&#8211; <span style=\"color: #0000ff;\"><strong>En az d\u00f6rt y\u0131ll\u0131k e\u011fitim veren Bilgi ve Belge Y\u00f6netimi<\/strong><\/span>, Bilgisayar M\u00fchendisli\u011fi, Yaz\u0131l\u0131m M\u00fchendisli\u011fi, Elektrik Elektronik M\u00fchendisli\u011fi, istatistik, \u015eehir Planc\u0131s\u0131, in\u015faat M\u00fchendisli\u011fi B\u00f6l\u00fcmlerinden veya bunlara denkli\u011fi yetkili makamlarca kabul edilen yurt d\u0131\u015f\u0131ndaki y\u00fcksek \u00f6\u011fretim kurumlar\u0131ndan birisini bitirmi\u015f olmak,<\/p>\n<p style=\"text-align: justify;\">&#8211; \u00d6l\u00e7me, Se\u00e7me ve Yerle\u015ftirme Merkezi (\u00d6SYM) taraf\u0131ndan 7-8 Temmuz <strong>2012<\/strong> ve 6-7 Temmuz <strong>2013<\/strong> tarihlerinde yap\u0131lan Kamu Personeli Se\u00e7me S\u0131nav\u0131ndan (KPSS);<\/p>\n<p style=\"text-align: justify;\">en az d\u00f6rt y\u0131ll\u0131k lisans e\u011fitimi veren fak\u00fcltelerin veya bunlara denkli\u011fi yetkili makamlarca kabul edilen yurt i\u00e7i veya yurt d\u0131\u015f\u0131ndaki y\u00fcksek \u00f6\u011fretim kurumlar\u0131 mezunlanndan,istatistik B\u00f6l\u00fcm\u00fcnden (KPSSP25) puan t\u00fcr\u00fcnden asgari 85; Bilgisayar M\u00fchendisli\u011fi ,Yaz\u0131l\u0131m M\u00fchendisli\u011fi, Elektrik Elektronik M\u00fchendisli\u011fi, <span style=\"color: #0000ff;\"><strong>Bilgi ve Belge Y\u00f6netimi<\/strong><\/span>, \u015eehir Planc\u0131s\u0131 ve in\u015faat M\u00fchendisli\u011fi B\u00f6l\u00fcmlerinden <strong><span style=\"color: #0000ff;\">(KPSSP8)<\/span><\/strong> puan t\u00fcr\u00fcnden<strong><span style=\"color: #0000ff;\"> asgari 80<\/span><\/strong> ve daha yukar\u0131 puan almak kayd\u0131yla, m\u00fcracaat edenlerin en y\u00fcksek puandan ba\u015flanarak s\u0131ralanmas\u0131 neticesinde; b\u00f6l\u00fcm itibariyle al\u0131nacak k\u00fclt\u00fcr ve turizm uzman yard\u0131mc\u0131s\u0131 say\u0131s\u0131n\u0131n d\u00f6rt kat\u0131 aday aras\u0131na girmek.<\/p>\n<p style=\"text-align: justify;\">Son s\u0131radaki adayla, ayn\u0131 puan\u0131 alm\u0131\u015f aday\/adaylar da s\u0131nava kat\u0131lmaya hak kazanacakt\u0131r.<\/p>\n<p style=\"text-align: justify;\">&#8211; 657 say\u0131l\u0131 Devlet Memurlan Kanununun 48 inci maddesinin (A) bendinde yer alan genel \u015fartlan ta\u015f\u0131mak,<\/p>\n<p style=\"text-align: justify;\">&#8211; S\u0131nav\u0131n yap\u0131ld\u0131\u011f\u0131 y\u0131l\u0131n Ocak ay\u0131n\u0131n ilk g\u00fcn\u00fc itibariyle otuz be\u015f ya\u015f\u0131n\u0131 doldurmam\u0131\u015f olmak, \u015fart\u0131 aran\u0131r. Yar\u0131\u015fma s\u0131nav\u0131na, \u00f6\u011frenim dallar\u0131 itibanyla al\u0131nacak her bir uzman yard\u0131mc\u0131s\u0131 kadro kontenjan\u0131 i\u00e7in Bakanl\u0131k\u00e7a \u00f6ng\u00f6r\u00fclen say\u0131da ba\u015fvurunun olmamas\u0131 h\u00e2linde kadro ve ihtiya\u00e7 durumuna g\u00f6re \u00f6\u011frenim dallar\u0131 aras\u0131ndaki say\u0131sal belirleme ve de\u011fi\u015fiklik yapma yetkisi Bakanl\u0131\u011fa aittir.<\/p>\n<p style=\"text-align: justify;\"><strong>2-BA\u015eVURU \u015eEKL\u0130 VE YER\u0130:<\/strong><\/p>\n<p style=\"text-align: justify;\">Yar\u0131\u015fma s\u0131nav\u0131na kat\u0131lmak isteyen adaylar, birinci maddede belirtilen ko\u015fullar\u0131 ta\u015f\u0131malar\u0131 \u015fart\u0131yla; Atat\u00fcrk Bulvan No:29 Opera\/ANKARA adresinde bulunan Bakanl\u0131\u011f\u0131m\u0131z Personel Dairesi Ba\u015fkanl\u0131\u011f\u0131ndan veya www.kulturturizm.gov.tr adresinden temin edecekleri ba\u015fvuru formunu doldurarak, istenilen belgeler ile birlikte <span style=\"color: #0000ff;\"><strong>06\/01\/2014<\/strong><\/span> Pazartesi g\u00fcn\u00fcnden itibaren <span style=\"color: #0000ff;\"><strong>22\/01\/2014<\/strong><\/span> <strong><span style=\"color: #0000ff;\">\u00c7ar\u015famba g\u00fcn\u00fc mesai saati bitimine kadar<\/span><\/strong> Personel Dairesi Ba\u015fkanl\u0131\u011f\u0131na <strong>bizzat veya posta yoluyla ba\u015fvurmalar\u0131 gerekmektedir<\/strong>. Ancak,posta yoluyla yap\u0131lan ba\u015fvurularda istenilen belgelerin son ba\u015fvuru tarihine kadar Bakanl\u0131\u011fa ula\u015fm\u0131\u015f olmas\u0131, ba\u015fka bir ifadeyle Bakanl\u0131k kay\u0131tanna girmi\u015f olmas\u0131 gerekir. Postadaki gecikme nedeniyle son ba\u015fvuru tarihinden sonra Bakanl\u0131\u011fa ula\u015fan\/kay\u0131tlar\u0131na giren ba\u015fvurular i\u015fleme al\u0131nmayacakt\u0131r.<\/p>\n<p style=\"text-align: justify;\">Ba\u015fvuru formlar\u0131 ve eki belgelerin incelenmesi sonucu s\u00f6zl\u00fc s\u0131nava kat\u0131lmaya hak kazanan adaylar\u0131n listesi 24\/01\/2014 tarihinden itibaren www.kulturturizm.gov.tr internet adresinde ilan edilecek olup, adaylara ayr\u0131ca tebligat yap\u0131lmayacakt\u0131r.<\/p>\n<p style=\"text-align: justify;\"><strong>3- BA\u015eVURU SIRASINDA \u0130STEN\u0130LECEK BELGELER ;<\/strong><\/p>\n<p style=\"text-align: justify;\">&#8211; \u00d6SYM taraf\u0131ndan yap\u0131lan Kamu Personeli Se\u00e7me s\u0131nav\u0131na ili\u015fkin sonu\u00e7 belgesi \u00e7\u0131kt\u0131s\u0131,<\/p>\n<p style=\"text-align: justify;\">&#8211; Y\u00fcksek\u00f6\u011frenim diplomas\u0131n\u0131n veya ge\u00e7ici mezuniyet belgesinin asl\u0131 veya noterce ya da Bakanl\u0131k\u00e7a onaylanm\u0131\u015f \u00f6rne\u011fi,<\/p>\n<p style=\"text-align: justify;\">&#8211; iki adet vesikal\u0131k foto\u011fraf (4.5x 6 cm. ebad\u0131nda, son alt\u0131 ay i\u00e7erisinde \u00e7ekilmi\u015f olan foto\u011fraf\u0131n biri Ba\u015fvuru Formuna yap\u0131\u015ft\u0131r\u0131lacakt\u0131r.),<\/p>\n<p style=\"text-align: justify;\">&#8211; Ba\u015fvuru formu,<\/p>\n<p style=\"text-align: justify;\"><strong>4- SINAVIN \u015eEKL\u0130:<\/strong><\/p>\n<p style=\"text-align: justify;\">S\u00f6zl\u00fc s\u0131nava girmeye hak kazanan adaylar,<\/p>\n<p style=\"text-align: justify;\">a) Genel k\u00fclt\u00fcre ve genel yetene\u011fe, \u00fcniversite e\u011fitimine ait mesleki bilgilerine, bakanl\u0131\u011f\u0131n g\u00f6rev alan\u0131na ait bilgilere, yabanc\u0131 dile ili\u015fkin konulardaki bilgi d\u00fczeyi,<\/p>\n<p style=\"text-align: justify;\">b) Kavrama, muhakeme etme, \u00f6zetleme ve ifade etme yetene\u011fi,<\/p>\n<p style=\"text-align: justify;\">c) Liyakati, temsil kabiliyeti, davran\u0131\u015f ve tepkilerinin mesle\u011fe uygunlu\u011fu,<\/p>\n<p style=\"text-align: justify;\">\u00e7) \u00d6zg\u00fcveni, ikna kabiliyeti ve inand\u0131r\u0131c\u0131l\u0131\u011f\u0131,<\/p>\n<p style=\"text-align: justify;\">d) Genel yetenek ve genel k\u00fclt\u00fcr\u00fc,<\/p>\n<p style=\"text-align: justify;\">e) Bilimsel ve teknolojik geli\u015fmelere a\u00e7\u0131kl\u0131\u011f\u0131, y\u00f6nlerinden ayr\u0131 ayr\u0131 puan verilmek suretiyle de\u011ferlendirilir.<\/p>\n<p style=\"text-align: justify;\"><strong>Mesleki Bilginin Alt Konular\u0131:<\/strong><\/p>\n<p style=\"text-align: justify;\">1. Gruptan S\u0131nava Girecekler i\u00e7in: Mikro-Makro iktisat, Uluslararas\u0131 Ekonomik ili\u015fkiler ve Kurulu\u015flar, Maliye Politikas\u0131, T\u00fcrk Vergi Hukuku, Anayasa Hukuku, idare Hukuku, Medeni Hukuk (Aile ve Miras Hukuku hari\u00e7), Bor\u00e7lar Hukuku (Genel H\u00fck\u00fcmler), Ceza Hukuku, Ticaret Hukuku.<\/p>\n<p style=\"text-align: justify;\"><span style=\"color: #0000ff;\"><strong>2. Gruptan S\u0131nava Girecekler i\u00e7in :<\/strong><\/span> <strong><span style=\"color: #ff0000;\"><span style=\"color: #0000ff;\">Bilgi ve Belge Y\u00f6netimi i\u00e7in<\/span> : Bilgi ve Belge Y\u00f6netimine Giri\u015f, Bilgi Kaynaklar\u0131 ve Hizmetleri, K\u00fct\u00fcphane Otomasyonu, Bilgi Merkezlerinin Y\u00f6netimi, Ar\u015fiv Y\u00f6netimi, Dizinleme Teknikleri, Bilgi Merkezi Kurma ve Geli\u015ftirme, S\u0131n\u0131flama Sistemleri, Osmanl\u0131ca, Osmanl\u0131ca Gramer.<\/span><\/strong><\/p>\n<p style=\"text-align: justify;\">\u015eehir Planc\u0131s\u0131 i\u00e7in : T\u00fcrkiye ve D\u00fcnyada Planlama Tarihi, Planlama Modelleri, Kent Ekonomisi, Kent Sosyolojisi, Kent Co\u011frafyas\u0131, imar Mevzuat\u0131, Planlama S\u00fcreci, Ula\u015f\u0131m Planlamas\u0131, \u00c7evresel Planlama, Kentsel Tasanm, B\u00f6lge Planlama.<\/p>\n<p style=\"text-align: justify;\">\u0130n\u015faat M\u00fchendisli\u011fi i\u00e7in: Genel Malzeme Bilimi, \u00d6l\u00e7me Bilgisi, Yap\u0131 Malzemeleri, Mukavemet, Zemin Mekani\u011fi, Hidromekanik, Yap\u0131 Stati\u011fi, Betonarme.<\/p>\n<p style=\"text-align: justify;\">\u0130statistik i\u00e7in: Genel istatistik, Matematiksel istatistik, Olas\u0131l\u0131k Hesaplar\u0131.<\/p>\n<p style=\"text-align: justify;\">Bilgisayar M\u00fchendisli\u011fi ve Yaz\u0131l\u0131m M\u00fchendisli\u011fi i\u00e7in: Bilgisayar Programlama, Dosya Organizasyonu,i\u015fletim Sistemleri, Mikroi\u015flemciler, Yaz\u0131l\u0131m M\u00fchendisli\u011fi, Veritaban\u0131 Sistemleri, Veri ileti\u015fimi, Bilgisayar A\u011flar\u0131.<\/p>\n<p style=\"text-align: justify;\">Elektik Elektronik M\u00fchendisli\u011fi \u0130\u00e7in: M\u00fchendislik matemati\u011fi, elektrik devreleri, g\u00fc\u00e7 elektroni\u011fi, elektrik makineleri, y\u00fcksek gerilim tekni\u011fi, g\u00fc\u00e7 iletim ve da\u011f\u0131t\u0131m sistemleri, elektromekanik enerji d\u00f6n\u00fc\u015f\u00fcm\u00fc, devre analizi, say\u0131sal sistemler, elektromanyetik alan teorisi, sistem modelleme ve kontrol.<\/p>\n<p style=\"text-align: justify;\"><strong>5- DE\u011eERLEND\u0130RME:<\/strong><\/p>\n<p style=\"text-align: justify;\">Adaylar, s\u0131nav kurulu taraf\u0131ndan 4 \u00fcnc\u00fc maddenin (a) bendi i\u00e7in elli puan, (b) ila (e) bentlerinde yaz\u0131l\u0131 \u00f6zelliklerin her biri i\u00e7in onar puan \u00fczerinden de\u011ferlendirilir ve verilen puanlar ayn ayn tutana\u011fa ge\u00e7irilir. Bunun d\u0131\u015f\u0131nda s\u00f6zl\u00fc s\u0131nav ile ilgili herhangi bir kay\u0131t sistemi kullan\u0131lmaz. S\u00f6zl\u00fc s\u0131navda ba\u015far\u0131l\u0131 say\u0131lmak i\u00e7in, kurul ba\u015fkan ve \u00fcyelerinin y\u00fcz tam puan \u00fczerinden verdikleri puanlar\u0131n aritmetik ortalamas\u0131n\u0131n en az yetmi\u015f olmas\u0131 \u015fartt\u0131r. Adaylar\u0131n, uzman yard\u0131mc\u0131l\u0131\u011f\u0131na atanmalar\u0131 ba\u015far\u0131 derecesi s\u0131ralamas\u0131na g\u00f6re ilgili mevzuat \u00e7er\u00e7evesinde yap\u0131l\u0131r.<\/p>\n<p style=\"text-align: justify;\">Yar\u0131\u015fma s\u0131nav\u0131nda, \u00f6\u011frenim dallar\u0131 itibariyle al\u0131nacak uzman yard\u0131mc\u0131s\u0131 say\u0131s\u0131 kadar aday\u0131n ba\u015far\u0131l\u0131 olamamas\u0131 halinde, kadro ve ihtiya\u00e7 durumuna g\u00f6re \u00f6\u011frenim dallan aras\u0131ndaki say\u0131sal belirleme ve de\u011fi\u015fiklik yapma yetkisi Bakanl\u0131\u011fa aittir.<\/p>\n<p style=\"text-align: justify;\">S\u0131navda ba\u015far\u0131l\u0131 olup bildirimde belirtilen s\u00fcrede gerekli ba\u015fvuruyu yapmayanlardan, atamas\u0131 yap\u0131l\u0131p da herhangi bir sebeple g\u00f6revden aynlanlardan veya g\u00f6reve ba\u015flamayanlardan bo\u015falan\/atama yap\u0131lamayan kadroya, yeni bir s\u0131nav yap\u0131l\u0131ncaya kadar veya yeni bir s\u0131nav yap\u0131lmamas\u0131 halinde en ge\u00e7 iki y\u0131l i\u00e7inde yar\u0131\u015fma s\u0131nav\u0131 basan s\u0131ras\u0131 dikkate al\u0131narak yedek listeden atama yap\u0131labilir.<\/p>\n<p style=\"text-align: justify;\"><strong>6-SINAV YER\u0130 VE TAR\u0130H\u0130:<\/strong><\/p>\n<p style=\"text-align: justify;\">S\u00f6zl\u00fc S\u0131nav: S\u0131nav tarihi, saati ve yeri daha sonra www.kulturturizm.gov.tr adresinde ilan edilecektir.<\/p>\n<p style=\"text-align: justify;\"><strong>7- YARI\u015eMA SINAVI SONU\u00c7LARININ DUYURULMASI:<\/strong><\/p>\n<p style=\"text-align: justify;\">Yar\u0131\u015fma s\u0131nav\u0131n\u0131 kazananlann listesi www.kulturturizm.gov.tr internet adresinde ilan edilecektir. Yar\u0131\u015fma s\u0131nav\u0131n\u0131 kazanan uzman yard\u0131mc\u0131s\u0131 adaylar\u0131na ayr\u0131ca yaz\u0131l\u0131 tebligat yap\u0131lacakt\u0131r.<\/p>\n<p style=\"text-align: justify;\">Kaynak: http:\/\/ilan.memurlar.net<\/p>\n","protected":false},"excerpt":{"rendered":"<p>K\u00fclt\u00fcr ve Turizm Bakanl\u0131\u011f\u0131 merkez te\u015fkilat\u0131nda \u00e7al\u0131\u015ft\u0131r\u0131lmak \u00fczere, Genel idare Hizmetleri S\u0131n\u0131f\u0131nda 9 uncu dereceden bo\u015f bulunan, 50 adet k\u00fclt\u00fcr ve turizm uzman yard\u0131mc\u0131s\u0131 kadrosuna atama yapmak amac\u0131yla, K\u00fclt\u00fcr ve Turizm Uzmanl\u0131\u011f\u0131 Y\u00f6netmeli\u011fi h\u00fck\u00fcmlerine g\u00f6re K\u00fclt\u00fcr ve Turizm Uzman Yard\u0131mc\u0131s\u0131 Yar\u0131\u015fma S\u0131nav\u0131 yap\u0131lacakt\u0131r. \u00d6\u011frenim dallan itibariyle al\u0131nacak k\u00fclt\u00fcr ve turizm uzman yard\u0131mca say\u0131lan a\u015fa\u011f\u0131da belirtilmi\u015ftir.<\/p>\n","protected":false},"author":1,"featured_media":0,"comment_status":"open","ping_status":"open","sticky":false,"template":"","format":"standard","meta":{"footnotes":""},"categories":[],"tags":[1393],"class_list":["post-12492","post","type-post","status-publish","format-standard","hentry","tag-bby-is-ilanlari-arsivi"],"_links":{"self":[{"href":"https:\/\/www.bbyhaber.com\/bby\/wp-json\/wp\/v2\/posts\/12492"}],"collection":[{"href":"https:\/\/www.bbyhaber.com\/bby\/wp-json\/wp\/v2\/posts"}],"about":[{"href":"https:\/\/www.bbyhaber.com\/bby\/wp-json\/wp\/v2\/types\/post"}],"author":[{"embeddable":true,"href":"https:\/\/www.bbyhaber.com\/bby\/wp-json\/wp\/v2\/users\/1"}],"replies":[{"embeddable":true,"href":"https:\/\/www.bbyhaber.com\/bby\/wp-json\/wp\/v2\/comments?post=12492"}],"version-history":[{"count":0,"href":"https:\/\/www.bbyhaber.com\/bby\/wp-json\/wp\/v2\/posts\/12492\/revisions"}],"wp:attachment":[{"href":"https:\/\/www.bbyhaber.com\/bby\/wp-json\/wp\/v2\/media?parent=12492"}],"wp:term":[{"taxonomy":"category","embeddable":true,"href":"https:\/\/www.bbyhaber.com\/bby\/wp-json\/wp\/v2\/categories?post=12492"},{"taxonomy":"post_tag","embeddable":true,"href":"https:\/\/www.bbyhaber.com\/bby\/wp-json\/wp\/v2\/tags?post=12492"}],"curies":[{"name":"wp","href":"https:\/\/api.w.org\/{rel}","templated":true}]}}