{"id":1249,"date":"2010-07-03T16:57:07","date_gmt":"2010-07-03T16:57:07","guid":{"rendered":"http:\/\/www.bbyhaber.com\/bby\/?p=1249"},"modified":"2012-09-07T17:57:22","modified_gmt":"2012-09-07T14:57:22","slug":"3-ulusal-okul-kutuphanecileri-konferansi","status":"publish","type":"post","link":"https:\/\/www.bbyhaber.com\/bby\/2010\/07\/03\/3-ulusal-okul-kutuphanecileri-konferansi","title":{"rendered":"3. Ulusal Okul K\u00fct\u00fcphanecileri Konferans\u0131"},"content":{"rendered":"<p style=\"text-align: justify;\" align=\"justify\">T\u00fcrk K\u00fct\u00fcphaneciler Derne\u011fi Genel Ba\u015fkan\u0131 Ali Fuat Kartal, okul k\u00fct\u00fcphanelerinin, e\u011fitim ve \u00f6\u011fretimin b\u00f6l\u00fcnmez bir unsuru olmas\u0131na ra\u011fmen ihmal edildi\u011fini belirtti. Ali Fuat Kartal, \u00d6zel Bilkent \u0130lk\u00f6\u011fretim Okulunda d\u00fczenlenen &#8216;3. Ulusal Okul K\u00fct\u00fcphanecileri&#8217; konferans\u0131nda, e\u011fitim sisteminin d\u00fczeltilmesi isteniyorsa \u00f6nce okul k\u00fct\u00fcphanelerinden ba\u015flanmas\u0131 gerekti\u011fini s\u00f6yledi.<!--more--><\/p>\n<p style=\"text-align: justify;\" align=\"justify\">E\u011fitim sisteminin s\u0131k s\u0131k de\u011fi\u015ftirildi\u011fini ifade eden Kartal, \u015f\u00f6yle konu\u015ftu:<\/p>\n<p style=\"text-align: justify;\" align=\"justify\">&#8216;Okul k\u00fct\u00fcphaneleri, e\u011fitim ve \u00f6\u011fretimin b\u00f6l\u00fcnmez bir unsuru olmas\u0131na ra\u011fmen bu kadar ihmal etti\u011fimiz bir k\u00fct\u00fcphane t\u00fcr\u00fc yok. Her y\u0131l de\u011fi\u015ftirilen e\u011fitim sistemi ile e\u011fitimi ne kadar ciddiyi ald\u0131\u011f\u0131m\u0131z\u0131 san\u0131r\u0131m okul k\u00fct\u00fcphanelerinin bug\u00fcnk\u00fc durumu ile izah edebiliriz.&#8217;<\/p>\n<p style=\"text-align: justify;\" align=\"justify\">Devlet okullar\u0131nda k\u00fct\u00fcphanelere gereken \u00f6nemin verilmesi gerekti\u011fini vurgulayan Kartal, i\u015flevsel bir k\u00fct\u00fcphane i\u00e7in gerekli bina ve b\u00fct\u00e7enin tahsis edilmesini istedi. Milli E\u011fitim Bakanl\u0131\u011f\u0131na ba\u011fl\u0131 devlet okullar\u0131 ile \u00f6zel okullarda mesleki e\u011fitim g\u00f6rm\u00fc\u015f k\u00fct\u00fcphanecilerin istihdam edilmesinin \u00f6nem ta\u015f\u0131d\u0131\u011f\u0131n\u0131 kaydeden Kartal, \u00f6zel okullardaki farkl\u0131 uygulamalar\u0131n da standart hale getirilmesi gerekti\u011fini ifade etti.<\/p>\n<p style=\"text-align: justify;\" align=\"justify\">K\u00fct\u00fcphanecilerin mesleki ve \u00f6zl\u00fck haklar\u0131na ili\u015fkin sorunlar\u0131 anlatan Kartal, k\u00fct\u00fcphanecilerin \u00f6zl\u00fck haklar\u0131n\u0131n ve stat\u00fclerinin yeniden belirlenmesini talep etti. Okul k\u00fct\u00fcphanelerinde \u00e7al\u0131\u015fan k\u00fct\u00fcphanecilerin d\u00f6rt y\u0131ll\u0131k mesleki e\u011fitim almalar\u0131na ve hatta lisans \u00fcst\u00fc e\u011fitim yapmalar\u0131na kar\u015f\u0131n, uzman olarak atanamad\u0131klar\u0131n\u0131 s\u00f6yleyen Kartal, e\u011fitim formasyonu alm\u0131\u015f k\u00fct\u00fcphanecilerin &#8216;\u00f6\u011fretmen k\u00fct\u00fcphaneci&#8217;, formasyonu olmayanlar\u0131n ise &#8216;uzman k\u00fct\u00fcphaneci&#8217; olarak kadro tan\u0131mlar\u0131n\u0131n yap\u0131lmas\u0131 gerekti\u011fini kaydetti.<\/p>\n<p style=\"text-align: justify;\" align=\"justify\">Kartal, &#8216;Toplum olarak k\u00fct\u00fcphanecinin g\u00f6rev ve nitelikleri hakk\u0131nda sahip oldu\u011fumuz k\u00fct\u00fcphanecinin &#8216;raftan kitap al\u0131p vermekten ba\u015fka i\u015fi bulunmayan ki\u015fi oldu\u011fu&#8217; anlay\u0131\u015f\u0131n\u0131n en b\u00fcy\u00fck nedeni, meslekten yeti\u015fmi\u015f personel say\u0131s\u0131n\u0131n azl\u0131\u011f\u0131 ve k\u00fct\u00fcphane kurumunun verdi\u011fi hizmet bak\u0131m\u0131ndan topluma ger\u00e7ek y\u00f6n\u00fcyle tan\u0131t\u0131lamamas\u0131d\u0131r&#8217; dedi.<strong><\/strong><\/p>\n<p style=\"text-align: justify;\" align=\"justify\">Kaynak: http:\/\/www.haberler.com<\/p>\n","protected":false},"excerpt":{"rendered":"<p>T\u00fcrk K\u00fct\u00fcphaneciler Derne\u011fi Genel Ba\u015fkan\u0131 Ali Fuat Kartal, okul k\u00fct\u00fcphanelerinin, e\u011fitim ve \u00f6\u011fretimin b\u00f6l\u00fcnmez bir unsuru olmas\u0131na ra\u011fmen ihmal edildi\u011fini belirtti. Ali Fuat Kartal, \u00d6zel Bilkent \u0130lk\u00f6\u011fretim Okulunda d\u00fczenlenen &#8216;3. Ulusal Okul K\u00fct\u00fcphanecileri&#8217; konferans\u0131nda, e\u011fitim sisteminin d\u00fczeltilmesi isteniyorsa \u00f6nce okul k\u00fct\u00fcphanelerinden ba\u015flanmas\u0131 gerekti\u011fini s\u00f6yledi.<\/p>\n","protected":false},"author":1,"featured_media":0,"comment_status":"open","ping_status":"open","sticky":false,"template":"","format":"standard","meta":{"footnotes":""},"categories":[],"tags":[845],"class_list":["post-1249","post","type-post","status-publish","format-standard","hentry","tag-okul-kutuphaneleri"],"_links":{"self":[{"href":"https:\/\/www.bbyhaber.com\/bby\/wp-json\/wp\/v2\/posts\/1249"}],"collection":[{"href":"https:\/\/www.bbyhaber.com\/bby\/wp-json\/wp\/v2\/posts"}],"about":[{"href":"https:\/\/www.bbyhaber.com\/bby\/wp-json\/wp\/v2\/types\/post"}],"author":[{"embeddable":true,"href":"https:\/\/www.bbyhaber.com\/bby\/wp-json\/wp\/v2\/users\/1"}],"replies":[{"embeddable":true,"href":"https:\/\/www.bbyhaber.com\/bby\/wp-json\/wp\/v2\/comments?post=1249"}],"version-history":[{"count":0,"href":"https:\/\/www.bbyhaber.com\/bby\/wp-json\/wp\/v2\/posts\/1249\/revisions"}],"wp:attachment":[{"href":"https:\/\/www.bbyhaber.com\/bby\/wp-json\/wp\/v2\/media?parent=1249"}],"wp:term":[{"taxonomy":"category","embeddable":true,"href":"https:\/\/www.bbyhaber.com\/bby\/wp-json\/wp\/v2\/categories?post=1249"},{"taxonomy":"post_tag","embeddable":true,"href":"https:\/\/www.bbyhaber.com\/bby\/wp-json\/wp\/v2\/tags?post=1249"}],"curies":[{"name":"wp","href":"https:\/\/api.w.org\/{rel}","templated":true}]}}