{"id":12487,"date":"2013-12-06T13:24:43","date_gmt":"2013-12-06T11:24:43","guid":{"rendered":"http:\/\/www.bbyhaber.com\/bby\/?p=12487"},"modified":"2013-12-06T13:24:43","modified_gmt":"2013-12-06T11:24:43","slug":"karsiyakadan-gorme-engelliler-kutuphanesi-izmir","status":"publish","type":"post","link":"https:\/\/www.bbyhaber.com\/bby\/2013\/12\/06\/karsiyakadan-gorme-engelliler-kutuphanesi-izmir","title":{"rendered":"Kar\u015f\u0131yaka&#8217;dan g\u00f6rme engelliler k\u00fct\u00fcphanesi-\u0130zmir"},"content":{"rendered":"<p style=\"text-align: justify;\"><img loading=\"lazy\" decoding=\"async\" class=\"alignleft\" src=\"http:\/\/www.hurriyet.com.tr\/_np\/8839\/22408839.jpg\" alt=\"\" width=\"250\" height=\"150\" \/>\u0130zmir&#8217;in 3. G\u00f6rme Engelli K\u00fct\u00fcphanesi Belediye taraf\u0131ndan Kar\u015f\u0131yaka&#8217;ya yap\u0131ld\u0131. \u0130zmir \u0130l Halk K\u00fct\u00fcphanesi ve T\u00fcrkiye G\u00f6rme \u00d6z\u00fcrl\u00fcler Kitapl\u0131\u011f\u0131 T\u00dcRG\u00d6K&#8217;\u00fcn ard\u0131ndan Kar\u015f\u0131yaka Belediyesi de g\u00f6rme engelliler i\u00e7in bir k\u00fct\u00fcphane haz\u0131rlad\u0131. G\u00f6n\u00fcll\u00fcl\u00fck esas\u0131yla hizmet verecek k\u00fct\u00fcphane ile \u201cEngelsiz Kent\u201d i\u00e7in \u00f6nemli bir ad\u0131m\u0131 daha att\u0131klar\u0131n\u0131 s\u00f6yleyen Kar\u015f\u0131yaka Belediye Ba\u015fkan\u0131 Cevat Durak, a\u00e7\u0131l\u0131\u015f\u0131n ay sonunda yap\u0131laca\u011f\u0131n\u0131 s\u00f6yledi.<!--more--><\/p>\n<p style=\"text-align: justify;\">Bostanl\u0131&#8217;da Caher Dudayev Bulvar\u0131 numara 171&#8217;deki, tek katl\u0131 bir binay\u0131 G\u00f6rme Engelliler K\u00fct\u00fcphanesi olarak d\u00fczenleyen Kar\u015f\u0131yaka Belediyesi, \u015fimdi kitap okuyacak g\u00f6n\u00fcll\u00fcler ar\u0131yor. 1 okuyucu, 1 b\u00fcy\u00fcte\u00e7, 2 adet kolayla\u015ft\u0131r\u0131lm\u0131\u015f bilgisayar, 1 ses kay\u0131t cihaz\u0131 ve kabini ile Braille bask\u0131 makinesi bulunan k\u00fct\u00fcphane \u00fcyelik sistemi ile hizmet verecek. K\u00fct\u00fcphaneden yararlanmak isteyen g\u00f6rme engelliler ile kitap okumak isteyen g\u00f6n\u00fcll\u00fcler Kar\u015f\u0131yaka Belediyesi Sosyal Yard\u0131m \u0130\u015fleri M\u00fcd\u00fcrl\u00fc\u011f\u00fc veya G\u00f6rme Engelliler K\u00fct\u00fcphanesi&#8217;ne ba\u015fvurarak, \u00fcye olabilecek.<\/p>\n<p style=\"text-align: justify;\">Kaynak:\u00a0http:\/\/www.hurriyet.com.tr\/ege<\/p>\n<p style=\"text-align: justify;\">\n","protected":false},"excerpt":{"rendered":"<p>\u0130zmir&#8217;in 3. G\u00f6rme Engelli K\u00fct\u00fcphanesi Belediye taraf\u0131ndan Kar\u015f\u0131yaka&#8217;ya yap\u0131ld\u0131. \u0130zmir \u0130l Halk K\u00fct\u00fcphanesi ve T\u00fcrkiye G\u00f6rme \u00d6z\u00fcrl\u00fcler Kitapl\u0131\u011f\u0131 T\u00dcRG\u00d6K&#8217;\u00fcn ard\u0131ndan Kar\u015f\u0131yaka Belediyesi de g\u00f6rme engelliler i\u00e7in bir k\u00fct\u00fcphane haz\u0131rlad\u0131. G\u00f6n\u00fcll\u00fcl\u00fck esas\u0131yla hizmet verecek k\u00fct\u00fcphane ile \u201cEngelsiz Kent\u201d i\u00e7in \u00f6nemli bir ad\u0131m\u0131 daha att\u0131klar\u0131n\u0131 s\u00f6yleyen Kar\u015f\u0131yaka Belediye Ba\u015fkan\u0131 Cevat Durak, a\u00e7\u0131l\u0131\u015f\u0131n ay sonunda yap\u0131laca\u011f\u0131n\u0131 s\u00f6yledi.<\/p>\n","protected":false},"author":1,"featured_media":0,"comment_status":"open","ping_status":"open","sticky":false,"template":"","format":"standard","meta":{"footnotes":""},"categories":[1,1487],"tags":[],"class_list":["post-12487","post","type-post","status-publish","format-standard","hentry","category-genel","category-gorme-engelli-kutuphane"],"_links":{"self":[{"href":"https:\/\/www.bbyhaber.com\/bby\/wp-json\/wp\/v2\/posts\/12487"}],"collection":[{"href":"https:\/\/www.bbyhaber.com\/bby\/wp-json\/wp\/v2\/posts"}],"about":[{"href":"https:\/\/www.bbyhaber.com\/bby\/wp-json\/wp\/v2\/types\/post"}],"author":[{"embeddable":true,"href":"https:\/\/www.bbyhaber.com\/bby\/wp-json\/wp\/v2\/users\/1"}],"replies":[{"embeddable":true,"href":"https:\/\/www.bbyhaber.com\/bby\/wp-json\/wp\/v2\/comments?post=12487"}],"version-history":[{"count":0,"href":"https:\/\/www.bbyhaber.com\/bby\/wp-json\/wp\/v2\/posts\/12487\/revisions"}],"wp:attachment":[{"href":"https:\/\/www.bbyhaber.com\/bby\/wp-json\/wp\/v2\/media?parent=12487"}],"wp:term":[{"taxonomy":"category","embeddable":true,"href":"https:\/\/www.bbyhaber.com\/bby\/wp-json\/wp\/v2\/categories?post=12487"},{"taxonomy":"post_tag","embeddable":true,"href":"https:\/\/www.bbyhaber.com\/bby\/wp-json\/wp\/v2\/tags?post=12487"}],"curies":[{"name":"wp","href":"https:\/\/api.w.org\/{rel}","templated":true}]}}