{"id":12475,"date":"2013-12-04T14:36:36","date_gmt":"2013-12-04T12:36:36","guid":{"rendered":"http:\/\/www.bbyhaber.com\/bby\/?p=12475"},"modified":"2013-12-18T12:25:08","modified_gmt":"2013-12-18T10:25:08","slug":"bilkentte-kutuphanecilik-seminerleri-acik-erisimfarkli-bakis-acilari-17-aralik-2013","status":"publish","type":"post","link":"https:\/\/www.bbyhaber.com\/bby\/2013\/12\/04\/bilkentte-kutuphanecilik-seminerleri-acik-erisimfarkli-bakis-acilari-17-aralik-2013","title":{"rendered":"Bilkent&#8217;te K\u00fct\u00fcphanecilik Seminerleri-A\u00e7\u0131k Eri\u015fim:Farkl\u0131 Bak\u0131\u015f A\u00e7\u0131lar\u0131-17 Aral\u0131k 2013"},"content":{"rendered":"<p style=\"text-align: justify;\"><a href=\"http:\/\/www.bbyhaber.com\/bby\/wp-content\/uploads\/2013\/12\/bilkent-seminer.jpg\"><img loading=\"lazy\" decoding=\"async\" class=\"alignleft size-medium wp-image-12478\" title=\"bilkent-seminer\" src=\"http:\/\/www.bbyhaber.com\/bby\/wp-content\/uploads\/2013\/12\/bilkent-seminer.jpg\" alt=\"\" width=\"224\" height=\"48\" \/><\/a>Bilkent \u00dcniversitesi K\u00fct\u00fcphanesi,\u201cBilkent\u2019te K\u00fct\u00fcphanecilik Seminerleri\u201d\u00a0ba\u015fl\u0131\u011f\u0131yla d\u00fczenledi\u011fi toplant\u0131lar\u0131n alt\u0131nc\u0131s\u0131n\u0131 ger\u00e7ekle\u015ftirecektir.\u00a0Say\u0131n Prof.Dr B\u00fclent Karas\u00f6zen, Say\u0131n Prof. Dr Ya\u015far Tonta ve Say\u0131n Dr.\u00a0Burcu Bulut&#8217;un konu\u015fmac\u0131 olarak kat\u0131laca\u011f\u0131, &#8220;<strong>A\u00e7\u0131k Eri\u015fim: Farkl\u0131 Bak\u0131\u015f\u00a0A\u00e7\u0131lar\u0131<\/strong>\u201d konulu toplant\u0131 <strong>17 Aral\u0131k 2013<\/strong> tarihinde, <strong>13:00-15:30<\/strong> saatleri\u00a0aras\u0131nda Bilkent \u00dcniversitesi K\u00fct\u00fcphanesi\u2019nde yap\u0131lacakt\u0131r.<!--more--><\/p>\n<p><span style=\"color: #0000ff;\"><a href=\"https:\/\/docs.google.com\/forms\/d\/1qI1ljiRHuVuoG8S7VXrM0VSDWIGHxgpNdi3a5inCEjw\/viewform\" target=\"_blank\"><span style=\"color: #0000ff;\">Organizasyon planlamas\u0131 i\u00e7in l\u00fctfen \u2018Kat\u0131l\u0131m Formu\u2019nu doldurunuz.<\/span><\/a><\/span><\/p>\n<p><span style=\"color: #0000ff;\"><a href=\"http:\/\/library.bilkent.edu.tr\/tr\/oglensoylesileri\/kut_sem.html\" target=\"_blank\"><span style=\"color: #0000ff;\">Ayr\u0131nt\u0131l\u0131 bilgi i\u00e7in l\u00fctfen\u00a0t\u0131klay\u0131n\u0131z.<\/span><\/a><\/span><\/p>\n","protected":false},"excerpt":{"rendered":"<p>Bilkent \u00dcniversitesi K\u00fct\u00fcphanesi,\u201cBilkent\u2019te K\u00fct\u00fcphanecilik Seminerleri\u201d\u00a0ba\u015fl\u0131\u011f\u0131yla d\u00fczenledi\u011fi toplant\u0131lar\u0131n alt\u0131nc\u0131s\u0131n\u0131 ger\u00e7ekle\u015ftirecektir.\u00a0Say\u0131n Prof.Dr B\u00fclent Karas\u00f6zen, Say\u0131n Prof. Dr Ya\u015far Tonta ve Say\u0131n Dr.\u00a0Burcu Bulut&#8217;un konu\u015fmac\u0131 olarak kat\u0131laca\u011f\u0131, &#8220;A\u00e7\u0131k Eri\u015fim: Farkl\u0131 Bak\u0131\u015f\u00a0A\u00e7\u0131lar\u0131\u201d konulu toplant\u0131 17 Aral\u0131k 2013 tarihinde, 13:00-15:30 saatleri\u00a0aras\u0131nda Bilkent \u00dcniversitesi K\u00fct\u00fcphanesi\u2019nde yap\u0131lacakt\u0131r.<\/p>\n","protected":false},"author":1,"featured_media":0,"comment_status":"open","ping_status":"open","sticky":false,"template":"","format":"standard","meta":{"footnotes":""},"categories":[1473,1501],"tags":[1395],"class_list":["post-12475","post","type-post","status-publish","format-standard","hentry","category-acik-erisim","category-open-access","tag-bby-mesleki-etkinlikler-arsivi"],"_links":{"self":[{"href":"https:\/\/www.bbyhaber.com\/bby\/wp-json\/wp\/v2\/posts\/12475"}],"collection":[{"href":"https:\/\/www.bbyhaber.com\/bby\/wp-json\/wp\/v2\/posts"}],"about":[{"href":"https:\/\/www.bbyhaber.com\/bby\/wp-json\/wp\/v2\/types\/post"}],"author":[{"embeddable":true,"href":"https:\/\/www.bbyhaber.com\/bby\/wp-json\/wp\/v2\/users\/1"}],"replies":[{"embeddable":true,"href":"https:\/\/www.bbyhaber.com\/bby\/wp-json\/wp\/v2\/comments?post=12475"}],"version-history":[{"count":0,"href":"https:\/\/www.bbyhaber.com\/bby\/wp-json\/wp\/v2\/posts\/12475\/revisions"}],"wp:attachment":[{"href":"https:\/\/www.bbyhaber.com\/bby\/wp-json\/wp\/v2\/media?parent=12475"}],"wp:term":[{"taxonomy":"category","embeddable":true,"href":"https:\/\/www.bbyhaber.com\/bby\/wp-json\/wp\/v2\/categories?post=12475"},{"taxonomy":"post_tag","embeddable":true,"href":"https:\/\/www.bbyhaber.com\/bby\/wp-json\/wp\/v2\/tags?post=12475"}],"curies":[{"name":"wp","href":"https:\/\/api.w.org\/{rel}","templated":true}]}}