{"id":1247,"date":"2010-07-14T16:56:32","date_gmt":"2010-07-14T16:56:32","guid":{"rendered":"http:\/\/www.bbyhaber.com\/bby\/?p=1247"},"modified":"2011-11-18T16:56:53","modified_gmt":"2011-11-18T16:56:53","slug":"kutuphane-tatile-girer-mi","status":"publish","type":"post","link":"https:\/\/www.bbyhaber.com\/bby\/2010\/07\/14\/kutuphane-tatile-girer-mi","title":{"rendered":"K\u00fct\u00fcphane Tatile Girer mi"},"content":{"rendered":"<p style=\"text-align: justify;\" align=\"justify\">Okullar\u0131n yaz tatiline girmesi ile birlikte yaz tatillerini kitap okuyarak de\u011ferlendirmek isteyen K\u00fctahyal\u0131 \u00f6\u011frenciler veya kitap okumak isteyen vatanda\u015flar yaz tatilinde hayal k\u0131r\u0131kl\u0131\u011f\u0131na u\u011frad\u0131lar. \u00c7\u00fcnk\u00fc K\u00fctahya Merkez&#8217;de bulunan ve \u00e7ok say\u0131da okuyucunun u\u011frak yeri olan Vahidpa\u015fa \u0130l Halk K\u00fct\u00fcphanesi 01 Haziran Sal\u0131 g\u00fcn\u00fcnden beri kitap say\u0131m\u0131 nedeniyle okuyucular\u0131na hizmet vermiyor. Okuyucular;&#8221; Yaz tatili d\u00f6neminde k\u00fct\u00fcphane kapal\u0131 olur mu? K\u00fct\u00fcphane hi\u00e7 tatile girer mi&#8221; \u015feklinde tepkilerini dile getiriyorlar.<\/p>\n<p>Yaz tatili nedeniyle bo\u015f vakitlerini kitap okuyarak de\u011ferlendirmek isteyen veya \u00e7e\u015fitli kaynaklardan faydalanmak isteyenler k\u00f6t\u00fc bir s\u00fcrprizle kar\u015f\u0131la\u015f\u0131yor. K\u00f6t\u00fc s\u00fcrpriz ise K\u00fctahya&#8217;n\u0131n en b\u00fcy\u00fck k\u00fct\u00fcphanelerinden biri say\u0131lan Vahidpa\u015fa \u0130l Halk K\u00fct\u00fcphanesi yakla\u015f\u0131k bir bu\u00e7uk ayd\u0131r okuyucular\u0131na kitap say\u0131m\u0131 nedeniyle hizmet veremiyor. K\u00fct\u00fcphanenin yakla\u015f\u0131k iki ay daha kapal\u0131 kalaca\u011f\u0131n\u0131 belirten Vahidpa\u015fa K\u00fct\u00fcphanesi yetkilileri, kitap say\u0131m\u0131 sonu\u00e7lanmadan okuyucular\u0131na hizmet veremeyeceklerini dile getirdiler. Yaz tatili d\u00f6neminde Vahidpa\u015fa K\u00fct\u00fcphanesinin kapal\u0131 olmas\u0131na tepki g\u00f6steren baz\u0131 okuyucu gruplar\u0131 ve \u00f6\u011frenciler ise tepkilerini \u015f\u00f6yle dile getirdiler:<\/p>\n<p style=\"text-align: justify;\" align=\"justify\">&#8220;Biz yaz tatilimizi kitap okuyarak ge\u00e7irmek istiyoruz. \u00d6\u011frenci oldu\u011fumuz i\u00e7in her hafta yeni bir kitap almaya b\u00fct\u00e7emiz el vermiyor. Biz Vahidpa\u015fa K\u00fct\u00fcphanesinden fayadalan\u0131yorduk. Ancak 01 Haziran&#8217;dan beri bu k\u00fct\u00fcphane kapal\u0131 ve iki ay daha kapal\u0131 kalacakm\u0131\u015f. Yani yaz tatili boyunca bu k\u00fct\u00fcphaneden fayadalanamayaca\u011f\u0131z. Yetkililerin bu k\u00fct\u00fcphaneyi biran \u00f6nce hizmete koymalar\u0131n\u0131 istiyoruz.&#8221; \u015feklinde tepkilerini dile getirdiler.\u00a0<strong><\/strong><\/p>\n<p style=\"text-align: justify;\">Kaynak: <a href=\"http:\/\/www.akisgazetesi.com.tr\/\" target=\"_blank\">http:\/\/www.akisgazetesi.com.tr<\/a><\/p>\n","protected":false},"excerpt":{"rendered":"<p>Okullar\u0131n yaz tatiline girmesi ile birlikte yaz tatillerini kitap okuyarak de\u011ferlendirmek isteyen K\u00fctahyal\u0131 \u00f6\u011frenciler veya kitap okumak isteyen vatanda\u015flar yaz tatilinde hayal k\u0131r\u0131kl\u0131\u011f\u0131na u\u011frad\u0131lar. \u00c7\u00fcnk\u00fc K\u00fctahya Merkez&#8217;de bulunan ve \u00e7ok say\u0131da okuyucunun u\u011frak yeri olan Vahidpa\u015fa \u0130l Halk K\u00fct\u00fcphanesi 01 Haziran Sal\u0131 g\u00fcn\u00fcnden beri kitap say\u0131m\u0131 nedeniyle okuyucular\u0131na hizmet vermiyor. Okuyucular;&#8221; Yaz tatili d\u00f6neminde k\u00fct\u00fcphane [&hellip;]<\/p>\n","protected":false},"author":1,"featured_media":0,"comment_status":"open","ping_status":"open","sticky":false,"template":"","format":"standard","meta":{"footnotes":""},"categories":[1],"tags":[],"class_list":["post-1247","post","type-post","status-publish","format-standard","hentry","category-genel"],"_links":{"self":[{"href":"https:\/\/www.bbyhaber.com\/bby\/wp-json\/wp\/v2\/posts\/1247"}],"collection":[{"href":"https:\/\/www.bbyhaber.com\/bby\/wp-json\/wp\/v2\/posts"}],"about":[{"href":"https:\/\/www.bbyhaber.com\/bby\/wp-json\/wp\/v2\/types\/post"}],"author":[{"embeddable":true,"href":"https:\/\/www.bbyhaber.com\/bby\/wp-json\/wp\/v2\/users\/1"}],"replies":[{"embeddable":true,"href":"https:\/\/www.bbyhaber.com\/bby\/wp-json\/wp\/v2\/comments?post=1247"}],"version-history":[{"count":0,"href":"https:\/\/www.bbyhaber.com\/bby\/wp-json\/wp\/v2\/posts\/1247\/revisions"}],"wp:attachment":[{"href":"https:\/\/www.bbyhaber.com\/bby\/wp-json\/wp\/v2\/media?parent=1247"}],"wp:term":[{"taxonomy":"category","embeddable":true,"href":"https:\/\/www.bbyhaber.com\/bby\/wp-json\/wp\/v2\/categories?post=1247"},{"taxonomy":"post_tag","embeddable":true,"href":"https:\/\/www.bbyhaber.com\/bby\/wp-json\/wp\/v2\/tags?post=1247"}],"curies":[{"name":"wp","href":"https:\/\/api.w.org\/{rel}","templated":true}]}}