{"id":12462,"date":"2013-12-04T12:45:04","date_gmt":"2013-12-04T10:45:04","guid":{"rendered":"http:\/\/www.bbyhaber.com\/bby\/?p=12462"},"modified":"2016-01-27T11:13:23","modified_gmt":"2016-01-27T09:13:23","slug":"kutuphanecilikle-ilgili-sivil-toplum-kuruluslarinin-milli-kutuphanede-yasananlara-dair-basin-duyurusu","status":"publish","type":"post","link":"https:\/\/www.bbyhaber.com\/bby\/2013\/12\/04\/kutuphanecilikle-ilgili-sivil-toplum-kuruluslarinin-milli-kutuphanede-yasananlara-dair-basin-duyurusu","title":{"rendered":"K\u00fct\u00fcphanecilikle ilgili sivil toplum kurulu\u015flar\u0131n\u0131n Milli K\u00fct\u00fcphane&#8217;de ya\u015fananlara dair bas\u0131n duyurusu"},"content":{"rendered":"<p style=\"text-align: justify;\"><a href=\"http:\/\/www.bbyhaber.com\/bby\/wp-content\/uploads\/2013\/12\/tkd-ankos-unak.jpg\"><img loading=\"lazy\" decoding=\"async\" class=\"alignleft size-medium wp-image-12463\" title=\"tkd-ankos-unak\" src=\"http:\/\/www.bbyhaber.com\/bby\/wp-content\/uploads\/2013\/12\/tkd-ankos-unak.jpg\" alt=\"\" width=\"182\" height=\"84\" \/><\/a>Milli K\u00fct\u00fcphane ile ilgili olarak bas\u0131nda yer alan, <em>\u2018y\u0131llarca kimse u\u011framad\u0131\u011f\u0131 i\u00e7in kap\u0131lar\u0131 \u00f6r\u00fcmcek a\u011f\u0131 ba\u011flayan depo\u2019<\/em> haberleri k\u00fct\u00fcphanecileri ve k\u00fct\u00fcphane camias\u0131n\u0131 \u015fa\u015fk\u0131nl\u0131\u011fa sevk etmi\u015f ve de \u00fczm\u00fc\u015ft\u00fcr. Bu nedenle T\u00fcrkiye k\u00fct\u00fcphanecilik camias\u0131, \u00fcyesi olduklar\u0131 k\u00fct\u00fcphanecilik meslek \u00f6rg\u00fctlerinin konuya ili\u015fkin kamuoyunu do\u011fru olarak bilgilendirmelerini talep etmektedirler. Bu do\u011frultuda T\u00fcrk K\u00fct\u00fcphaneciler Derne\u011fi (TKD), \u00dcniversite ve Ara\u015ft\u0131rma K\u00fct\u00fcphanecileri Derne\u011fi (\u00dcNAK), Anadolu \u00dcniversite K\u00fct\u00fcphaneleri Konsorsiyumu Derne\u011fi (ANKOS), olarak Milli K\u00fct\u00fcphane\u2019 deki\u201d son geli\u015fmeler konusunda taraflarla g\u00f6r\u00fc\u015f\u00fclm\u00fc\u015f ve bir bas\u0131n duyurusu yay\u0131nlanmas\u0131na karar verilmi\u015ftir.<!--more--><\/p>\n<p style=\"text-align: justify;\">Milli K\u00fct\u00fcphane yak\u0131n bir zamanda, ba\u011fl\u0131 oldu\u011fu K\u00fclt\u00fcr ve Turizm Bakanl\u0131\u011f\u0131n\u0131n denetim birimleri taraf\u0131ndan denetlenmi\u015f ve konuya ili\u015fkin \u00e7e\u015fitli raporlar haz\u0131rlanm\u0131\u015ft\u0131r.\u00a0 Milli K\u00fct\u00fcphane ile ilgili olarak haz\u0131rlanan raporlar dahi incelendi\u011finde, s\u00f6z konusu bas\u0131n haberlerinin ger\u00e7e\u011fi yans\u0131tmad\u0131\u011f\u0131 anla\u015f\u0131lmaktad\u0131r.<\/p>\n<p style=\"text-align: justify;\">Bu raporlarda her y\u0131l hangi depoda ne kadar i\u015flem yap\u0131ld\u0131\u011f\u0131 ayr\u0131nt\u0131lar\u0131 ile anlat\u0131lmaktad\u0131r. 2010 y\u0131l\u0131nda d\u00fczenlenen raporun ilgili b\u00f6l\u00fcm\u00fcnde; bas\u0131nda \u00e7\u0131kan haberlerde 8-10 y\u0131ld\u0131r girilmedi\u011fi belirtilen Ba\u011f\u0131\u015f deposundan (m\u00fckerrer depo, ba\u011f\u0131\u015f fazlas\u0131 depo olarak da bilinmektedir) 7.500 adet kitab\u0131n talepte bulunan k\u00fct\u00fcphanelere g\u00f6nderildi\u011fini ve 1.500 adedinin ise Milli K\u00fct\u00fcphane koleksiyonuna eklendi\u011fi g\u00f6r\u00fclmektedir. 2011 y\u0131l\u0131nda 2.658 kitab\u0131n koleksiyona eklendi\u011fi, 698 kitab\u0131n ba\u015fka k\u00fct\u00fcphanelere g\u00f6nderildi\u011fi, 2012 y\u0131l\u0131nda ise 315 kitab\u0131n koleksiyona eklendi\u011fi, 2.111 kitab\u0131n ise ba\u015fka k\u00fct\u00fcphanelere g\u00f6nderildi\u011fi g\u00f6r\u00fclmektedir.<\/p>\n<p style=\"text-align: justify;\">T\u00fcrk Oca\u011f\u0131 koleksiyonuna ise 12 Eyl\u00fcl darbesi ile birlikte el konulmu\u015f ve koleksiyon y\u0131llarca sahipsiz kalm\u0131\u015ft\u0131r. Bu koleksiyon 2008 y\u0131l\u0131nda bir protokolle Milli K\u00fct\u00fcphane\u2019ye devredilmi\u015ftir. Koleksiyon teslim al\u0131nd\u0131\u011f\u0131nda genel durumun hi\u00e7 de iyi olmad\u0131\u011f\u0131 anla\u015f\u0131lmaktad\u0131r. Konuyla ilgili olarak \u00fc\u00e7 ki\u015fiden olu\u015fan bir komisyon kurulmu\u015f, komisyon bu koleksiyondaki kitaplar\u0131 dillerine g\u00f6re tasnif etmi\u015f, say\u0131m\u0131n\u0131 yapm\u0131\u015f ve raporunu Milli K\u00fct\u00fcphane Ba\u015fkanl\u0131\u011f\u0131\u2019na sunmu\u015ftur. Bu rapor Mili K\u00fct\u00fcphane\u2019de de mevcuttur. S\u00f6z konusu raporda \u00f6zetle; bir miktar kitab\u0131n kullan\u0131lamayacak \u015fekilde kerpi\u00e7le\u015fmi\u015f oldu\u011fu, bir k\u0131sm\u0131n\u0131n cilt b\u00fct\u00fcnl\u00fc\u011f\u00fc olmayan sayfa y\u0131\u011f\u0131nlar\u0131 \u015feklinde, bir k\u0131sm\u0131n\u0131n ise i\u00e7i bo\u015f cilt kapaklar\u0131ndan ibaret oldu\u011fu, ayr\u0131ca birka\u00e7 koli i\u00e7erisinde at\u0131k ka\u011f\u0131t y\u0131\u011f\u0131nlar\u0131 halinde kitap sayfalar\u0131n\u0131n tespit edildi\u011fi 04.10.2012 tarihinde tutanak alt\u0131na al\u0131nm\u0131\u015ft\u0131r.<\/p>\n<p style=\"text-align: justify;\">Milli K\u00fct\u00fcphane\u2019de g\u00f6revli k\u00fct\u00fcphaneci k\u00f6kenli b\u00fcrokratlar\u0131n yerine Say\u0131n K\u00fclt\u00fcr ve Turizm Bakan\u0131n\u0131n tasarrufuyla maalesef meslek d\u0131\u015f\u0131ndan ki\u015filerin getirilmesinin hemen akabinde, bas\u0131nda bu t\u00fcr yanl\u0131 haberlerin yer alm\u0131\u015f olmas\u0131 mesleki kamuoyunda \u015f\u00fcpheyle kar\u015f\u0131lanm\u0131\u015f, ayr\u0131ca gerek K\u00fclt\u00fcr ve Turizm Bakanl\u0131\u011f\u0131\u2019n\u0131n gerek \u00fclkemizin g\u00f6zbebe\u011fi Milli K\u00fct\u00fcphane\u2019nin gerekse k\u00fct\u00fcphanecilik mesle\u011finin imaj\u0131na zarar vermi\u015ftir.\u00a0 Bu nedenle k\u00fct\u00fcphanecilikle ilgili sivil toplum kurulu\u015flar\u0131 platformu olarak Say\u0131n K\u00fclt\u00fcr ve Turizm Bakan\u0131\u2019n\u0131n Milli K\u00fct\u00fcphaneyi bizzat ziyaret etmesini, durumu yerinde g\u00f6rmesini ve kamuoyunu tarafs\u0131z ve do\u011fru olarak bilgilendirmesini arzu ediyoruz. \u00c7\u00fcnk\u00fc Milli K\u00fct\u00fcphaneler bir \u00fclkede, yaz\u0131l\u0131, bas\u0131l\u0131 ve elektronik olarak \u00fcretilen her t\u00fcrl\u00fc materyalin gelecek nesiller i\u00e7in toplar, saklar ve hizmete sunarlar. Bu ba\u011flamda Milli K\u00fct\u00fcphaneler ulusal bilim merkezi olarak, bir \u00fclkenin en se\u00e7kin k\u00fct\u00fcphanesi olma gururunu ta\u015f\u0131rlar. Bizim \u00fclkemizden farkl\u0131 olarak d\u00fcnyada bir\u00e7ok Milli K\u00fct\u00fcphane \u00f6zerk yap\u0131ya da sahiptirler. \u0130htiya\u00e7 duyduklar\u0131 alanlarda nitelikli personeli kendileri istihdam edebilmekte, \u00f6zerk yap\u0131lar\u0131 dolay\u0131s\u0131yla ayr\u0131lan b\u00fct\u00e7e d\u0131\u015f\u0131nda gelir getirici faaliyetlerde bulunabilmekte ve elde edilen gelirleri k\u00fct\u00fcphanenin daha iyi hizmet vermesi i\u00e7in kullanabilmektedirler. \u00d6zellikle milli k\u00fct\u00fcphaneler i\u00e7in gerekli olan ve y\u00fcksek \u00fccret gerektiren bilgi teknolojileri alan\u0131ndaki personel a\u00e7\u0131\u011f\u0131n\u0131 da bu yolla gidermektedirler. Hemen hemen b\u00fct\u00fcn Avrupa \u00fclkeleri; Milli K\u00fct\u00fcphanelerinde k\u00fct\u00fcphanenin rutin faaliyetleri d\u0131\u015f\u0131nda vizonunu olu\u015fturan ve buna y\u00f6nelik kararlar al\u0131p, uygulanmas\u0131 noktas\u0131nda irade koyan de\u011fi\u015fik alanlardan uzmanlar\u0131n ve STK temsilcilerinin olu\u015fturdu\u011fu bir y\u00f6netim kurulu bulunmaktad\u0131r. Bu y\u00f6netim kurulunda h\u00fck\u00fcmet ad\u0131na milletvekilleri ya da senat\u00f6rler bulunmakta dolay\u0131s\u0131yla sorunlar\u0131n \u00e7\u00f6z\u00fcm\u00fc daha h\u0131zl\u0131 olabilmektedir.<\/p>\n<p style=\"text-align: justify;\">Say\u0131n K\u00fclt\u00fcr ve Turizm Bakan\u0131 \u00d6mer \u00c7EL\u0130K\u2019in <em>\u2018Milli K\u00fct\u00fcphane milli k\u00fclt\u00fcr\u00fcn kalesidir\u2019<\/em> beyanat\u0131, \u00e7ok uzun zamanlardan beri s\u00fcregelen Milli K\u00fct\u00fcphane\u2019deki temel sorunlar\u0131n a\u015f\u0131lmas\u0131na Say\u0131n Bakan\u0131n verece\u011fi deste\u011fin bir ifadesi olarak alg\u0131lanm\u0131\u015ft\u0131r. Dolay\u0131s\u0131yla Say\u0131n Bakan\u2019\u0131n Bilgi Toplumu a\u015famas\u0131nda olan T\u00fcrkiye\u2019nin g\u00f6z bebe\u011fi kurumlar\u0131ndan olan ve Avrupa Birli\u011fi\u2019nden \u00f6d\u00fcl alm\u0131\u015f Milli K\u00fct\u00fcphane\u2019nin en az\u0131ndan Avrupa Birli\u011fi standartlar\u0131nda hizmet verebilmesi i\u00e7in ba\u015fta yeterli say\u0131da ihtisas eleman\u0131 temini gibi y\u0131llarca a\u015f\u0131lamayan sorunlar\u0131n giderilmesine destek verece\u011fini umuyoruz.<\/p>\n<p style=\"text-align: justify;\">Sonu\u00e7 olarak bilgi \u00f6zg\u00fcrl\u00fc\u011f\u00fcn\u00fc garanti alt\u0131na alan k\u00fct\u00fcphaneler, t\u00fcm d\u00fcnyada oldu\u011fu gibi \u00fclkemizde de belli siyasal g\u00f6r\u00fc\u015f ya da d\u00fc\u015f\u00fcnce do\u011frultusunda de\u011fil s\u00fcreklili\u011fi olan devlet politikalar\u0131yla desteklenmesi gerekti\u011fini d\u00fc\u015f\u00fcn\u00fcyoruz.<\/p>\n<p style=\"text-align: justify;\">Kamuoyuna sayg\u0131yla duyurulur.<\/p>\n<p style=\"text-align: justify;\">T\u00fcrk K\u00fct\u00fcphaneciler Derne\u011fi (TKD),<\/p>\n<p style=\"text-align: justify;\">\u00dcniversite ve Ara\u015ft\u0131rma K\u00fct\u00fcphanecileri Derne\u011fi (\u00dcNAK),<\/p>\n<p style=\"text-align: justify;\">Anadolu \u00dcniversite K\u00fct\u00fcphaneleri Konsorsiyumu Derne\u011fi (ANKOS)<\/p>\n","protected":false},"excerpt":{"rendered":"<p>Milli K\u00fct\u00fcphane ile ilgili olarak bas\u0131nda yer alan, \u2018y\u0131llarca kimse u\u011framad\u0131\u011f\u0131 i\u00e7in kap\u0131lar\u0131 \u00f6r\u00fcmcek a\u011f\u0131 ba\u011flayan depo\u2019 haberleri k\u00fct\u00fcphanecileri ve k\u00fct\u00fcphane camias\u0131n\u0131 \u015fa\u015fk\u0131nl\u0131\u011fa sevk etmi\u015f ve de \u00fczm\u00fc\u015ft\u00fcr. Bu nedenle T\u00fcrkiye k\u00fct\u00fcphanecilik camias\u0131, \u00fcyesi olduklar\u0131 k\u00fct\u00fcphanecilik meslek \u00f6rg\u00fctlerinin konuya ili\u015fkin kamuoyunu do\u011fru olarak bilgilendirmelerini talep etmektedirler. Bu do\u011frultuda T\u00fcrk K\u00fct\u00fcphaneciler Derne\u011fi (TKD), \u00dcniversite ve Ara\u015ft\u0131rma [&hellip;]<\/p>\n","protected":false},"author":1,"featured_media":0,"comment_status":"open","ping_status":"open","sticky":false,"template":"","format":"standard","meta":{"footnotes":""},"categories":[1475,1,1507],"tags":[1015],"class_list":["post-12462","post","type-post","status-publish","format-standard","hentry","category-ankara-milli-kutuphane","category-genel","category-unak","tag-ankos"],"_links":{"self":[{"href":"https:\/\/www.bbyhaber.com\/bby\/wp-json\/wp\/v2\/posts\/12462"}],"collection":[{"href":"https:\/\/www.bbyhaber.com\/bby\/wp-json\/wp\/v2\/posts"}],"about":[{"href":"https:\/\/www.bbyhaber.com\/bby\/wp-json\/wp\/v2\/types\/post"}],"author":[{"embeddable":true,"href":"https:\/\/www.bbyhaber.com\/bby\/wp-json\/wp\/v2\/users\/1"}],"replies":[{"embeddable":true,"href":"https:\/\/www.bbyhaber.com\/bby\/wp-json\/wp\/v2\/comments?post=12462"}],"version-history":[{"count":0,"href":"https:\/\/www.bbyhaber.com\/bby\/wp-json\/wp\/v2\/posts\/12462\/revisions"}],"wp:attachment":[{"href":"https:\/\/www.bbyhaber.com\/bby\/wp-json\/wp\/v2\/media?parent=12462"}],"wp:term":[{"taxonomy":"category","embeddable":true,"href":"https:\/\/www.bbyhaber.com\/bby\/wp-json\/wp\/v2\/categories?post=12462"},{"taxonomy":"post_tag","embeddable":true,"href":"https:\/\/www.bbyhaber.com\/bby\/wp-json\/wp\/v2\/tags?post=12462"}],"curies":[{"name":"wp","href":"https:\/\/api.w.org\/{rel}","templated":true}]}}