{"id":1245,"date":"2010-07-15T16:56:00","date_gmt":"2010-07-15T16:56:00","guid":{"rendered":"http:\/\/www.bbyhaber.com\/bby\/?p=1245"},"modified":"2011-11-18T16:56:22","modified_gmt":"2011-11-18T16:56:22","slug":"kutuphaneye-gelene-bedava-lunapark","status":"publish","type":"post","link":"https:\/\/www.bbyhaber.com\/bby\/2010\/07\/15\/kutuphaneye-gelene-bedava-lunapark","title":{"rendered":"K\u00fct\u00fcphaneye gelene bedava lunapark"},"content":{"rendered":"<p style=\"text-align: justify;\" align=\"justify\">Manavgat K\u00fct\u00fcphane M\u00fcd\u00fcrl\u00fc\u011f\u00fc (MKM), yaz d\u00f6neminde k\u00fct\u00fcphanelerini ziyaret eden \u00f6\u011frenci ve velilerini lunaparka g\u00f6t\u00fcrerek \u00f6d\u00fcllendiriyor. K\u00fct\u00fcphane, 1-13 Temmuz aras\u0131 kitapla bulu\u015fan 30 \u00f6\u011frenci ve velilerini lunaparkta 1 saat \u00fccretsiz e\u011flendirdikten sonra birer kitap hediye etti. Yaz d\u00f6neminde k\u00fct\u00fcphanelere ziyaret\u00e7i say\u0131s\u0131n\u0131n di\u011fer aylara g\u00f6re azald\u0131\u011f\u0131n\u0131 belirten M\u00fcd\u00fcr Hidayet Oktay, kitaplara ilgiyi art\u0131rmak i\u00e7in a\u011fustos ve eyl\u00fcl aylar\u0131nda da etkinliklerin devam edece\u011fini ifade etti.<\/p>\n<p style=\"text-align: justify;\" align=\"justify\">Kitap okuma al\u0131\u015fkanl\u0131\u011f\u0131 kazanmada iltifat ve ilginin \u00e7ok \u00f6nemli oldu\u011funu belirten Oktay, kitap okuma al\u0131\u015fkanl\u0131\u011f\u0131 kazanmada \u00f6rnek modelin anne ve baba oldu\u011funu s\u00f6yledi. Oktay, ge\u00e7en y\u0131l ayn\u0131 d\u00f6nemde kan ba\u011f\u0131\u015f\u0131nda bulunan herkese birer kitap hediye ettikleri kaydetti.<\/p>\n<p style=\"text-align: justify;\" align=\"justify\">Oktay, &#8220;1-13 Temmuz tarihleri aras\u0131 k\u00fct\u00fcphanemizi s\u00fcrekli ziyaret eden 30 \u00f6\u011frenci ve velisini lunaparkta e\u011flendirmeye g\u00f6t\u00fcrd\u00fck. \u00c7ocuklar\u0131m\u0131z\u0131 ve annelerini e\u011flendirirken birer kitap hediye etmeyi ihmal etmedik. K\u00fct\u00fcphane ziyareti ve kitap okumaya y\u00f6nelik etkinliklerimiz Ramazan ay\u0131 \u015fenliklerinde de devam edecek.&#8221; diye konu\u015ftu.<strong><\/strong><\/p>\n<p style=\"text-align: justify;\">Kaynak: <a href=\"http:\/\/www.haberaktuel.com\/\" target=\"_blank\">http:\/\/www.haberaktuel.com<\/a><\/p>\n","protected":false},"excerpt":{"rendered":"<p>Manavgat K\u00fct\u00fcphane M\u00fcd\u00fcrl\u00fc\u011f\u00fc (MKM), yaz d\u00f6neminde k\u00fct\u00fcphanelerini ziyaret eden \u00f6\u011frenci ve velilerini lunaparka g\u00f6t\u00fcrerek \u00f6d\u00fcllendiriyor. K\u00fct\u00fcphane, 1-13 Temmuz aras\u0131 kitapla bulu\u015fan 30 \u00f6\u011frenci ve velilerini lunaparkta 1 saat \u00fccretsiz e\u011flendirdikten sonra birer kitap hediye etti. Yaz d\u00f6neminde k\u00fct\u00fcphanelere ziyaret\u00e7i say\u0131s\u0131n\u0131n di\u011fer aylara g\u00f6re azald\u0131\u011f\u0131n\u0131 belirten M\u00fcd\u00fcr Hidayet Oktay, kitaplara ilgiyi art\u0131rmak i\u00e7in a\u011fustos ve eyl\u00fcl [&hellip;]<\/p>\n","protected":false},"author":1,"featured_media":0,"comment_status":"open","ping_status":"open","sticky":false,"template":"","format":"standard","meta":{"footnotes":""},"categories":[1],"tags":[],"class_list":["post-1245","post","type-post","status-publish","format-standard","hentry","category-genel"],"_links":{"self":[{"href":"https:\/\/www.bbyhaber.com\/bby\/wp-json\/wp\/v2\/posts\/1245"}],"collection":[{"href":"https:\/\/www.bbyhaber.com\/bby\/wp-json\/wp\/v2\/posts"}],"about":[{"href":"https:\/\/www.bbyhaber.com\/bby\/wp-json\/wp\/v2\/types\/post"}],"author":[{"embeddable":true,"href":"https:\/\/www.bbyhaber.com\/bby\/wp-json\/wp\/v2\/users\/1"}],"replies":[{"embeddable":true,"href":"https:\/\/www.bbyhaber.com\/bby\/wp-json\/wp\/v2\/comments?post=1245"}],"version-history":[{"count":0,"href":"https:\/\/www.bbyhaber.com\/bby\/wp-json\/wp\/v2\/posts\/1245\/revisions"}],"wp:attachment":[{"href":"https:\/\/www.bbyhaber.com\/bby\/wp-json\/wp\/v2\/media?parent=1245"}],"wp:term":[{"taxonomy":"category","embeddable":true,"href":"https:\/\/www.bbyhaber.com\/bby\/wp-json\/wp\/v2\/categories?post=1245"},{"taxonomy":"post_tag","embeddable":true,"href":"https:\/\/www.bbyhaber.com\/bby\/wp-json\/wp\/v2\/tags?post=1245"}],"curies":[{"name":"wp","href":"https:\/\/api.w.org\/{rel}","templated":true}]}}