{"id":12440,"date":"2013-12-02T17:52:01","date_gmt":"2013-12-02T15:52:01","guid":{"rendered":"http:\/\/www.bbyhaber.com\/bby\/?p=12440"},"modified":"2014-12-07T20:19:00","modified_gmt":"2014-12-07T18:19:00","slug":"5-tkd-kampus-sohbet-gunleri-6-aralik-2013","status":"publish","type":"post","link":"https:\/\/www.bbyhaber.com\/bby\/2013\/12\/02\/5-tkd-kampus-sohbet-gunleri-6-aralik-2013","title":{"rendered":"5.TKD Kamp\u00fcs Sohbet G\u00fcnleri-6 Aral\u0131k 2013"},"content":{"rendered":"<p style=\"text-align: justify;\"><img loading=\"lazy\" decoding=\"async\" class=\"alignleft\" src=\"http:\/\/www.bbyhaber.com\/bby\/wp-content\/uploads\/bby-forum-logolar\/tkdkampus.jpg\" alt=\"\" width=\"124\" height=\"93\" \/>5. TKD Kamp\u00fcs S\u00f6yle\u015fisi, Bilkent \u00dcniversitesi K\u00fct\u00fcphane M\u00fcd\u00fcr Yard\u0131mc\u0131s\u0131 Say\u0131n\u00a0<strong>Ebru Kaya<\/strong>\u00a0ile ger\u00e7ekle\u015ftirilecektir. Say\u0131n Kaya&#8217;n\u0131n; bir k\u00fct\u00fcphanecinin \u00e7al\u0131\u015farak elde edebilece\u011fi ba\u015far\u0131lar, yeni meslekta\u015flara tavsiyeler, idealist bir k\u00fct\u00fcphanecinin nitelikleri ve kendi kariyerinin de d\u00f6n\u00fcm noktalar\u0131na de\u011finece\u011fi s\u00f6yle\u015finin tarih ve yeri a\u015fa\u011f\u0131dad\u0131r: <!--more--><\/p>\n<p>Konu\u00a0\u00a0\u00a0\u00a0 : \u201c<strong>K\u00fct\u00fcphaneci ve Gen\u00e7 K\u00fct\u00fcphaneciye Tavsiyeler<\/strong>\u201d<br \/>\nTarih\u00a0\u00a0\u00a0\u00a0\u00a0 : <span style=\"color: #0000ff;\"><strong>6 Aral\u0131k 2013<\/strong><\/span><br \/>\nSaat\u00a0\u00a0\u00a0\u00a0\u00a0 : 18:00<br \/>\nAdres\u00a0\u00a0\u00a0 : TKD Genel Merkezi \u2013 Necatibey Cad., Elg\u00fcn Sok., 8\/8 K\u0131z\u0131lay \u2013 Ankara<br \/>\nTelefon\u00a0 :\u00a0 0 312 2301325<\/p>\n<p><span style=\"color: #0000ff;\"><strong><a href=\"https:\/\/www.facebook.com\/events\/260438847443458\/\" target=\"_blank\"><span style=\"color: #0000ff;\">Facebook etkinlik sayfas\u0131<\/span><\/a><\/strong><\/span><\/p>\n<p>&nbsp;<\/p>\n","protected":false},"excerpt":{"rendered":"<p>5. TKD Kamp\u00fcs S\u00f6yle\u015fisi, Bilkent \u00dcniversitesi K\u00fct\u00fcphane M\u00fcd\u00fcr Yard\u0131mc\u0131s\u0131 Say\u0131n\u00a0Ebru Kaya\u00a0ile ger\u00e7ekle\u015ftirilecektir. Say\u0131n Kaya&#8217;n\u0131n; bir k\u00fct\u00fcphanecinin \u00e7al\u0131\u015farak elde edebilece\u011fi ba\u015far\u0131lar, yeni meslekta\u015flara tavsiyeler, idealist bir k\u00fct\u00fcphanecinin nitelikleri ve kendi kariyerinin de d\u00f6n\u00fcm noktalar\u0131na de\u011finece\u011fi s\u00f6yle\u015finin tarih ve yeri a\u015fa\u011f\u0131dad\u0131r:<\/p>\n","protected":false},"author":1,"featured_media":0,"comment_status":"open","ping_status":"open","sticky":false,"template":"","format":"standard","meta":{"footnotes":""},"categories":[1],"tags":[1395,851],"class_list":["post-12440","post","type-post","status-publish","format-standard","hentry","category-genel","tag-bby-mesleki-etkinlikler-arsivi","tag-tkd-kampus"],"_links":{"self":[{"href":"https:\/\/www.bbyhaber.com\/bby\/wp-json\/wp\/v2\/posts\/12440"}],"collection":[{"href":"https:\/\/www.bbyhaber.com\/bby\/wp-json\/wp\/v2\/posts"}],"about":[{"href":"https:\/\/www.bbyhaber.com\/bby\/wp-json\/wp\/v2\/types\/post"}],"author":[{"embeddable":true,"href":"https:\/\/www.bbyhaber.com\/bby\/wp-json\/wp\/v2\/users\/1"}],"replies":[{"embeddable":true,"href":"https:\/\/www.bbyhaber.com\/bby\/wp-json\/wp\/v2\/comments?post=12440"}],"version-history":[{"count":0,"href":"https:\/\/www.bbyhaber.com\/bby\/wp-json\/wp\/v2\/posts\/12440\/revisions"}],"wp:attachment":[{"href":"https:\/\/www.bbyhaber.com\/bby\/wp-json\/wp\/v2\/media?parent=12440"}],"wp:term":[{"taxonomy":"category","embeddable":true,"href":"https:\/\/www.bbyhaber.com\/bby\/wp-json\/wp\/v2\/categories?post=12440"},{"taxonomy":"post_tag","embeddable":true,"href":"https:\/\/www.bbyhaber.com\/bby\/wp-json\/wp\/v2\/tags?post=12440"}],"curies":[{"name":"wp","href":"https:\/\/api.w.org\/{rel}","templated":true}]}}