{"id":12428,"date":"2013-12-02T12:57:49","date_gmt":"2013-12-02T10:57:49","guid":{"rendered":"http:\/\/www.bbyhaber.com\/bby\/?p=12428"},"modified":"2014-04-22T11:20:46","modified_gmt":"2014-04-22T08:20:46","slug":"milli-kutuphanedeki-eserler-iyi-korunabiliyor-muali-fuat-kartal","status":"publish","type":"post","link":"https:\/\/www.bbyhaber.com\/bby\/2013\/12\/02\/milli-kutuphanedeki-eserler-iyi-korunabiliyor-muali-fuat-kartal","title":{"rendered":"Milli K\u00fct\u00fcphane&#8217;deki eserler iyi korunabiliyor mu?Ali Fuat Kartal"},"content":{"rendered":"<p style=\"text-align: justify;\"><img loading=\"lazy\" decoding=\"async\" class=\"alignleft\" src=\"http:\/\/kutuphaneci.org.tr\/sites\/default\/files\/kartal.jpg\" alt=\"\" width=\"198\" height=\"243\" \/>T\u00fcrk K\u00fct\u00fcphaneciler Derne\u011fi Genel Ba\u015fkan\u0131 Ali Fuat Kartal zaman i\u00e7erisinde tahrip olabilen el yazmas\u0131 eserlerin nas\u0131l korundu\u011funu, Cengiz Erdil \u2018Sesli Dosya\u2019da anlatt\u0131.\u00a0K\u00fclt\u00fcr ve Turizm Bakan\u0131 \u00d6mer \u00c7elik&#8217;in Milli K\u00fct\u00fcphane hassasiyeti \u00e7\u00fcr\u00fcmeye terkedilmi\u015f eserleri a\u00e7\u0131\u011fa \u00e7\u0131kard\u0131. Bakan \u00c7elik&#8217;in talimatlar\u0131 do\u011frultusunda bulunan depolarda kitaplar\u0131n tasnif edilmeden, balyalar halinde bekletildi\u011fi belirlendi.<!--more--><\/p>\n<p style=\"text-align: justify;\">Cengiz Erdil \u2018Sesli Dosya\u2019da bu durumu T\u00fcrk K\u00fct\u00fcphaneciler Derne\u011fi Genel Ba\u015fkan\u0131 Ali Fuat Kartal ile konu\u015ftu:<\/p>\n<p style=\"text-align: justify;\"><span style=\"color: #0000ff;\"><a href=\"http:\/\/www.rsfmradio.com\/2013_12_01\/milli-kutuphanelerdeki-eserler-iyi-korunabiliyor-mu\/\" target=\"_blank\"><span style=\"color: #0000ff;\">Dinlemek i\u00e7in l\u00fctfen t\u0131klay\u0131n\u0131z<\/span><\/a><\/span><\/p>\n","protected":false},"excerpt":{"rendered":"<p>T\u00fcrk K\u00fct\u00fcphaneciler Derne\u011fi Genel Ba\u015fkan\u0131 Ali Fuat Kartal zaman i\u00e7erisinde tahrip olabilen el yazmas\u0131 eserlerin nas\u0131l korundu\u011funu, Cengiz Erdil \u2018Sesli Dosya\u2019da anlatt\u0131.\u00a0K\u00fclt\u00fcr ve Turizm Bakan\u0131 \u00d6mer \u00c7elik&#8217;in Milli K\u00fct\u00fcphane hassasiyeti \u00e7\u00fcr\u00fcmeye terkedilmi\u015f eserleri a\u00e7\u0131\u011fa \u00e7\u0131kard\u0131. Bakan \u00c7elik&#8217;in talimatlar\u0131 do\u011frultusunda bulunan depolarda kitaplar\u0131n tasnif edilmeden, balyalar halinde bekletildi\u011fi belirlendi.<\/p>\n","protected":false},"author":1,"featured_media":0,"comment_status":"open","ping_status":"open","sticky":false,"template":"","format":"standard","meta":{"footnotes":""},"categories":[1474,1475,1],"tags":[],"class_list":["post-12428","post","type-post","status-publish","format-standard","hentry","category-ali-fuat-kartal","category-ankara-milli-kutuphane","category-genel"],"_links":{"self":[{"href":"https:\/\/www.bbyhaber.com\/bby\/wp-json\/wp\/v2\/posts\/12428"}],"collection":[{"href":"https:\/\/www.bbyhaber.com\/bby\/wp-json\/wp\/v2\/posts"}],"about":[{"href":"https:\/\/www.bbyhaber.com\/bby\/wp-json\/wp\/v2\/types\/post"}],"author":[{"embeddable":true,"href":"https:\/\/www.bbyhaber.com\/bby\/wp-json\/wp\/v2\/users\/1"}],"replies":[{"embeddable":true,"href":"https:\/\/www.bbyhaber.com\/bby\/wp-json\/wp\/v2\/comments?post=12428"}],"version-history":[{"count":0,"href":"https:\/\/www.bbyhaber.com\/bby\/wp-json\/wp\/v2\/posts\/12428\/revisions"}],"wp:attachment":[{"href":"https:\/\/www.bbyhaber.com\/bby\/wp-json\/wp\/v2\/media?parent=12428"}],"wp:term":[{"taxonomy":"category","embeddable":true,"href":"https:\/\/www.bbyhaber.com\/bby\/wp-json\/wp\/v2\/categories?post=12428"},{"taxonomy":"post_tag","embeddable":true,"href":"https:\/\/www.bbyhaber.com\/bby\/wp-json\/wp\/v2\/tags?post=12428"}],"curies":[{"name":"wp","href":"https:\/\/api.w.org\/{rel}","templated":true}]}}