{"id":12407,"date":"2013-11-28T17:31:54","date_gmt":"2013-11-28T15:31:54","guid":{"rendered":"http:\/\/www.bbyhaber.com\/bby\/?p=12407"},"modified":"2013-11-28T17:32:13","modified_gmt":"2013-11-28T15:32:13","slug":"halksiz-kutuphane-duzce","status":"publish","type":"post","link":"https:\/\/www.bbyhaber.com\/bby\/2013\/11\/28\/halksiz-kutuphane-duzce","title":{"rendered":"Halks\u0131z K\u00fct\u00fcphane-D\u00fczce"},"content":{"rendered":"<p style=\"text-align: justify;\"><img loading=\"lazy\" decoding=\"async\" class=\"alignleft\" src=\"http:\/\/www.abanttv.com.tr\/wp-content\/uploads\/D%C3%9CZCE-B%C4%B0R-%C3%96L%C3%9C-YATIRIM.mp4_000027402-300x245.jpg\" alt=\"\" width=\"199\" height=\"126\" \/>D\u00fczce\u2019de kal\u0131c\u0131 konutlar b\u00f6lgesine yap\u0131lan ancak yap\u0131ld\u0131\u011f\u0131 yerde kimsenin olmamas\u0131 nedeniyle Vali kona\u011f\u0131 halk k\u00fct\u00fcphanesi kap\u0131lar\u0131na kilit vurdu. K\u00fct\u00fcphane binas\u0131n\u0131n yak\u0131nlar\u0131nda ise sadece D\u00fczce Valisi Ali \u0130hsan Su\u2019nun kona\u011f\u0131 bulunurken ba\u015fka yerle\u015fke de bulunmuyor. Ad\u0131n\u0131 da yak\u0131n\u0131nda bulunan<!--more--> Vali Kona\u011f\u0131\u2019ndan alan Vali Kona\u011f\u0131 Halk K\u00fct\u00fcphanesi ve \u0130nternet S\u0131n\u0131f\u0131\u2019n\u0131n neden o b\u00f6lgeye yap\u0131ld\u0131\u011f\u0131 ve kimlerin kullanaca\u011f\u0131 ise bir muamma. Yap\u0131lan k\u00fct\u00fcphanenin kap\u0131lar\u0131 da\u00a0 kullan\u0131c\u0131s\u0131 olmad\u0131\u011f\u0131 i\u00e7in kapal\u0131 duruyor.<\/p>\n<p>Kaynak:http:\/\/www.abanttv.com.tr<\/p>\n<p>&nbsp;<\/p>\n","protected":false},"excerpt":{"rendered":"<p>D\u00fczce\u2019de kal\u0131c\u0131 konutlar b\u00f6lgesine yap\u0131lan ancak yap\u0131ld\u0131\u011f\u0131 yerde kimsenin olmamas\u0131 nedeniyle Vali kona\u011f\u0131 halk k\u00fct\u00fcphanesi kap\u0131lar\u0131na kilit vurdu. K\u00fct\u00fcphane binas\u0131n\u0131n yak\u0131nlar\u0131nda ise sadece D\u00fczce Valisi Ali \u0130hsan Su\u2019nun kona\u011f\u0131 bulunurken ba\u015fka yerle\u015fke de bulunmuyor. Ad\u0131n\u0131 da yak\u0131n\u0131nda bulunan<\/p>\n","protected":false},"author":1,"featured_media":0,"comment_status":"open","ping_status":"open","sticky":false,"template":"","format":"standard","meta":{"footnotes":""},"categories":[1,1582],"tags":[848],"class_list":["post-12407","post","type-post","status-publish","format-standard","hentry","category-genel","category-kapali-kutuphaneler","tag-halk-kutuphaneleri"],"_links":{"self":[{"href":"https:\/\/www.bbyhaber.com\/bby\/wp-json\/wp\/v2\/posts\/12407"}],"collection":[{"href":"https:\/\/www.bbyhaber.com\/bby\/wp-json\/wp\/v2\/posts"}],"about":[{"href":"https:\/\/www.bbyhaber.com\/bby\/wp-json\/wp\/v2\/types\/post"}],"author":[{"embeddable":true,"href":"https:\/\/www.bbyhaber.com\/bby\/wp-json\/wp\/v2\/users\/1"}],"replies":[{"embeddable":true,"href":"https:\/\/www.bbyhaber.com\/bby\/wp-json\/wp\/v2\/comments?post=12407"}],"version-history":[{"count":0,"href":"https:\/\/www.bbyhaber.com\/bby\/wp-json\/wp\/v2\/posts\/12407\/revisions"}],"wp:attachment":[{"href":"https:\/\/www.bbyhaber.com\/bby\/wp-json\/wp\/v2\/media?parent=12407"}],"wp:term":[{"taxonomy":"category","embeddable":true,"href":"https:\/\/www.bbyhaber.com\/bby\/wp-json\/wp\/v2\/categories?post=12407"},{"taxonomy":"post_tag","embeddable":true,"href":"https:\/\/www.bbyhaber.com\/bby\/wp-json\/wp\/v2\/tags?post=12407"}],"curies":[{"name":"wp","href":"https:\/\/api.w.org\/{rel}","templated":true}]}}